{"id":999,"date":"2015-03-06T14:25:13","date_gmt":"2015-03-06T17:25:13","guid":{"rendered":"http:\/\/portalfloresnoar.com\/guiafloresnoar\/?p=999"},"modified":"2015-03-21T12:03:11","modified_gmt":"2015-03-21T15:03:11","slug":"erick-migge-guimaraes","status":"publish","type":"post","link":"https:\/\/portalfloresnoar.com\/guiafloresnoar\/erick-migge-guimaraes\/","title":{"rendered":"Erick Migge Guimar\u00e3es"},"content":{"rendered":"<p><a href=\"https:\/\/portalfloresnoar.com\/guiafloresnoar\/wp-content\/uploads\/2015\/03\/erick-migge.jpg\"><img loading=\"lazy\" class=\"alignleft  wp-image-1000\" alt=\"erick migge\" src=\"https:\/\/portalfloresnoar.com\/guiafloresnoar\/wp-content\/uploads\/2015\/03\/erick-migge.jpg\" width=\"278\" height=\"241\" srcset=\"https:\/\/portalfloresnoar.com\/guiafloresnoar\/wp-content\/uploads\/2015\/03\/erick-migge.jpg 497w, https:\/\/portalfloresnoar.com\/guiafloresnoar\/wp-content\/uploads\/2015\/03\/erick-migge-300x259.jpg 300w, https:\/\/portalfloresnoar.com\/guiafloresnoar\/wp-content\/uploads\/2015\/03\/erick-migge-150x129.jpg 150w, https:\/\/portalfloresnoar.com\/guiafloresnoar\/wp-content\/uploads\/2015\/03\/erick-migge-400x346.jpg 400w\" sizes=\"(max-width: 278px) 100vw, 278px\" \/><\/a>Erick Migge \u00e9 psic\u00f3logo formado pela FAFIRE (2007), onde tamb\u00e9m concluiu licenciatura Plena em Psicologia. Fez est\u00e1gio cl\u00ednico curricular na Abordagem Centrada na Pessoa e Orienta\u00e7\u00e3o Profissional. Fez est\u00e1gio extracurricular na \u00e1rea da Psicologia Escolar e participou de trabalhos volunt\u00e1rios em educa\u00e7\u00e3o (extens\u00e3o universit\u00e1ria) em turmas de pr\u00e9-vestibular no pr\u00e9-acad\u00eamicos Intera\u00e7\u00e3o (2005 e 2006), ligado a PROEXT UFPE, e no pr\u00e9-acad\u00eamico Atitude (2007-2010).<\/p>\n<p>Ap\u00f3s a gradua\u00e7\u00e3o come\u00e7ou um caminho de aprofundamento no conhecimento psicol\u00f3gico humano. Fez um Curso de Forma\u00e7\u00e3o de Facilitador de Grupo na Abordagem Fenomenol\u00f3gica\u2013Existencial com Afonso Lisboa (2008); e Curso de Forma\u00e7\u00e3o em Psicologia e Psicoterapia Transpessoal e Desenho de Mandala (TERRA-VIVA) (2009). Neste per\u00edodo tamb\u00e9m trabalhou em uma escola como psic\u00f3logo escolar (2009).<\/p>\n<p>Foi convidado para participar da forma\u00e7\u00e3o de jovens facilitadores da Paz na UNIPAZ\/Recife (2010); foi prestador de servi\u00e7o em Educa\u00e7\u00e3o do Projeto Travessia (Funda\u00e7\u00e3o Roberto Marinho) (2010); Participou dos dois Simp\u00f3sios Internacionais de Sa\u00fade Qu\u00e2ntica e Qualidade de Vida realizados em Recife em 2009 e 2011. Neste ultimo participou da equipe pioneira sobre estudos em Psicologia, F\u00edsica Qu\u00e2ntica e Sa\u00fade Integral.<\/p>\n<p>\u201cEste per\u00edodo foi muito significativo. Contribuiu bastante na minha forma\u00e7\u00e3o profissional e pessoal. Conhecer pessoas do estado, do Brasil e do Mundo que t\u00eam a sensibilidade e a ousadia de ver o ser humano de forma integral, nas suas m\u00faltiplas dimens\u00f5es, e buscar uma pr\u00e1tica mais refinada \u00e0s necessidades humanas atuais foi fundamental pra o meu aperfei\u00e7oamento profissional. Ouvi muitas ideias que eu j\u00e1 nutria dentro de mim, mas n\u00e3o encontrava suporte dentro do conhecimento que tive na gradua\u00e7\u00e3o\u201d.<\/p>\n<p>Fez palestra com os temas: \u201cConhece-te a ti mesmo\u201d, UNIPAZ-SP (janeiro 2011); \u201cExpans\u00e3o da Consci\u00eancia\u201d, na UNIPAZ-PE (maio de 2011); \u201cCuidar do Cuidador\u201d, Semana de Enfermagem da FUNESO, no Espa\u00e7o Ci\u00eancia, e no Audit\u00f3rio da FIR (maio 2011); \u201cComunica\u00e7\u00e3o N\u00e3o violenta\u201d, Semana de Enfermagem, Hospital da Restaura\u00e7\u00e3o (maio 2011); participou da entrevista na r\u00e1dio Conex\u00e3o UFPE Sa\u00fade com o tema: \u201cPorque Adoecemos?\u201d (Novembro 2013); e participou da palestra \u201cTerapia de Vida Passada: Rompendo as Barreiras da Exist\u00eancia\u201d, como mediador de mesa na FAFIRE &#8211; Maio 2014).<\/p>\n<p>Desde 2013 iniciou um trabalho espec\u00edfico de divulga\u00e7\u00e3o sobre Psicologia Transpessoal, proferindo palestras e cursos de introdu\u00e7\u00e3o nesta abordagem. Realizou palestras na FAFIRE (2013) e na Faculdade dos Guararapes (2014), e tr\u00eas turmas do Curso de Introdu\u00e7\u00e3o \u00e0 Psicologia Transpessoal. Neste per\u00edodo criou a logomarca <strong>PHOENIX \u2013 Centro de atendimento e estudo em Psicologia Transpessoal<\/strong>, criando mais um espa\u00e7o espec\u00edfico desta abordagem no Recife-PE.<\/p>\n<p>Realiza atendimento individual (crian\u00e7as, adolescentes, adultos e idoso), palestras, cursos e promove o ciclo de oficinas vivenciais tem\u00e1ticas com o eixo central: \u201cUma jornada para Integra\u00e7\u00e3o Psicol\u00f3gica\u201d. Todas com a abordagem da Psicologia Transpessoal como base. Al\u00e9m disso, pretende abrir grupos terap\u00eauticos e continuar a divulgar este conhecimento nas universidade, faculdades e para a popula\u00e7\u00e3o em geral.<\/p>\n<p><strong>Fone:\u00a0<\/strong>(81) 8832-3250 (oi-whatsapp)\/ 9801-0232 (tim)<br \/>\n<strong>End:<\/strong>\u00a0Rua Herm\u00f3genes de Morais, N\u00b0149, Madalena,\u00a0Recife, PE<br \/>\n<strong>Site:<\/strong>\u00a0<a href=\"http:\/\/phoenixpsicologiat.wix.com\/pcpt\" target=\"_blank\">http:\/\/<wbr \/>phoenixpsicologiat.wix.com\/<wbr \/>pcpt<\/a><br \/>\n<strong>E-mail:<\/strong>\u00a0<a href=\"mailto:phoenix.psicologiatranspessoal@gmail.com\" target=\"_blank\">phoenix.<wbr \/>psicologiatranspessoal@gmail.<wbr \/>com<\/a><\/p>\n","protected":false},"excerpt":{"rendered":"<p>Erick Migge \u00e9 psic\u00f3logo formado pela FAFIRE (2007), onde tamb\u00e9m concluiu licenciatura Plena em Psicologia. Fez est\u00e1gio cl\u00ednico curricular na Abordagem Centrada na Pessoa e Orienta\u00e7\u00e3o Profissional. Fez est\u00e1gio extracurricular na \u00e1rea da Psicologia Escolar e participou de trabalhos volunt\u00e1rios em educa\u00e7\u00e3o (extens\u00e3o universit\u00e1ria) em turmas de pr\u00e9-vestibular no pr\u00e9-acad\u00eamicos Intera\u00e7\u00e3o (2005 e 2006), ligado [&#8230;] <a href=\"https:\/\/portalfloresnoar.com\/guiafloresnoar\/erick-migge-guimaraes\/\">Leia mais<\/a><\/p>\n","protected":false},"author":1,"featured_media":1000,"comment_status":"closed","ping_status":"closed","sticky":false,"template":"","format":"standard","meta":[],"categories":[56,19,22,8],"tags":[164],"_links":{"self":[{"href":"https:\/\/portalfloresnoar.com\/guiafloresnoar\/wp-json\/wp\/v2\/posts\/999"}],"collection":[{"href":"https:\/\/portalfloresnoar.com\/guiafloresnoar\/wp-json\/wp\/v2\/posts"}],"about":[{"href":"https:\/\/portalfloresnoar.com\/guiafloresnoar\/wp-json\/wp\/v2\/types\/post"}],"author":[{"embeddable":true,"href":"https:\/\/portalfloresnoar.com\/guiafloresnoar\/wp-json\/wp\/v2\/users\/1"}],"replies":[{"embeddable":true,"href":"https:\/\/portalfloresnoar.com\/guiafloresnoar\/wp-json\/wp\/v2\/comments?post=999"}],"version-history":[{"count":4,"href":"https:\/\/portalfloresnoar.com\/guiafloresnoar\/wp-json\/wp\/v2\/posts\/999\/revisions"}],"predecessor-version":[{"id":1019,"href":"https:\/\/portalfloresnoar.com\/guiafloresnoar\/wp-json\/wp\/v2\/posts\/999\/revisions\/1019"}],"wp:featuredmedia":[{"embeddable":true,"href":"https:\/\/portalfloresnoar.com\/guiafloresnoar\/wp-json\/wp\/v2\/media\/1000"}],"wp:attachment":[{"href":"https:\/\/portalfloresnoar.com\/guiafloresnoar\/wp-json\/wp\/v2\/media?parent=999"}],"wp:term":[{"taxonomy":"category","embeddable":true,"href":"https:\/\/portalfloresnoar.com\/guiafloresnoar\/wp-json\/wp\/v2\/categories?post=999"},{"taxonomy":"post_tag","embeddable":true,"href":"https:\/\/portalfloresnoar.com\/guiafloresnoar\/wp-json\/wp\/v2\/tags?post=999"}],"curies":[{"name":"wp","href":"https:\/\/api.w.org\/{rel}","templated":true}]}}