

{"id":9767,"date":"2013-06-27T22:39:26","date_gmt":"2013-06-28T01:39:26","guid":{"rendered":"http:\/\/portalfloresnoar.com\/floresnoar\/?p=9767"},"modified":"2013-06-27T22:40:25","modified_gmt":"2013-06-28T01:40:25","slug":"conheca-a-proposta-de-parto-humanizado-com-musica-na-entrevista-com-o-maestro-gil","status":"publish","type":"post","link":"https:\/\/portalfloresnoar.com\/floresnoar\/conheca-a-proposta-de-parto-humanizado-com-musica-na-entrevista-com-o-maestro-gil\/","title":{"rendered":"Conhe\u00e7a a proposta de &#8216;Parto Humanizado com M\u00fasica&#8217;, na entrevista com o maestro Gil"},"content":{"rendered":"<p><img decoding=\"async\" loading=\"lazy\" class=\" wp-image-9766 alignleft\" alt=\"parto humanizado\" src=\"http:\/\/portalfloresnoar.com\/floresnoar\/wp-content\/uploads\/2013\/06\/parto-humanizado.jpg\" width=\"392\" height=\"294\" srcset=\"https:\/\/portalfloresnoar.com\/floresnoar\/wp-content\/uploads\/2013\/06\/parto-humanizado.jpg 560w, https:\/\/portalfloresnoar.com\/floresnoar\/wp-content\/uploads\/2013\/06\/parto-humanizado-300x225.jpg 300w, https:\/\/portalfloresnoar.com\/floresnoar\/wp-content\/uploads\/2013\/06\/parto-humanizado-150x112.jpg 150w, https:\/\/portalfloresnoar.com\/floresnoar\/wp-content\/uploads\/2013\/06\/parto-humanizado-400x300.jpg 400w\" sizes=\"(max-width: 392px) 100vw, 392px\" \/><em>Conhe\u00e7a na entrevista abaixo a proposta de Parto Humanizado com M\u00fasica, um projeto do maestro pernambucano Gilvanildo Am\u00e2ncio!<\/em><\/p>\n<p><strong>Qual \u00e9 a proposta do parto humanizado qu\u00e2ntico com m\u00fasica?<\/strong><br \/>\nA m\u00fasica \u00e9 uma das linguagens mais tenras da humanidade e sempre acompanha o ser humano nos momentos mais importantes. Neste contexto, justificamos a pr\u00e1tica de m\u00fasica personalizada, estruturada a partir do olhar cient\u00edfico e acad\u00eamico, associado \u00e0s possibilidades de pr\u00e1ticas integrativas desde o pr\u00e9-natal. Esta ideia foi desenvolvida na ocasi\u00e3o em que estava na Universidade Nova de Lisboa, observando as se\u00e7\u00f5es do Laborat\u00f3rio de M\u00fasica e Comunica\u00e7\u00e3o na Inf\u00e2ncia do CESEM &#8211; Centro de Estudos de Sociologia e Est\u00e9tica Musical. Um dos principais te\u00f3ricos, pesquisador e investigador chamam-se Edwin Gordon, no qual nos baseamos para fundamentar os aspectos que relacionam a psicologia da apreens\u00e3o da linguagem musical infantil com o desenvolvimento da musicalidade da crian\u00e7a. H\u00e1 uma forte base cient\u00edfica, j\u00e1 pesquisada, na \u00e1rea de psicologia e sobretudo neurologia que fundamentam que alguns sons de bisturis e ferramentas cir\u00fargicas nas salas g\u00e9lidas dos partos colocam o feto em estado de inquietude pelo senso de auto-preserva\u00e7\u00e3o da esp\u00e9cie. Assim, os sons configurados com &#8220;ru\u00eddo-brancos&#8221; (sons da natureza: terra \u00e1gua, ar e fogo) harmonizam os ambientes, tanto f\u00edsicos como ps\u00edquicos.<\/p>\n<p><strong>Como surgiu essa ideia de promover a pr\u00e1tica de m\u00fasica ao vivo durante o Parto?<\/strong><br \/>\nO fil\u00f3sofo S\u00f3crates afirmou que tudo vem de Deus e volta para Ele. Dessa forma pensamos na possibilidade dessa inova\u00e7\u00e3o para ampliar a qualidade do processo de receptivo de novas vidas vindas ao Planeta Terra com m\u00fasica e musicalidade junto \u00e0s parturientes. Academicamente n\u00e3o \u00e9 novidade a influ\u00eancia da m\u00fasica no per\u00edodo intra-uterino. M\u00fasica durante o processo de gesta\u00e7\u00e3o j\u00e1 \u00e9 uma mat\u00e9ria bem tratada pela musicoterapia, inclusive depois do nascimento tamb\u00e9m. H\u00e1 vasta literatura sobre a influ\u00eancia da m\u00fasica para beb\u00eas rec\u00e9m-nascidos, mas n\u00e3o h\u00e1 muitas refer\u00eancias no instante do parto. Exceto as pesquisas emp\u00edricas com base etnomusicol\u00f3gicas que documentam o ato de cantar coletivamente durante todo o processo de nascimento em algumas tribos e comunidades mais ligadas a conviv\u00eancias naturistas, distantes das polis como as conhecemos. \u00c9 plenamente poss\u00edvel resgatarmos nossas ra\u00edzes &#8220;in natura&#8221; e proporcionarmos cada vez mais partos com menos dores e mais prazeres (equil\u00edbrio, harmonias). Pessoas mais felizes, perspectivas de melhor humanidade. Eu ficaria imensamente feliz se ao nascer tivesse havido uma comiss\u00e3o de recep\u00e7\u00e3o com fam\u00edlia, amor e arte. Ent\u00e3o criei este projeto.<\/p>\n<p><strong>Fale um pouco sobre voc\u00ea e sua trajet\u00f3ria como m\u00fasico que busca colocar a arte \u00e0 servi\u00e7o da humaniza\u00e7\u00e3o.<\/strong><br \/>\nNasci no bairro da Bomba do Hemet\u00e9rio, no Recife, onde residi por v\u00e1rias d\u00e9cadas. Professor, pesquisador e pequeno empres\u00e1rio, com resid\u00eancia jur\u00eddica no mesmo bairro. Pianista, regente coral e orquestral. Realizador Coral com 1.200 vozes. Criador da Tecnologia M\u00fasico-Biol\u00f3gica. Criador do projeto M\u00fasica nas Necr\u00f3poles para desenvolver intelig\u00eancia emocional coletiva e aliviar os pesares do Dia de Finados com Arte. Projetos Turismo Cient\u00edfico no Sert\u00e3o de Pernambuco (Astronomia)- Uma solu\u00e7\u00e3o social que vem do C\u00e9u, Turismo Social com Responsabilidade Social Pessoal e de Nova Estrutura de M\u00fasica para o Planeta Terra, entre outros.<br \/>\nQual a metodologia utilizada?<\/p>\n<p>O princ\u00edpio da metodologia: Cada cora\u00e7\u00e3o tem uma batida \u00fanica. Existe um &#8220;DNA&#8221; r\u00edtmico para cada pessoa. A medi\u00e7\u00e3o que experimentamos do cora\u00e7\u00e3o de dezenas de beb\u00eas em condi\u00e7\u00e3o intrauterina e de centenas de pessoas em diversas faixas et\u00e1rias possibilitou a medi\u00e7\u00e3o da &#8220;velocidade dos batimentos card\u00edacos&#8221; a que chamamos cad\u00eancia. Cada pessoa tem uma batida \u00fanica no mundo. O procedimento para esta afirma\u00e7\u00e3o foi liquidado pela centimetragem dos batimentos. Quantas vezes um cora\u00e7\u00e3o bate por minuto, por segundo, por um d\u00e9cimo, um cent\u00e9simo de segundo gerar\u00e1 uma d\u00edzima peri\u00f3dica que ser\u00e1 de um \u00fanico cora\u00e7\u00e3o-autor.<\/p>\n<p>Ent\u00e3o quando a crian\u00e7a vai nascer, conseguimos ampliar os batimentos do cora\u00e7\u00e3o da crian\u00e7a com pequenos microfones de alta-sensibilidade e assim perceber a cad\u00eancia r\u00edtmica daquele instante que poder\u00e1 variar, milimetricamente para mais ou para menos e assim ajustar a m\u00fasica ao tempo po\u00e9tico principal: O exato momento do nascimento &#8211; o &#8220;tempo presente&#8221;.<\/p>\n<p>Primeiro \u00e9 feita a composi\u00e7\u00e3o musical personalizada para o beb\u00ea a partir do recolhimento da cetimetragem cadencial do cora\u00e7\u00e3o do bebe, atrav\u00e9s dos exames de ultrassonografia. Depois, a apresenta\u00e7\u00e3o da proposta a m\u00e3e parturiente e m\u00e9dica acompanhante. E por \u00faltimo a apresenta\u00e7\u00e3o da proposta de inova\u00e7\u00e3o e agrega\u00e7\u00e3o de valor diferencial e humanit\u00e1rio ao Hospital e Plano de Sa\u00fade.<\/p>\n<p><strong>Como acontece a execu\u00e7\u00e3o da m\u00fasica qu\u00e2ntica e o que acontece com o beb\u00ea?<\/strong><br \/>\nDever\u00e1 acontecer de forma modular e flex\u00edvel ao processo vital de nascimento, portanto, de maneira flex\u00edvel, sens\u00edvel, com leituras e releituras atentas \u00e0 necessidade de ajustes instant\u00e2neos, inclusive de silenciar a fonte sonora totalmente ou parcialmente. Nada dever\u00e1 ocorrer com formato engessado, pois a vida \u00e9 sempre din\u00e2mica e fluida. Como a execu\u00e7\u00e3o \u00e9 dividida por m\u00f3dulos, em cada etapa o resultado esperado \u00e9 diferente.<\/p>\n<p><strong>Dentro dessa perspectiva o que \u00e9 musicalmente executado?<\/strong><br \/>\n\u00c9 dividido por m\u00f3dulos:<br \/>\nM\u00f3dulo I \u2013 Religare: (m\u00fasica calma) &#8211; Nesse momento ser\u00e1 produzida m\u00fasica com sentido religioso contempor\u00e2neo, expressando a inten\u00e7\u00e3o de religar o homem\/criatura ao Criador com sons leves e singelos. Esses sons ter\u00e3o o objetivo e efeito repousante do ponto de vista muscular. Dever\u00e1 aumentar a produ\u00e7\u00e3o de neurotransmissores respons\u00e1veis pelo bom estado de equil\u00edbrio do sistema dinamog\u00eanico. A fun\u00e7\u00e3o de m\u00fasica nesse momento singelo e m\u00e1gico \u00e9 estimular processos de amplia\u00e7\u00e3o da naturalidade do parto, do conforto da m\u00e3e e a equipe. No sentido de melhorar a qualidade j\u00e1 existente nos trabalhos profissionais transcorridos no cen\u00e1rio atual. A m\u00fasica ambientar\u00e1 o local com uma configura\u00e7\u00e3o confort\u00e1vel, aumentando o teor do prazer de ser e existir, produzir, reproduzir, soar, e ressoar. Crian\u00e7as que nas\u00e7am nessa atmosfera ter\u00e3o chances de expandirem seus processos de afina\u00e7\u00f5es simb\u00f3licas numa grelha arquet\u00edpica mais ampla.<\/p>\n<p>M\u00f3dulo II \u2013 (m\u00fasica natureza) \u2013 Estruturas mel\u00f3dicas, cientificamente projetadas, interligando-a aos elementos da natureza como terra, \u00e1gua, ar e fogo. Nesse momento, do parto, em que o c\u00e9rebro primitivo assume o controle, todos os fluxos energ\u00e9ticos vitais passam a se movimentar diretivamente com ess\u00eancia da natureza em expans\u00e3o. Esse di\u00e1logo silencioso com a ess\u00eancia da vida, do nascer, ser\u00e1 refor\u00e7ado com sons musicais com a intencionalidade de reconhecimento e gratid\u00e3o a entidade f\u00f4lego vital. A Terra e \u00c1gua est\u00e3o representadas no corpo\/\u00fatero da mulher, assim como o Ar e o Fogo, respectivamente, est\u00e3o presentes na vida da parturiente e do rebento que vai nascer. O Fogo representa ainda, nossa centelha divina, part\u00edcula luminosa que salta de um corpo incandescente grandioso e nos fecunda. A m\u00fasica do segundo m\u00f3dulo far\u00e1 rever\u00eancia a esses conceitos e indicadores.<\/p>\n<p>M\u00f3dulo III \u2013 (m\u00fasica para o rec\u00e9m chegado) &#8211; Receptivo espec\u00edfico para o Bebe dizendo: seja bem vindo. Esse ser\u00e1 o momento de tocar a m\u00fasica feita com exclusividade, de forma personalizada para o Bebe a partir do seu DNA sonoro (r\u00edtmico, cadencial, mel\u00f3dico, harm\u00f4nico) identificado pelo compositor de m\u00fasica qu\u00e2ntica. Essa composi\u00e7\u00e3o ser\u00e1 o resultado s\u00edntese, dos contatos e estudos pr\u00e9vios que identificaram as faixas frequ\u00eancias e elementares de luz e sons num ato de gratid\u00e3o a vida com \u201cV\u201d grande.<\/p>\n<p><strong>Qual a infraestrutura utilizada?<\/strong><br \/>\nPiano de Cauda esterilizados, Grupo de M\u00fasica de C\u00e2mara composto por uma m\u00e9dia de seis m\u00fasicos, um c\u00e2mera man para registros de imagens que servir\u00e3o para autoscopia\/avalia\u00e7\u00e3o da proposta. A forma\u00e7\u00e3o de m\u00fasica de conjunto poder\u00e1 ser quaisquer estruturas, desde que atenda o bem-estar de todos os principais personagens envolvidos.<\/p>\n<p><strong>Quais os resultados esperados?<\/strong><br \/>\nA amplia\u00e7\u00e3o da qualidade nos servi\u00e7os de parto, do feto sa\u00eddo \u00e0 luz, a augura\u00e7\u00e3o de uma forma especial no ato de parir natural da antiga P\u00e1rtia (part\u00faria).<\/p>\n<p>Esperamos contar com ades\u00e3o de outras maternidades particulares da Maternidade Hospital Portugu\u00eas do Recife que fez o primeiro parto e a Maternidade Escola da Universidade de Pernambuco.<\/p>\n<p>Aguardamos a oportunidade de discutir esta quest\u00e3o nas pol\u00edticas nacional de sa\u00fade e forma\u00e7\u00e3o de profissionais. Buscamos parceiros para implementa\u00e7\u00e3o mercadol\u00f3gica, posteriormente as fundamenta\u00e7\u00f5es cient\u00edficas que poder\u00e3o ser melhor embasadas.<\/p>\n<p>Conjecturar a inciativa pioneira no Brasil de um Plano de Sa\u00fade que ofere\u00e7a esta possibilidade, para fazer hist\u00f3ria requalificada nos nascimentos e oferecer aos clientes e ao novo mercado consumidor do S\u00e9culo XXI o que buscam com o seu poder de compra: A satisfa\u00e7\u00e3o de ser diferente e poder melhorar cada vez mais e mais a vida transformando-a num ato de viver um fen\u00f4meno especial: receber um mais novo membro familiar com pr\u00e1ticas integrativas no pr\u00e9 e p\u00f3s-natal, com parto humanizado e sobretudo, de forma exclusiva, com arte.<\/p>\n<p>MAIS INFORMA\u00c7\u00d5ES:<br \/>\n<a href=\"http:\/\/musicanoparto.blogspot.com\/\" target=\"_blank\">http:\/\/musicanoparto.blogspot.<wbr \/>com<\/a><\/p>\n<p><a href=\"https:\/\/www.racius.com\/universus-escritorio-de-artes-producoes-artisticas-e-culturais-lda-sucursal-em-portugal\/\" target=\"_blank\">https:\/\/www.racius.com\/<wbr \/>universus-escritorio-de-artes-<wbr \/>producoes-artisticas-e-<wbr \/>culturais-lda-sucursal-em-<wbr \/>portugal\/<\/a><\/p>\n<p><a href=\"http:\/\/www.recife.pe.gov.br\/2009\/12\/20\/coral_de_estudantes_leva_espirito_natatalino_ao_geraldao_169886.php\" target=\"_blank\">http:\/\/www.recife.pe.gov.br\/<wbr \/>2009\/12\/20\/coral_de_<wbr \/>estudantes_leva_espirito_<wbr \/>natatalino_ao_geraldao_169886.<wbr \/>php<\/a><\/p>\n<p><a href=\"http:\/\/musicanoparto.blogspot.com.br\/\" target=\"_blank\">http:\/\/musicanoparto.blogspot.<wbr \/>com.br\/<\/a><\/p>\n<p><a href=\"http:\/\/concertoparavida.blogspot.com.br\/\" target=\"_blank\">http:\/\/concertoparavida.<wbr \/>blogspot.com.br\/<\/a><\/p>\n<p><a href=\"https:\/\/drive.google.com\/?pli=1&amp;authuser=0#search\/CRA\" target=\"_blank\">https:\/\/drive.google.com\/?pli=<wbr \/>1&amp;authuser=0#search\/CRA<\/a><\/p>\n<p><a href=\"http:\/\/caravanadeluzcultural.blogspot.com.br\/\" target=\"_blank\">http:\/\/caravanadeluzcultural.<wbr \/>blogspot.com.br\/<\/a><\/p>\n<p><b>\u00a0<\/b><a href=\"http:\/\/musicaeastronomia.blogspot.com.br\/\" target=\"_blank\">http:\/\/musicaeastronomia.<wbr \/>blogspot.com.br\/<\/a><\/p>\n<p><a href=\"http:\/\/www.youtube.com\/watch?v=USX07vIJZFs\" target=\"_blank\">http:\/\/www.youtube.com\/watch?<wbr \/>v=USX07vIJZFs<\/a><\/p>\n","protected":false},"excerpt":{"rendered":"<p>Conhe\u00e7a na entrevista abaixo a proposta de Parto Humanizado com M\u00fasica, um projeto do maestro pernambucano Gilvanildo Am\u00e2ncio! Qual \u00e9 a proposta do parto humanizado qu\u00e2ntico com m\u00fasica? A m\u00fasica \u00e9 uma das linguagens mais tenras da humanidade e sempre acompanha o ser humano nos momentos mais importantes. Neste contexto, justificamos a pr\u00e1tica de m\u00fasica [&hellip;]<\/p>\n","protected":false},"author":1,"featured_media":9766,"comment_status":"open","ping_status":"open","sticky":false,"template":"","format":"standard","meta":{"om_disable_all_campaigns":false,"_monsterinsights_skip_tracking":false,"_monsterinsights_sitenote_active":false,"_monsterinsights_sitenote_note":"","_monsterinsights_sitenote_category":0,"footnotes":""},"categories":[11],"tags":[39],"acf":[],"publishpress_future_action":{"enabled":false,"date":"1969-12-31 21:00:00","action":"","terms":[],"taxonomy":"","browser_timezone_offset":0},"_links":{"self":[{"href":"https:\/\/portalfloresnoar.com\/floresnoar\/wp-json\/wp\/v2\/posts\/9767"}],"collection":[{"href":"https:\/\/portalfloresnoar.com\/floresnoar\/wp-json\/wp\/v2\/posts"}],"about":[{"href":"https:\/\/portalfloresnoar.com\/floresnoar\/wp-json\/wp\/v2\/types\/post"}],"author":[{"embeddable":true,"href":"https:\/\/portalfloresnoar.com\/floresnoar\/wp-json\/wp\/v2\/users\/1"}],"replies":[{"embeddable":true,"href":"https:\/\/portalfloresnoar.com\/floresnoar\/wp-json\/wp\/v2\/comments?post=9767"}],"version-history":[{"count":0,"href":"https:\/\/portalfloresnoar.com\/floresnoar\/wp-json\/wp\/v2\/posts\/9767\/revisions"}],"wp:featuredmedia":[{"embeddable":true,"href":"https:\/\/portalfloresnoar.com\/floresnoar\/wp-json\/wp\/v2\/media\/9766"}],"wp:attachment":[{"href":"https:\/\/portalfloresnoar.com\/floresnoar\/wp-json\/wp\/v2\/media?parent=9767"}],"wp:term":[{"taxonomy":"category","embeddable":true,"href":"https:\/\/portalfloresnoar.com\/floresnoar\/wp-json\/wp\/v2\/categories?post=9767"},{"taxonomy":"post_tag","embeddable":true,"href":"https:\/\/portalfloresnoar.com\/floresnoar\/wp-json\/wp\/v2\/tags?post=9767"}],"curies":[{"name":"wp","href":"https:\/\/api.w.org\/{rel}","templated":true}]}}