

{"id":948,"date":"2012-07-03T18:51:20","date_gmt":"2012-07-03T21:51:20","guid":{"rendered":"http:\/\/portalfloresnoar.hospedagemdesites.ws\/floresnoar\/?p=948"},"modified":"2014-09-24T18:43:08","modified_gmt":"2014-09-24T21:43:08","slug":"retrospectiva-do-curta-doze-e-meia","status":"publish","type":"post","link":"https:\/\/portalfloresnoar.com\/floresnoar\/retrospectiva-do-curta-doze-e-meia\/","title":{"rendered":"Retrospectiva do Curta Doze e Meia"},"content":{"rendered":"<p><a href=\"http:\/\/portalfloresnoar.hospedagemdesites.ws\/floresnoar\/?attachment_id=949\" rel=\"attachment wp-att-949\"><img decoding=\"async\" loading=\"lazy\" class=\"size-full wp-image-949 alignleft\" title=\"cartaz-julho[1]\" src=\"http:\/\/portalfloresnoar.hospedagemdesites.ws\/floresnoar\/wp-content\/uploads\/2012\/07\/cartaz-julho1.jpg\" alt=\"\" width=\"343\" height=\"484\" srcset=\"https:\/\/portalfloresnoar.com\/floresnoar\/wp-content\/uploads\/2012\/07\/cartaz-julho1.jpg 343w, https:\/\/portalfloresnoar.com\/floresnoar\/wp-content\/uploads\/2012\/07\/cartaz-julho1-212x300.jpg 212w\" sizes=\"(max-width: 343px) 100vw, 343px\" \/><\/a>\u00a0O Curta Doze e Meia retoma suas atividades e realiza uma retrospectiva com alguns dos v\u00eddeos que tiveram maior destaque entre o p\u00fablico nas tem\u00e1ticas anteriores. As sess\u00f5es da \u201cRetrospectiva Curta Doze e Meia\u201d acontecer\u00e3o todas as quintas-feiras de julho e em duas do m\u00eas de agosto. Ap\u00f3s a exibi\u00e7\u00e3o h\u00e1 um bate papo descontra\u00eddo com o p\u00fablico presente. As atividades do cineclube ocorrem no audit\u00f3rio do Centro Cultural Correios \u2013 CCC Recife, sempre \u00e0s 12h30, com entrada gratuita.<\/p>\n<p>O Cineclube Curta Doze e Meia \u00e9 uma iniciativa de cineclubistas de Pernambuco &#8211; que j\u00e1 desenvolvem atividades com exibi\u00e7\u00e3o de filmes em diferentes regi\u00f5es do Estado \u2013 e conta com o apoio do Centro Cultural Correios, Coletivo NegoBom, Regional Nordeste do Minist\u00e9rio da Cultura, Sambada Comunica\u00e7\u00e3o e Cultura e do Cineclube Maca\u00edba.<\/p>\n<p>CONECTE-SE CONOSCO:<br \/>\nTwitter: http:\/\/twitter.com\/curtadozemeia<br \/>\nFacebook: http:\/\/www.facebook.com\/pages\/CurtaDozeMeia<br \/>\nYouTube: http:\/\/www.youtube.com\/user\/curtadozemeia<\/p>\n<p>Servi\u00e7o:<br \/>\nRetrospectiva Curta Doze e Meia<br \/>\nDias 05, 12, 19 e 26 de julho<br \/>\ne 09 e 23 de agosto de 2012<br \/>\nQuintas-feiras, \u00e0s 12h30<br \/>\nENTRADA GRATUITA<br \/>\nAudit\u00f3rio do Centro Cultural Correios \u2013 CCC Recife<br \/>\nAv. Marqu\u00eas de Olinda, 262 \u2013 Bairro do Recife<br \/>\nInforma\u00e7\u00f5es: (81) 9223-2182 (Ruth Pinho) \/ (81) 9873-3576 (Amanda Ramos)<\/p>\n<p>curtadozemeia@gmail.com<\/p>\n<p>http:\/\/curtadozemeia.blogspot.com<\/p>\n","protected":false},"excerpt":{"rendered":"<p>\u00a0O Curta Doze e Meia retoma suas atividades e realiza uma retrospectiva com alguns dos v\u00eddeos que tiveram maior destaque entre o p\u00fablico nas tem\u00e1ticas anteriores. As sess\u00f5es da \u201cRetrospectiva Curta Doze e Meia\u201d acontecer\u00e3o todas as quintas-feiras de julho e em duas do m\u00eas de agosto. Ap\u00f3s a exibi\u00e7\u00e3o h\u00e1 um bate papo descontra\u00eddo [&hellip;]<\/p>\n","protected":false},"author":1,"featured_media":950,"comment_status":"open","ping_status":"open","sticky":false,"template":"","format":"standard","meta":{"om_disable_all_campaigns":false,"_monsterinsights_skip_tracking":false,"_monsterinsights_sitenote_active":false,"_monsterinsights_sitenote_note":"","_monsterinsights_sitenote_category":0,"footnotes":""},"categories":[8,214],"tags":[63],"acf":[],"publishpress_future_action":{"enabled":false,"date":"1969-12-31 21:00:00","action":"","terms":[],"taxonomy":"","browser_timezone_offset":0},"_links":{"self":[{"href":"https:\/\/portalfloresnoar.com\/floresnoar\/wp-json\/wp\/v2\/posts\/948"}],"collection":[{"href":"https:\/\/portalfloresnoar.com\/floresnoar\/wp-json\/wp\/v2\/posts"}],"about":[{"href":"https:\/\/portalfloresnoar.com\/floresnoar\/wp-json\/wp\/v2\/types\/post"}],"author":[{"embeddable":true,"href":"https:\/\/portalfloresnoar.com\/floresnoar\/wp-json\/wp\/v2\/users\/1"}],"replies":[{"embeddable":true,"href":"https:\/\/portalfloresnoar.com\/floresnoar\/wp-json\/wp\/v2\/comments?post=948"}],"version-history":[{"count":0,"href":"https:\/\/portalfloresnoar.com\/floresnoar\/wp-json\/wp\/v2\/posts\/948\/revisions"}],"wp:featuredmedia":[{"embeddable":true,"href":"https:\/\/portalfloresnoar.com\/floresnoar\/wp-json\/wp\/v2\/media\/950"}],"wp:attachment":[{"href":"https:\/\/portalfloresnoar.com\/floresnoar\/wp-json\/wp\/v2\/media?parent=948"}],"wp:term":[{"taxonomy":"category","embeddable":true,"href":"https:\/\/portalfloresnoar.com\/floresnoar\/wp-json\/wp\/v2\/categories?post=948"},{"taxonomy":"post_tag","embeddable":true,"href":"https:\/\/portalfloresnoar.com\/floresnoar\/wp-json\/wp\/v2\/tags?post=948"}],"curies":[{"name":"wp","href":"https:\/\/api.w.org\/{rel}","templated":true}]}}