

{"id":806,"date":"2012-07-02T08:50:55","date_gmt":"2012-07-02T11:50:55","guid":{"rendered":"http:\/\/portalfloresnoar.hospedagemdesites.ws\/floresnoar\/?p=806"},"modified":"2014-09-24T18:43:09","modified_gmt":"2014-09-24T21:43:09","slug":"curso-de-formacao-em-terapia-floral-a-partir-de-28-de-setembro","status":"publish","type":"post","link":"https:\/\/portalfloresnoar.com\/floresnoar\/curso-de-formacao-em-terapia-floral-a-partir-de-28-de-setembro\/","title":{"rendered":"Curso de Forma\u00e7\u00e3o em Terapia Floral, a partir de 28 de setembro"},"content":{"rendered":"<p><a href=\"http:\/\/portalfloresnoar.hospedagemdesites.ws\/floresnoar\/?attachment_id=807\" rel=\"attachment wp-att-807\"><img decoding=\"async\" loading=\"lazy\" class=\"alignleft size-full wp-image-807\" title=\"florais\" src=\"http:\/\/portalfloresnoar.hospedagemdesites.ws\/floresnoar\/wp-content\/uploads\/2012\/07\/florais.jpg\" alt=\"\" width=\"210\" height=\"194\" \/><\/a>III Programa de Certifica\u00e7\u00e3o da FLOWER ESSENCE SOCIETY- em Recife<\/p>\n<p>A utiliza\u00e7\u00e3o da Terapia Floral nos Programas de Sa\u00fade, t\u00eam solicitado profissionais cada vez mais qualificados para o exerc\u00edcio profissional.\u00a0A Flower Essence Society \u00e9 uma organiza\u00e7\u00e3o n\u00e3o governamental sediada na Calif\u00f3rnia(USA), comprometida com a pesquisa,forma\u00e7\u00e3o de terapeutas e preparo de ess\u00eancias florais oriundas da flora nativa californiana.Fundada em 1979 por Richar Katz e Patricia Kaminsky, conta com mais de 50.000 terapeutas certificados em todo o mundo.<\/p>\n<p>H\u00e1 5 anos este curso tamb\u00e9m vem sendo oferecido no Brasil, atrav\u00e9s de seus terapeutas autorizados.<\/p>\n<p>Professora autorizada da Flower Essence Society<br \/>\nTEREZA GUIMAR\u00c3ES<br \/>\nM\u00e9dica Homeopata<br \/>\nPractitioner da Flower Essence Society<\/p>\n<p>MODULO 1: 28,29 E 30 DE SETEMBRO DE 2012<br \/>\nMODULO 2: 16,17 E 18 DE NOVEMBRO DE 2012<br \/>\nMODULO 3: 26, 27 E 28 DE JANEIRO DE 2013<br \/>\nMODULO 4: 23, 24 E 25 DE MAR\u00c7O DE 2013<!--more--><\/p>\n<p>INSCRI\u00c7\u00d5ES AT\u00c9 01 DE SETEMBRO<br \/>\nVAGAS: 15 ALUNOS<br \/>\nVALOR POR M\u00d3DULO: R$ 400,00<br \/>\nMATERIAL DID\u00c1TICO INCLUIDO<\/p>\n<p>INSCRI\u00c7\u00d5ES:<br \/>\nCentro Logos Espa\u00e7o Terapeutico<br \/>\nRua desembargador Edmundo Jord\u00e3o 262,Tamarineira-Recife<br \/>\nFONES:(81)32684473 \/86054473<br \/>\nwww.centrologos.com.br<br \/>\nE-mail: contato@centrologos.com.br<\/p>\n<p>O CURSO EM RECIFE REALIZA-SE EM 2 ETAPAS:<br \/>\nETAPA 1: 4 MODULOS TE\u00d3RICO\/PR\u00c1TICOS, TOTALIZANDO 60 HORAS\/AULA.<br \/>\nETAPA 2: PROGRAMA DE ACOMPANHAMENTO SUPERVISIONADO POR 6 MESES, PARA A ORIENTA\u00c7\u00c3O DAS MONOGRAFIAS<br \/>\nMODULO 1: 28,29 e 30 DE SETEMBRO<br \/>\nEste modulo prop\u00f5e uma introdu\u00e7\u00e3o ao conhecimento da flora californiana.Iremos conhecer os campos onde s\u00e3o preparados os florais e um pouco da hist\u00f3ria do surgimento da Flower Essence Society.Vamos estudar os princ\u00edpios da pesquisa dos florais californianos(12 Janelas de Percep\u00e7\u00e3o da Planta) com \u00eanfase no conhecimento das fam\u00edlias bot\u00e2nicas, baseando-nos no olhar Goethiano do Conhecimento.<br \/>\nMODULO 2: 16,17 e 18 DE NOVEMBRO<br \/>\nEste modulo conta a hist\u00f3ria e as pesquisas do Dr. Bach(idealizador do sistema de terapia com os florais), reconhecendo a abrang\u00eancia desta forma terap\u00eautica.Vamos estudar Anatomia Sutil,identificando a atua\u00e7\u00e3o dos florais sobre os centros de energia do corpo(chackras, meridianos e nadis) e sua interface com a sa\u00fade biopsicoemocional.Aprenderemos a acompanhar e identificar os 4 est\u00e1gios de desenvolvimento(4R\u00b4s) do processo terap\u00eautico com os florais.<br \/>\nMODULO 3: 26,27 e 28 DE JANEIRO DE 2013<br \/>\nEste modulo ter\u00e1 um formato te\u00f3rico vivencial,atrav\u00e9s de exerc\u00edcios pr\u00e1ticos para o estudo e identifica\u00e7\u00e3o dos 8 Metan\u00edveis.Iremos aprender a diferenciar entre ess\u00eancia \u201cchave\u201d e ess\u00eancia\u201dtipo\u201d, al\u00e9m de reconhecer os crit\u00e9rios para a sele\u00e7\u00e3o das ess\u00eancias, seu preparo e modo de administra\u00e7\u00e3o.<\/p>\n<p>MODULO 4: 23,24 e 25 DE MAR\u00c7O DE 2013<br \/>\nNeste modulo vamos discutir a interlocu\u00e7\u00e3o dos florais com outras modalidades terap\u00eauticas, estabelecendo os alcances e limites deste recurso de cuidados.Iremos reconhecer a import\u00e2ncia do planejamento terap\u00eautico e as v\u00e1rias formas de trabalhar com os florais.Veremos que a Terapia Floral \u00e9 uma pr\u00e1tica alqu\u00edmica, renovando nossos conceitos de sa\u00fade e doen\u00e7a.Iremos discutir \u00e9tica e responsabilidade no exerc\u00edcio da atividade de Terapeuta Floral.<\/p>\n<p><span style=\"color: #ffffff;\">&#8211;<\/span><br \/>\n<span style=\"color: #ffffff;\"> &#8211;<\/span><br \/>\n<script type=\"text\/javascript\">\/\/ <![CDATA[\ngoogle_ad_client = \"ca-pub-6774921656048980\"; \/* banner normal *\/ google_ad_slot = \"2987505043\"; google_ad_width = 468; google_ad_height = 60;\n\/\/ ]]><\/script><br \/>\n<script type=\"text\/javascript\" src=\"http:\/\/pagead2.googlesyndication.com\/pagead\/show_ads.js\">\/\/ <![CDATA[\n\n\n\/\/ ]]><\/script><\/p>\n","protected":false},"excerpt":{"rendered":"<p>III Programa de Certifica\u00e7\u00e3o da FLOWER ESSENCE SOCIETY- em Recife A utiliza\u00e7\u00e3o da Terapia Floral nos Programas de Sa\u00fade, t\u00eam solicitado profissionais cada vez mais qualificados para o exerc\u00edcio profissional.\u00a0A Flower Essence Society \u00e9 uma organiza\u00e7\u00e3o n\u00e3o governamental sediada na Calif\u00f3rnia(USA), comprometida com a pesquisa,forma\u00e7\u00e3o de terapeutas e preparo de ess\u00eancias florais oriundas da flora [&hellip;]<\/p>\n","protected":false},"author":1,"featured_media":808,"comment_status":"open","ping_status":"open","sticky":false,"template":"","format":"standard","meta":{"om_disable_all_campaigns":false,"_monsterinsights_skip_tracking":false,"_monsterinsights_sitenote_active":false,"_monsterinsights_sitenote_note":"","_monsterinsights_sitenote_category":0,"footnotes":""},"categories":[8,214],"tags":[70],"acf":[],"publishpress_future_action":{"enabled":false,"date":"1969-12-31 21:00:00","action":"","terms":[],"taxonomy":"","browser_timezone_offset":0},"_links":{"self":[{"href":"https:\/\/portalfloresnoar.com\/floresnoar\/wp-json\/wp\/v2\/posts\/806"}],"collection":[{"href":"https:\/\/portalfloresnoar.com\/floresnoar\/wp-json\/wp\/v2\/posts"}],"about":[{"href":"https:\/\/portalfloresnoar.com\/floresnoar\/wp-json\/wp\/v2\/types\/post"}],"author":[{"embeddable":true,"href":"https:\/\/portalfloresnoar.com\/floresnoar\/wp-json\/wp\/v2\/users\/1"}],"replies":[{"embeddable":true,"href":"https:\/\/portalfloresnoar.com\/floresnoar\/wp-json\/wp\/v2\/comments?post=806"}],"version-history":[{"count":0,"href":"https:\/\/portalfloresnoar.com\/floresnoar\/wp-json\/wp\/v2\/posts\/806\/revisions"}],"wp:featuredmedia":[{"embeddable":true,"href":"https:\/\/portalfloresnoar.com\/floresnoar\/wp-json\/wp\/v2\/media\/808"}],"wp:attachment":[{"href":"https:\/\/portalfloresnoar.com\/floresnoar\/wp-json\/wp\/v2\/media?parent=806"}],"wp:term":[{"taxonomy":"category","embeddable":true,"href":"https:\/\/portalfloresnoar.com\/floresnoar\/wp-json\/wp\/v2\/categories?post=806"},{"taxonomy":"post_tag","embeddable":true,"href":"https:\/\/portalfloresnoar.com\/floresnoar\/wp-json\/wp\/v2\/tags?post=806"}],"curies":[{"name":"wp","href":"https:\/\/api.w.org\/{rel}","templated":true}]}}