

{"id":7879,"date":"2013-04-26T10:18:15","date_gmt":"2013-04-26T13:18:15","guid":{"rendered":"http:\/\/portalfloresnoar.com\/floresnoar\/?p=7879"},"modified":"2013-04-26T10:47:18","modified_gmt":"2013-04-26T13:47:18","slug":"protecao-espiritual-por-bruno-j-gimenes","status":"publish","type":"post","link":"https:\/\/portalfloresnoar.com\/floresnoar\/protecao-espiritual-por-bruno-j-gimenes\/","title":{"rendered":"&#8216;Prote\u00e7\u00e3o Espiritual&#8217;, por Bruno J. Gimenes*"},"content":{"rendered":"<pre>(texto originalmente publicado em: <a href=\"http:\/\/www.luzdaserra.com.br\/2309\/protecao-espiritual\/\" target=\"_blank\">http:\/\/www.luzdaserra.com.br\/2309\/protecao-espiritual\/<\/a>)<\/pre>\n<p>A RECEITA INFAL\u00cdVEL<br \/>\nSempre que o assunto \u00e9 prote\u00e7\u00e3o espiritual normalmente costumamos abord\u00e1-lo sob uma vis\u00e3o muito estreita, mas tamb\u00e9m temos o h\u00e1bito de considerar que a t\u00e3o almejada prote\u00e7\u00e3o espiritual \u00e9 conquistada em algum lugar externo, com a ajuda de uma solu\u00e7\u00e3o m\u00e1gica ou com uma receita infal\u00edvel.<\/p>\n<p>Realmente existe uma receita para a conquista da verdadeira prote\u00e7\u00e3o espiritual, que n\u00e3o \u00e9 um amuleto, tampouco um patu\u00e1 ou um ritual espec\u00edfico. N\u00e3o estou dizendo que alguns elementos externos n\u00e3o sejam acess\u00f3rios importantes na busca de um estado seguro de equil\u00edbrio espiritual, entretanto o principal elemento que determina a genu\u00edna prote\u00e7\u00e3o espiritual \u00e9 viver a verdade a cada ato.<br \/>\nS\u00f3 consegue atingir um estado de prote\u00e7\u00e3o espiritual aquele que vive a verdade da sua alma, em cada atitude e situa\u00e7\u00e3o da vida.<\/p>\n<p>A AURA HUMANA<br \/>\nO ser humano \u00e9 composto por diversos corpos, em diversas faixas de frequ\u00eancia, para facilitar vamos resumir em dois tipos: o corpo f\u00edsico e o energ\u00e9tico.<\/p>\n<p>Tudo o que acontece no corpo f\u00edsico reflete-se na estrutura do corpo energ\u00e9tico, bem como tudo o que ocorre no corpo energ\u00e9tico, reflete-se no corpo f\u00edsico. A aura humana \u00e9 exatamente o nosso corpo energ\u00e9tico.<\/p>\n<p>Assim como o planeta mant\u00e9m um campo de energia que bloqueia a passagem de asteroides e cometas na atmosfera terrestre, a aura humana serve como um escudo protetor que bloqueia o acesso de for\u00e7as negativas externas.<\/p>\n<p>A aura, psicossoma, perianto, corpo de luz, s\u00e3o nomes variados para representar o nosso sistema energ\u00e9tico ou corpo sutil. Mas o que alimenta e constitui esse campo energ\u00e9tico? Qual energia \u00e9 respons\u00e1vel por mant\u00ea-lo abastecido?<br \/>\nA for\u00e7a da vida.<\/p>\n<p>Energia vital, prana, esp\u00edrito santo, chi, ki ou manas, todos estes nomes referem-se \u00e0 mesma energia. \u00c9 a energia vital universal que abastece nosso campo energ\u00e9tico.<\/p>\n<p>A INFLU\u00caNCIA DOS PENSAMENTOS E SENTIMENTOS<br \/>\nGenericamente, recebemos a todo instante um fluxo cont\u00ednuo de energia vital, o qual abastece os nossos corpos energ\u00e9ticos e consequentemente vitaliza as fun\u00e7\u00f5es do corpo f\u00edsico.<\/p>\n<p>O corpo f\u00edsico n\u00e3o \u00e9 alimentado apenas pela energia vital, pois tamb\u00e9m depende do repouso (sono), da alimenta\u00e7\u00e3o e da respira\u00e7\u00e3o.<\/p>\n<p>Mas o corpo energ\u00e9tico \u00e9 alimentado pela energia vital que nos abastece diariamente. Ocorre que os nossos pensamentos e emo\u00e7\u00f5es t\u00eam a capacidade de influenciar a qualidade da energia vital a qual recebemos diariamente, logo, t\u00eam o poder de manter ou piorar o padr\u00e3o da energia recebida.<\/p>\n<p>Pensamentos e emo\u00e7\u00f5es negativas frequentes desarmonizam o fluxo energ\u00e9tico que constitui o campo de for\u00e7a que protege o esp\u00edrito humano de invas\u00f5es sutis de diversos aspectos.<\/p>\n<p>A PROTE\u00c7\u00c3O COME\u00c7A NA CONSCI\u00caNCIA<br \/>\n\u201cOrai e Vigiai\u201d a qualidade das emo\u00e7\u00f5es e dos pensamentos \u00e9 o melhor caminho. Voc\u00ea pode utilizar salmos, ora\u00e7\u00f5es espec\u00edficas, simpatias e rituais de prote\u00e7\u00e3o, entretanto, a for\u00e7a que alimenta a sua prote\u00e7\u00e3o espiritual \u00e9 basicamente consciencial.<\/p>\n<p>Ningu\u00e9m que esteja com um vazio consciencial enorme dentro do peito conseguir\u00e1 uma prote\u00e7\u00e3o espiritual real e duradoura utilizando-se apenas de elementos externos.<\/p>\n<p>OS DIFERENTES ATAQUES<br \/>\nPodemos sofrer invas\u00f5es energ\u00e9ticas nocivas de diversos aspectos, mas para facilitar o entendimento, vamos resumir em apenas dois tipos:<br \/>\n&#8211; Espiritual: entidades espirituais desencarnadas agem interferindo na harmonia energ\u00e9tica de uma ou mais pessoas.<br \/>\n&#8211; Mental\/Emocional: a energia de pensamentos e emo\u00e7\u00f5es negativas age de forma nociva na aura de uma ou mais pessoas.<\/p>\n<p>SEMPRE H\u00c1 TROCAS<br \/>\nQuando dois corpos se unem, depois deste encontro, jamais ser\u00e3o os mesmos, energeticamente falando. O tempo todo trocamos energias sutis com os ambientes e pessoas as quais temos contato, e nem sempre doamos fluidos de boa qualidade, bem como podemos receber flu\u00eddos nocivos. O segredo n\u00e3o \u00e9 apenas saber bloquear a capta\u00e7\u00e3o de energias sutis, mas saber transmut\u00e1-las quando absorvidas.<\/p>\n<p>E como limpar-se de energias nocivas? Como proteger-se?<\/p>\n<p>A humanidade no s\u00e9culo XXI est\u00e1 sendo banhada por uma chuva de informa\u00e7\u00f5es a cerca da evolu\u00e7\u00e3o da alma, das curas naturais e da espiritualidade, jamais antes imaginada. Aproveitando este momento primoroso, devemos incorporar em nossos h\u00e1bitos di\u00e1rios atitudes voltadas n\u00e3o somente para o bem estar do corpo f\u00edsico, mas para o corpo energ\u00e9tico. E o que pode ser feito para purificar e alimentar o corpo energ\u00e9tico?<\/p>\n<p>REZAR: Reze todos os dias! Chame esta pr\u00e1tica de prece, ora\u00e7\u00e3o ou medita\u00e7\u00e3o, o nome n\u00e3o importa. O que realmente interessa \u00e9 que voc\u00ea reserve dez minutos, tr\u00eas vezes ao dia, para se sintonizar com a For\u00e7a Maior ou Deus. Mas \u00e9 bom que voc\u00ea saiba que a prece mec\u00e2nica, a qual n\u00e3o \u00e9 feita com a for\u00e7a da gratid\u00e3o, n\u00e3o funciona.<\/p>\n<p>AMAR, PERDOAR E ACEITAR: Colocar amor em todos os atos conscientemente desenvolve a aceita\u00e7\u00e3o e o perd\u00e3o nas situa\u00e7\u00f5es conflitantes da vida. Esses momentos, quando n\u00e3o contornados com a for\u00e7a do amor, podem produzir grandes perdas de for\u00e7a no campo de energia humano, e assim facilitar os ataques.<\/p>\n<p>ESTUDAR SEMPRE, SEMPRE MESMO: Jamais deixar de aprender sobre o grande mist\u00e9rio da vida, sobre a rela\u00e7\u00e3o entre Deus e o homem, sobre a cura da alma e a eleva\u00e7\u00e3o da consci\u00eancia como um todo.<\/p>\n<p>BUSCAR A SUA VERDADE: Focar na sua miss\u00e3o espiritual desta exist\u00eancia f\u00edsica. Viva a sua vida f\u00edsica como achar que deve viver, todavia, jamais se distraia do fato de que toda alma encarnada neste mundo tem um prop\u00f3sito e que a forma mais plena de existir \u00e9 encontrar e realizar este prop\u00f3sito.<\/p>\n<p>PR\u00c1TICAS SAUD\u00c1VEIS: Receber passes nos centros esp\u00edritas, fazer yoga, reiki, exerc\u00edcios f\u00edsicos, pr\u00e1ticas bionerg\u00e9ticas, medita\u00e7\u00f5es e rir bastante, sempre contribui muito na conquista da prote\u00e7\u00e3o espiritual.<\/p>\n<p>DESMISTIFIQUE:<\/p>\n<p>-AMULETOS: S\u00e3o artefatos, normalmente produzidos pela combina\u00e7\u00e3o de elementos naturais (cristais, ervas, metais, etc.) carregados com a for\u00e7a de uma inten\u00e7\u00e3o maior, que os torna capazes de fortalecer a aura de quem os utiliza.<\/p>\n<p>-CORPO FECHADO: \u00c9 apenas um termo utilizado de forma coloquial para remeter a um indiv\u00edduo que tem um campo energ\u00e9tico mais forte. Tecnicamente falando, \u201cfechar o corpo\u201d seria muito nocivo porque implicaria em bloquear a passagem de qualquer tipo de energia, inclusive a for\u00e7a vital universal que nos abastece continuamente. Neste conceito t\u00e9cnico, ter o \u201ccorpo fechado\u201d seria uma condi\u00e7\u00e3o muito prec\u00e1ria de viver.<\/p>\n<p>-RESSON\u00c2NCIA OU SINTONIA ESPIRITUAL: O que voc\u00ea pensa, sente e acredita est\u00e1 sempre ligado ao que voc\u00ea manifesta em sua constitui\u00e7\u00e3o \u00e1urica, e, por conseguinte, determina a sua sintonia espiritual. Em se tratando de invas\u00f5es espirituais, cada pessoa se sintoniza com os esp\u00edritos semelhantes em condi\u00e7\u00f5es mentais, emocionais e morais. Mudando esses aspectos no indiv\u00edduo, a sua resson\u00e2ncia ou sintonia mudar\u00e1 na mesma propor\u00e7\u00e3o. Portanto \u00e9 a reforma \u00edntima a porta de entrada para uma condi\u00e7\u00e3o de prote\u00e7\u00e3o espiritual.<\/p>\n<p>*<em>Bruno J. Gimenes \u2013 Escritor autor de 9 livros, entre eles Ativa\u00e7\u00f5es Espirituais e Sintonia de Luz. Professor Palestrante \u2013 Criador da Fitoenerg\u00e9tica e Cofundador do Luz da Serra (<a href=\" www.luzdaserra.com.br\" target=\"_blank\"> www.luzdaserra.com.br<\/a>) institui\u00e7\u00e3o situada na Serra ga\u00facha que \u00e9 refer\u00eancia de ensino na tem\u00e1tica da espiritualidade de evolu\u00e7\u00e3o da consci\u00eancia.<\/em><\/p>\n<p>&nbsp;<\/p>\n","protected":false},"excerpt":{"rendered":"<p>(texto originalmente publicado em: http:\/\/www.luzdaserra.com.br\/2309\/protecao-espiritual\/) A RECEITA INFAL\u00cdVEL Sempre que o assunto \u00e9 prote\u00e7\u00e3o espiritual normalmente costumamos abord\u00e1-lo sob uma vis\u00e3o muito estreita, mas tamb\u00e9m temos o h\u00e1bito de considerar que a t\u00e3o almejada prote\u00e7\u00e3o espiritual \u00e9 conquistada em algum lugar externo, com a ajuda de uma solu\u00e7\u00e3o m\u00e1gica ou com uma receita infal\u00edvel. Realmente [&hellip;]<\/p>\n","protected":false},"author":1,"featured_media":7880,"comment_status":"open","ping_status":"open","sticky":false,"template":"","format":"standard","meta":{"om_disable_all_campaigns":false,"_monsterinsights_skip_tracking":false,"_monsterinsights_sitenote_active":false,"_monsterinsights_sitenote_note":"","_monsterinsights_sitenote_category":0,"footnotes":""},"categories":[10],"tags":[33],"acf":[],"publishpress_future_action":{"enabled":false,"date":"1969-12-31 21:00:00","action":"","terms":[],"taxonomy":"","browser_timezone_offset":0},"_links":{"self":[{"href":"https:\/\/portalfloresnoar.com\/floresnoar\/wp-json\/wp\/v2\/posts\/7879"}],"collection":[{"href":"https:\/\/portalfloresnoar.com\/floresnoar\/wp-json\/wp\/v2\/posts"}],"about":[{"href":"https:\/\/portalfloresnoar.com\/floresnoar\/wp-json\/wp\/v2\/types\/post"}],"author":[{"embeddable":true,"href":"https:\/\/portalfloresnoar.com\/floresnoar\/wp-json\/wp\/v2\/users\/1"}],"replies":[{"embeddable":true,"href":"https:\/\/portalfloresnoar.com\/floresnoar\/wp-json\/wp\/v2\/comments?post=7879"}],"version-history":[{"count":0,"href":"https:\/\/portalfloresnoar.com\/floresnoar\/wp-json\/wp\/v2\/posts\/7879\/revisions"}],"wp:featuredmedia":[{"embeddable":true,"href":"https:\/\/portalfloresnoar.com\/floresnoar\/wp-json\/wp\/v2\/media\/7880"}],"wp:attachment":[{"href":"https:\/\/portalfloresnoar.com\/floresnoar\/wp-json\/wp\/v2\/media?parent=7879"}],"wp:term":[{"taxonomy":"category","embeddable":true,"href":"https:\/\/portalfloresnoar.com\/floresnoar\/wp-json\/wp\/v2\/categories?post=7879"},{"taxonomy":"post_tag","embeddable":true,"href":"https:\/\/portalfloresnoar.com\/floresnoar\/wp-json\/wp\/v2\/tags?post=7879"}],"curies":[{"name":"wp","href":"https:\/\/api.w.org\/{rel}","templated":true}]}}