

{"id":7553,"date":"2013-03-22T08:18:01","date_gmt":"2013-03-22T11:18:01","guid":{"rendered":"http:\/\/portalfloresnoar.com\/floresnoar\/?p=7553"},"modified":"2013-03-22T09:54:20","modified_gmt":"2013-03-22T12:54:20","slug":"e-preciso-que-os-pais-adaptem-suas-vidas-a-chegada-dos-pequenos-e-nao-o-contrario-entrevista-com-o-pediatra-jose-martins-filho","status":"publish","type":"post","link":"https:\/\/portalfloresnoar.com\/floresnoar\/e-preciso-que-os-pais-adaptem-suas-vidas-a-chegada-dos-pequenos-e-nao-o-contrario-entrevista-com-o-pediatra-jose-martins-filho\/","title":{"rendered":"&#8216;\u00c9 preciso que os pais adaptem suas vidas \u00e0 chegada dos pequenos, e n\u00e3o o contr\u00e1rio&#8217;, entrevista com o pediatra Jos\u00e9 Martins Filho"},"content":{"rendered":"<p>O Pediatra Jos\u00e9 Martins Filho fala sobre a import\u00e2ncia dos pais dedicarem aten\u00e7\u00e3o e tempo aos filhos.&#8217;A educa\u00e7\u00e3o dos filhos \u00e9 responsabilidade da fam\u00edlia!&#8217;<\/p>\n<p><iframe loading=\"lazy\" src=\"http:\/\/www.youtube.com\/embed\/w1CvvDWkd_0\" height=\"315\" width=\"560\" allowfullscreen=\"\" frameborder=\"0\"><\/iframe><\/p>\n","protected":false},"excerpt":{"rendered":"<p>O Pediatra Jos\u00e9 Martins Filho fala sobre a import\u00e2ncia dos pais dedicarem aten\u00e7\u00e3o e tempo aos filhos.&#8217;A educa\u00e7\u00e3o dos filhos \u00e9 responsabilidade da fam\u00edlia!&#8217;<\/p>\n","protected":false},"author":1,"featured_media":7554,"comment_status":"open","ping_status":"open","sticky":false,"template":"","format":"standard","meta":{"om_disable_all_campaigns":false,"_monsterinsights_skip_tracking":false,"_monsterinsights_sitenote_active":false,"_monsterinsights_sitenote_note":"","_monsterinsights_sitenote_category":0,"footnotes":""},"categories":[14],"tags":[120,83],"acf":[],"publishpress_future_action":{"enabled":false,"date":"1969-12-31 21:00:00","action":"","terms":[],"taxonomy":"","browser_timezone_offset":0},"_links":{"self":[{"href":"https:\/\/portalfloresnoar.com\/floresnoar\/wp-json\/wp\/v2\/posts\/7553"}],"collection":[{"href":"https:\/\/portalfloresnoar.com\/floresnoar\/wp-json\/wp\/v2\/posts"}],"about":[{"href":"https:\/\/portalfloresnoar.com\/floresnoar\/wp-json\/wp\/v2\/types\/post"}],"author":[{"embeddable":true,"href":"https:\/\/portalfloresnoar.com\/floresnoar\/wp-json\/wp\/v2\/users\/1"}],"replies":[{"embeddable":true,"href":"https:\/\/portalfloresnoar.com\/floresnoar\/wp-json\/wp\/v2\/comments?post=7553"}],"version-history":[{"count":0,"href":"https:\/\/portalfloresnoar.com\/floresnoar\/wp-json\/wp\/v2\/posts\/7553\/revisions"}],"wp:featuredmedia":[{"embeddable":true,"href":"https:\/\/portalfloresnoar.com\/floresnoar\/wp-json\/wp\/v2\/media\/7554"}],"wp:attachment":[{"href":"https:\/\/portalfloresnoar.com\/floresnoar\/wp-json\/wp\/v2\/media?parent=7553"}],"wp:term":[{"taxonomy":"category","embeddable":true,"href":"https:\/\/portalfloresnoar.com\/floresnoar\/wp-json\/wp\/v2\/categories?post=7553"},{"taxonomy":"post_tag","embeddable":true,"href":"https:\/\/portalfloresnoar.com\/floresnoar\/wp-json\/wp\/v2\/tags?post=7553"}],"curies":[{"name":"wp","href":"https:\/\/api.w.org\/{rel}","templated":true}]}}