

{"id":745,"date":"2012-06-30T19:19:57","date_gmt":"2012-06-30T22:19:57","guid":{"rendered":"http:\/\/portalfloresnoar.hospedagemdesites.ws\/floresnoar\/?p=745"},"modified":"2014-09-24T18:43:24","modified_gmt":"2014-09-24T21:43:24","slug":"da-crianca-ferida-a-crianca-divina-jornada-vivencial-de-biodanza-de-13-a-15-de-julho-em-aldeia","status":"publish","type":"post","link":"https:\/\/portalfloresnoar.com\/floresnoar\/da-crianca-ferida-a-crianca-divina-jornada-vivencial-de-biodanza-de-13-a-15-de-julho-em-aldeia\/","title":{"rendered":"Da Crian\u00e7a Ferida \u00e0 Crian\u00e7a Divina &#8211; Jornada Vivencial de Biodanza, de 13 a 15 de julho, em Aldeia"},"content":{"rendered":"<p style=\"text-align: center;\"><a href=\"http:\/\/portalfloresnoar.hospedagemdesites.ws\/floresnoar\/?attachment_id=746\" rel=\"attachment wp-att-746\"><img decoding=\"async\" loading=\"lazy\" class=\"aligncenter  wp-image-746\" title=\"cartaz\" src=\"http:\/\/portalfloresnoar.hospedagemdesites.ws\/floresnoar\/wp-content\/uploads\/2012\/07\/cartaz.jpg\" alt=\"\" width=\"580\" height=\"829\" srcset=\"https:\/\/portalfloresnoar.com\/floresnoar\/wp-content\/uploads\/2012\/07\/cartaz.jpg 715w, https:\/\/portalfloresnoar.com\/floresnoar\/wp-content\/uploads\/2012\/07\/cartaz-209x300.jpg 209w\" sizes=\"(max-width: 580px) 100vw, 580px\" \/><\/a><\/p>\n<p><span style=\"color: #ffffff;\">&#8211;<\/span><br \/>\n<span style=\"color: #ffffff;\"> &#8211;<\/span><\/p>\n<p><script type=\"text\/javascript\">\/\/ <![CDATA[\ngoogle_ad_client = \"ca-pub-6774921656048980\"; \/* banner normal *\/ google_ad_slot = \"2987505043\"; google_ad_width = 468; google_ad_height = 60;\n\/\/ ]]><\/script><br \/>\n<script type=\"text\/javascript\" src=\"http:\/\/pagead2.googlesyndication.com\/pagead\/show_ads.js\">\/\/ <![CDATA[\n\n\/\/ ]]><\/script><\/p>\n","protected":false},"excerpt":{"rendered":"<p>&#8211; &#8211;<\/p>\n","protected":false},"author":1,"featured_media":0,"comment_status":"open","ping_status":"open","sticky":false,"template":"","format":"standard","meta":{"om_disable_all_campaigns":false,"_monsterinsights_skip_tracking":false,"_monsterinsights_sitenote_active":false,"_monsterinsights_sitenote_note":"","_monsterinsights_sitenote_category":0,"footnotes":""},"categories":[8,214],"tags":[66],"acf":[],"publishpress_future_action":{"enabled":false,"date":"1969-12-31 21:00:00","action":"","terms":[],"taxonomy":"","browser_timezone_offset":0},"_links":{"self":[{"href":"https:\/\/portalfloresnoar.com\/floresnoar\/wp-json\/wp\/v2\/posts\/745"}],"collection":[{"href":"https:\/\/portalfloresnoar.com\/floresnoar\/wp-json\/wp\/v2\/posts"}],"about":[{"href":"https:\/\/portalfloresnoar.com\/floresnoar\/wp-json\/wp\/v2\/types\/post"}],"author":[{"embeddable":true,"href":"https:\/\/portalfloresnoar.com\/floresnoar\/wp-json\/wp\/v2\/users\/1"}],"replies":[{"embeddable":true,"href":"https:\/\/portalfloresnoar.com\/floresnoar\/wp-json\/wp\/v2\/comments?post=745"}],"version-history":[{"count":0,"href":"https:\/\/portalfloresnoar.com\/floresnoar\/wp-json\/wp\/v2\/posts\/745\/revisions"}],"wp:attachment":[{"href":"https:\/\/portalfloresnoar.com\/floresnoar\/wp-json\/wp\/v2\/media?parent=745"}],"wp:term":[{"taxonomy":"category","embeddable":true,"href":"https:\/\/portalfloresnoar.com\/floresnoar\/wp-json\/wp\/v2\/categories?post=745"},{"taxonomy":"post_tag","embeddable":true,"href":"https:\/\/portalfloresnoar.com\/floresnoar\/wp-json\/wp\/v2\/tags?post=745"}],"curies":[{"name":"wp","href":"https:\/\/api.w.org\/{rel}","templated":true}]}}