

{"id":7219,"date":"2013-03-05T11:18:21","date_gmt":"2013-03-05T14:18:21","guid":{"rendered":"http:\/\/portalfloresnoar.com\/floresnoar\/?p=7219"},"modified":"2013-03-05T11:26:08","modified_gmt":"2013-03-05T14:26:08","slug":"assembleia-legislativa-de-pernambuco-proibe-visitante-de-estacionar-bicicleta-no-estacionamentodo-predio-publico","status":"publish","type":"post","link":"https:\/\/portalfloresnoar.com\/floresnoar\/assembleia-legislativa-de-pernambuco-proibe-visitante-de-estacionar-bicicleta-no-estacionamentodo-predio-publico\/","title":{"rendered":"Assembl\u00e9ia Legislativa de Pernambuco pro\u00edbe visitante de estacionar bicicleta no estacionamento do pr\u00e9dio p\u00fablico"},"content":{"rendered":"<p><em>Relato do ocorrido em 27\/02\/2013, por Franz\u00e9 Matos<\/em><\/p>\n<p>&#8220;Venho aqui relatar o epis\u00f3dio mais triste que me aconteceu at\u00e9 o momento desde a minha guinada para a bicicleta como modal principal.<\/p>\n<p>Tinha eu chegado a Assembleia Legislativa da cidade do Recife, onde estava para come\u00e7ar a audi\u00eancia p\u00fablica, que iria discutir o projeto &#8220;novo&#8221; Recife. Para tanto, resolvi buscar abrigo para minha bicicleta no estacionamento da Assembleia. Entrando no mesmo, come\u00e7o a buscar onde parar e travar a bike, segundos depois, aproxima-se um guarda militar, que cuida do estacionamento da Assembleia e diz que n\u00e3o \u00e9 permitido nem transitar nem estacionar bicicletas naquele local. Logicamente, comecei a dialogar sobre o porqu\u00ea daquela distin\u00e7\u00e3o e discrimina\u00e7\u00e3o absurda j\u00e1 que via dezenas de carros estacionados naquele pr\u00e9dio p\u00fablico.<br \/>\nO guarda se referia a uma norma interna da Assembleia que impedia o acesso e estacionar de bicicletas nesse pr\u00e9dio &#8220;p\u00fablico&#8221;, tentei argumentar dizendo que um regimento interno deveria ao menos estar em conson\u00e2ncia com as regras mais gerais do estado e do pa\u00eds, como o CTB, Constitui\u00e7\u00e3o&#8230;<\/p>\n<p>Infelizmente, falei para a parede, e a resposta que recebi foi aquele cl\u00e1ssico &#8220;vamos saindo, vamos saindo&#8221;. O guarda agarrou minha bicicleta e a p\u00f4s na cal\u00e7ada, tentei ainda argumentar e mostrar que a minha bicicleta era um transporte t\u00e3o leg\u00edtimo como aquela dezenas de carros ali estacionados, e novamente a \u201cresposta\u201d foi &#8220;quer comparar um carro a uma bicicleta? Esse aqui \u00e9 um pr\u00e9dio hist\u00f3rico&#8230;(a bicicleta deve &#8220;tirar&#8221; a beleza desse pr\u00e9dio hist\u00f3rico, n\u00e9?)&#8221;&#8230;<\/p>\n<p>J\u00e1 muito abismado com a situa\u00e7\u00e3o, disse que aquilo n\u00e3o iria ficar assim e que eu falaria com quem fosse para que aquela aberra\u00e7\u00e3o fosse publicizada e que medidas fossem tomadas. Ele simplesmente mandou eu me retirar e soltou a famigerada frase do abuso de poder&#8230; \u201cse retire desse local se n\u00e3o vou te prender por desacato a autoridade&#8230;\u201d<\/p>\n<p>Chocado e com muita raiva, tive que prender minha bike num poste no meio da cal\u00e7ada e subi correndo para audi\u00eancia. Chegando ao sexto andar do pr\u00e9dio anexo da Assemblea, vi que tinha alguns deputados estaduais na sala da audi\u00eancia, comecei a conversar com eles sobre o ocorrido, mostrando que era uma falta de respeito com quem vai de bike \u00e0 Assembleia, que como j\u00e1 n\u00e3o bastasse o &#8220;biciclet\u00e1rio(?)&#8221; cheio de lixo da c\u00e2mara municipal, agora a situa\u00e7\u00e3o \u00e9 ainda pior na Assembleia, onde nem ao menos podemos entrar ou estacionar nossas bicicletas. O mais receptivo a minha fala foi o deputado Daniel Coelho, que tamb\u00e9m ficou indignado e mandou chamar o chefe da seguran\u00e7a para dar-nos explica\u00e7\u00f5es. O chefe da seguran\u00e7a quando indagado sobre a situa\u00e7\u00e3o, reiterou que, mesmo que falha, era uma norma do regimento interno e que condenava a amea\u00e7a de pris\u00e3o por desacato. Por fim, ficou na conversa, ele falando que iria conversar com o policial que me expulsou e me amea\u00e7ou, daniel coelho conversando que iria tentar mudar essa norma, e, para mim, resta indigna\u00e7\u00e3o dupla&#8230; em ser mal tratado tanto na c\u00e2mara municipal, como na assembleia de onde fui expulso.<\/p>\n<p>Gostaria ver esses senhores prenderem 30 bicicletas que chegassem de uma vez ao estacionamento por desacato a autoridade.<br \/>\nE, principalmente, que regimento interno \u00e9 esse que mede a possibilidade e grandeza do cidad\u00e3o pelo meio de transporte em que ele se dirige a assembleia. Uma l\u00e1stima.<br \/>\nEnfim, fica meu desabafo com o p\u00e9ssimo tratamento que nos \u00e9 legado nesses dois pr\u00e9dios p\u00fablicos da cidade do Recife.<br \/>\nFranz\u00e9 Matos<br \/>\nRecife, 27\/02\/2013<\/p>\n<pre>(relato publicado originalmente em: <a href=\"http:\/\/www.facebook.com\/events\/500659123314586\/\" target=\"_blank\">http:\/\/www.facebook.com\/events\/500659123314586\/<\/a>)\r\n<span style=\"color: #ffffff;\">.<\/span>\r\n<span style=\"color: #ffffff;\">.<\/span>\r\n<span style=\"color: #ffffff;\">.<\/span>\r\n<span style=\"color: #ffffff;\">.<\/span>\r\n\r\n<\/pre>\n","protected":false},"excerpt":{"rendered":"<p>Relato do ocorrido em 27\/02\/2013, por Franz\u00e9 Matos &#8220;Venho aqui relatar o epis\u00f3dio mais triste que me aconteceu at\u00e9 o momento desde a minha guinada para a bicicleta como modal principal. Tinha eu chegado a Assembleia Legislativa da cidade do Recife, onde estava para come\u00e7ar a audi\u00eancia p\u00fablica, que iria discutir o projeto &#8220;novo&#8221; Recife. [&hellip;]<\/p>\n","protected":false},"author":1,"featured_media":7221,"comment_status":"open","ping_status":"open","sticky":false,"template":"","format":"standard","meta":{"om_disable_all_campaigns":false,"_monsterinsights_skip_tracking":false,"_monsterinsights_sitenote_active":false,"_monsterinsights_sitenote_note":"","_monsterinsights_sitenote_category":0,"footnotes":""},"categories":[10],"tags":[40],"acf":[],"publishpress_future_action":{"enabled":false,"date":"1969-12-31 21:00:00","action":"","terms":[],"taxonomy":"","browser_timezone_offset":0},"_links":{"self":[{"href":"https:\/\/portalfloresnoar.com\/floresnoar\/wp-json\/wp\/v2\/posts\/7219"}],"collection":[{"href":"https:\/\/portalfloresnoar.com\/floresnoar\/wp-json\/wp\/v2\/posts"}],"about":[{"href":"https:\/\/portalfloresnoar.com\/floresnoar\/wp-json\/wp\/v2\/types\/post"}],"author":[{"embeddable":true,"href":"https:\/\/portalfloresnoar.com\/floresnoar\/wp-json\/wp\/v2\/users\/1"}],"replies":[{"embeddable":true,"href":"https:\/\/portalfloresnoar.com\/floresnoar\/wp-json\/wp\/v2\/comments?post=7219"}],"version-history":[{"count":0,"href":"https:\/\/portalfloresnoar.com\/floresnoar\/wp-json\/wp\/v2\/posts\/7219\/revisions"}],"wp:featuredmedia":[{"embeddable":true,"href":"https:\/\/portalfloresnoar.com\/floresnoar\/wp-json\/wp\/v2\/media\/7221"}],"wp:attachment":[{"href":"https:\/\/portalfloresnoar.com\/floresnoar\/wp-json\/wp\/v2\/media?parent=7219"}],"wp:term":[{"taxonomy":"category","embeddable":true,"href":"https:\/\/portalfloresnoar.com\/floresnoar\/wp-json\/wp\/v2\/categories?post=7219"},{"taxonomy":"post_tag","embeddable":true,"href":"https:\/\/portalfloresnoar.com\/floresnoar\/wp-json\/wp\/v2\/tags?post=7219"}],"curies":[{"name":"wp","href":"https:\/\/api.w.org\/{rel}","templated":true}]}}