

{"id":7065,"date":"2013-02-27T13:06:16","date_gmt":"2013-02-27T16:06:16","guid":{"rendered":"http:\/\/portalfloresnoar.com\/floresnoar\/?p=7065"},"modified":"2013-02-27T13:06:16","modified_gmt":"2013-02-27T16:06:16","slug":"carta-ao-prefeito-do-recife-geraldo-julio","status":"publish","type":"post","link":"https:\/\/portalfloresnoar.com\/floresnoar\/carta-ao-prefeito-do-recife-geraldo-julio\/","title":{"rendered":"Carta ao Prefeito do Recife, Geraldo J\u00falio"},"content":{"rendered":"<pre>(Por Direitos Urbanos| Recife)<\/pre>\n<p>O Recife est\u00e1 em uma encruzilhada. Seu crescimento descontrolado prejudica toda a popula\u00e7\u00e3o. Agora, a escolha n\u00e3o \u00e9 crescer ou estagnar; \u00e9 preciso decidir se queremos crescer com qualidade de vida para todos ou crescer destruindo a cidade e segregando as pessoas.<\/p>\n<p>No Conselho de Desenvolvimento Urbano, a sociedade civil \u00e9 enfraquecida pela alian\u00e7a entre o governo municipal e o setor imobili\u00e1rio, que defendem no\u00e7\u00f5es ultrapassadas de desenvolvimento.<\/p>\n<p>O projeto Novo Recife, no Cais Jos\u00e9 Estelita, \u00e9 um s\u00edmbolo do problema. Social e urbanisticamente pernicioso, viola v\u00e1rias exig\u00eancias legais, como a aus\u00eancia de estudos de impacto. Nos tribunais, duas a\u00e7\u00f5es populares e duas a\u00e7\u00f5es civis p\u00fablicas, dos minist\u00e9rios p\u00fablicos estadual e federal, denunciam diversas ilegalidades.<\/p>\n<p>\u00c9 preciso valorizar o centro hist\u00f3rico e uma das mais belas vistas da cidade com verdadeira modernidade: integrando a \u00e1rea \u00e0s ruas do bairro, \u00e0 hist\u00f3ria e \u00e0 vida da cidade.<\/p>\n<p>Basta de isolar e de temer as ruas! A cidade \u00e9 lugar de pessoas, de encontros, mistura e conviv\u00eancia. Queremos transporte p\u00fablico de qualidade, cal\u00e7adas e espa\u00e7os cheios de vida, com com\u00e9rcio e diversidade social e de uso. Queremos planejamento urbano e participa\u00e7\u00e3o.<\/p>\n<p><a href=\"https:\/\/docs.google.com\/file\/d\/0B5TcXVFuMqYwY0hsbkltYUtxWlk\/edit?usp=sharing\" target=\"_parent\" rel=\"nofollow\">Leia a \u00edntegra da CARTA AO PREFEITO<\/a>, conhe\u00e7a as ilegalidades do projeto Novo Recife e colabore com as reivindica\u00e7\u00f5es por um Recife melhor e mais democr\u00e1tico. Sua assinatura faz a diferen\u00e7a!<\/p>\n<p>Assine a carta <a href=\"https:\/\/www.change.org\/pt-BR\/peti%C3%A7%C3%B5es\/carta-ao-prefeito-do-recife-geraldo-j%C3%BAlio\" target=\"_blank\">aqui<\/a>!<\/p>\n<p>Fique por dentro curtindo a\u00a0<a href=\"http:\/\/www.facebook.com\/DireitosUrbanos\" rel=\"nofollow\">fanpage Direitos Urbanos no Facebook<\/a>.<\/p>\n","protected":false},"excerpt":{"rendered":"<p>(Por Direitos Urbanos| Recife) O Recife est\u00e1 em uma encruzilhada. Seu crescimento descontrolado prejudica toda a popula\u00e7\u00e3o. Agora, a escolha n\u00e3o \u00e9 crescer ou estagnar; \u00e9 preciso decidir se queremos crescer com qualidade de vida para todos ou crescer destruindo a cidade e segregando as pessoas. No Conselho de Desenvolvimento Urbano, a sociedade civil \u00e9 [&hellip;]<\/p>\n","protected":false},"author":1,"featured_media":7066,"comment_status":"open","ping_status":"open","sticky":false,"template":"","format":"standard","meta":{"om_disable_all_campaigns":false,"_monsterinsights_skip_tracking":false,"_monsterinsights_sitenote_active":false,"_monsterinsights_sitenote_note":"","_monsterinsights_sitenote_category":0,"footnotes":""},"categories":[9],"tags":[40],"acf":[],"publishpress_future_action":{"enabled":false,"date":"1969-12-31 21:00:00","action":"","terms":[],"taxonomy":"","browser_timezone_offset":0},"_links":{"self":[{"href":"https:\/\/portalfloresnoar.com\/floresnoar\/wp-json\/wp\/v2\/posts\/7065"}],"collection":[{"href":"https:\/\/portalfloresnoar.com\/floresnoar\/wp-json\/wp\/v2\/posts"}],"about":[{"href":"https:\/\/portalfloresnoar.com\/floresnoar\/wp-json\/wp\/v2\/types\/post"}],"author":[{"embeddable":true,"href":"https:\/\/portalfloresnoar.com\/floresnoar\/wp-json\/wp\/v2\/users\/1"}],"replies":[{"embeddable":true,"href":"https:\/\/portalfloresnoar.com\/floresnoar\/wp-json\/wp\/v2\/comments?post=7065"}],"version-history":[{"count":0,"href":"https:\/\/portalfloresnoar.com\/floresnoar\/wp-json\/wp\/v2\/posts\/7065\/revisions"}],"wp:featuredmedia":[{"embeddable":true,"href":"https:\/\/portalfloresnoar.com\/floresnoar\/wp-json\/wp\/v2\/media\/7066"}],"wp:attachment":[{"href":"https:\/\/portalfloresnoar.com\/floresnoar\/wp-json\/wp\/v2\/media?parent=7065"}],"wp:term":[{"taxonomy":"category","embeddable":true,"href":"https:\/\/portalfloresnoar.com\/floresnoar\/wp-json\/wp\/v2\/categories?post=7065"},{"taxonomy":"post_tag","embeddable":true,"href":"https:\/\/portalfloresnoar.com\/floresnoar\/wp-json\/wp\/v2\/tags?post=7065"}],"curies":[{"name":"wp","href":"https:\/\/api.w.org\/{rel}","templated":true}]}}