

{"id":555,"date":"2012-06-20T21:39:55","date_gmt":"2012-06-21T00:39:55","guid":{"rendered":"http:\/\/portalfloresnoar.hospedagemdesites.ws\/floresnoar\/?p=555"},"modified":"2012-06-25T21:50:05","modified_gmt":"2012-06-26T00:50:05","slug":"ciclovias-ja-abaixo-assinado-enderecado-ao-governador-de-pernambuco","status":"publish","type":"post","link":"https:\/\/portalfloresnoar.com\/floresnoar\/ciclovias-ja-abaixo-assinado-enderecado-ao-governador-de-pernambuco\/","title":{"rendered":"Ciclovias J\u00e1! Abaixo-assinado endere\u00e7ado ao governador de Pernambuco"},"content":{"rendered":"<p><a href=\"http:\/\/portalfloresnoar.hospedagemdesites.ws\/floresnoar\/?attachment_id=556\" rel=\"attachment wp-att-556\"><img decoding=\"async\" loading=\"lazy\" class=\"size-full wp-image-556 alignleft\" title=\"banner-cicloviasja\" src=\"http:\/\/portalfloresnoar.hospedagemdesites.ws\/floresnoar\/wp-content\/uploads\/2012\/06\/banner-cicloviasja.png\" alt=\"\" width=\"318\" height=\"398\" srcset=\"https:\/\/portalfloresnoar.com\/floresnoar\/wp-content\/uploads\/2012\/06\/banner-cicloviasja.png 318w, https:\/\/portalfloresnoar.com\/floresnoar\/wp-content\/uploads\/2012\/06\/banner-cicloviasja-239x300.png 239w\" sizes=\"(max-width: 318px) 100vw, 318px\" \/><\/a><\/p>\n<p>&nbsp;<\/p>\n<p>&nbsp;<\/p>\n<p>Ciclovias J\u00e1! d\u00e1 nome ao abaixo-assinado elaborado por ciclistas e endere\u00e7ado ao Governador do Estado de Pernambuco, o Sr. Eduardo Campos, para considerar, dentro do espa\u00e7o p\u00fablico, a bicicleta como meio de transporte. A peti\u00e7\u00e3o visa instituir, por lei, a cria\u00e7\u00e3o de ciclovias, ciclofaixas, biciclet\u00e1rios, campanhas educativas, sinaliza\u00e7\u00f5es espec\u00edficas e demais instrumentos necess\u00e1rios que garantam a seguran\u00e7a n\u00e3o s\u00f3 dos ciclistas mas de motoristas e pedestres.<\/p>\n<p><a href=\"http:\/\/bicicletada.org\/recife\">http:\/\/bicicletada.org\/recife<\/a><\/p>\n<p>Assine <a href=\"http:\/\/www.peticaopublica.com.br\/PeticaoVer.aspx?pi=cicloja\">aqui!<\/a><\/p>\n<p>&nbsp;<\/p>\n<p>&nbsp;<\/p>\n","protected":false},"excerpt":{"rendered":"<p>&nbsp; &nbsp; Ciclovias J\u00e1! d\u00e1 nome ao abaixo-assinado elaborado por ciclistas e endere\u00e7ado ao Governador do Estado de Pernambuco, o Sr. Eduardo Campos, para considerar, dentro do espa\u00e7o p\u00fablico, a bicicleta como meio de transporte. A peti\u00e7\u00e3o visa instituir, por lei, a cria\u00e7\u00e3o de ciclovias, ciclofaixas, biciclet\u00e1rios, campanhas educativas, sinaliza\u00e7\u00f5es espec\u00edficas e demais instrumentos necess\u00e1rios [&hellip;]<\/p>\n","protected":false},"author":1,"featured_media":557,"comment_status":"open","ping_status":"open","sticky":false,"template":"","format":"standard","meta":{"om_disable_all_campaigns":false,"_monsterinsights_skip_tracking":false,"_monsterinsights_sitenote_active":false,"_monsterinsights_sitenote_note":"","_monsterinsights_sitenote_category":0,"footnotes":""},"categories":[9],"tags":[40],"acf":[],"publishpress_future_action":{"enabled":false,"date":"1969-12-31 21:00:00","action":"","terms":[],"taxonomy":"","browser_timezone_offset":0},"_links":{"self":[{"href":"https:\/\/portalfloresnoar.com\/floresnoar\/wp-json\/wp\/v2\/posts\/555"}],"collection":[{"href":"https:\/\/portalfloresnoar.com\/floresnoar\/wp-json\/wp\/v2\/posts"}],"about":[{"href":"https:\/\/portalfloresnoar.com\/floresnoar\/wp-json\/wp\/v2\/types\/post"}],"author":[{"embeddable":true,"href":"https:\/\/portalfloresnoar.com\/floresnoar\/wp-json\/wp\/v2\/users\/1"}],"replies":[{"embeddable":true,"href":"https:\/\/portalfloresnoar.com\/floresnoar\/wp-json\/wp\/v2\/comments?post=555"}],"version-history":[{"count":0,"href":"https:\/\/portalfloresnoar.com\/floresnoar\/wp-json\/wp\/v2\/posts\/555\/revisions"}],"wp:featuredmedia":[{"embeddable":true,"href":"https:\/\/portalfloresnoar.com\/floresnoar\/wp-json\/wp\/v2\/media\/557"}],"wp:attachment":[{"href":"https:\/\/portalfloresnoar.com\/floresnoar\/wp-json\/wp\/v2\/media?parent=555"}],"wp:term":[{"taxonomy":"category","embeddable":true,"href":"https:\/\/portalfloresnoar.com\/floresnoar\/wp-json\/wp\/v2\/categories?post=555"},{"taxonomy":"post_tag","embeddable":true,"href":"https:\/\/portalfloresnoar.com\/floresnoar\/wp-json\/wp\/v2\/tags?post=555"}],"curies":[{"name":"wp","href":"https:\/\/api.w.org\/{rel}","templated":true}]}}