

{"id":5131,"date":"2013-01-10T15:13:00","date_gmt":"2013-01-10T18:13:00","guid":{"rendered":"http:\/\/portalfloresnoar.com\/floresnoar\/?p=5131"},"modified":"2013-01-23T13:46:29","modified_gmt":"2013-01-23T16:46:29","slug":"tardes-arteterapeuticas-para-criancas-e-pre-adolescentes-no-atelie-da-luz","status":"publish","type":"post","link":"https:\/\/portalfloresnoar.com\/floresnoar\/tardes-arteterapeuticas-para-criancas-e-pre-adolescentes-no-atelie-da-luz\/","title":{"rendered":"Tardes arteterap\u00eauticas para crian\u00e7as e pr\u00e9-adolescentes, no Ateli\u00ea da Luz"},"content":{"rendered":"<p style=\"text-align: center;\"><img decoding=\"async\" loading=\"lazy\" class=\"aligncenter  wp-image-6031\" alt=\"tardes\" src=\"http:\/\/portalfloresnoar.com\/floresnoar\/wp-content\/uploads\/2012\/12\/tardes.jpg\" width=\"610\" height=\"864\" srcset=\"https:\/\/portalfloresnoar.com\/floresnoar\/wp-content\/uploads\/2012\/12\/tardes.jpg 678w, https:\/\/portalfloresnoar.com\/floresnoar\/wp-content\/uploads\/2012\/12\/tardes-211x300.jpg 211w, https:\/\/portalfloresnoar.com\/floresnoar\/wp-content\/uploads\/2012\/12\/tardes-105x150.jpg 105w, https:\/\/portalfloresnoar.com\/floresnoar\/wp-content\/uploads\/2012\/12\/tardes-400x566.jpg 400w\" sizes=\"(max-width: 610px) 100vw, 610px\" \/><\/p>\n","protected":false},"excerpt":{"rendered":"","protected":false},"author":1,"featured_media":5133,"comment_status":"open","ping_status":"open","sticky":false,"template":"","format":"standard","meta":{"om_disable_all_campaigns":false,"_monsterinsights_skip_tracking":false,"_monsterinsights_sitenote_active":false,"_monsterinsights_sitenote_note":"","_monsterinsights_sitenote_category":0,"footnotes":""},"categories":[9],"tags":[],"acf":[],"publishpress_future_action":{"enabled":false,"date":"1969-12-31 21:00:00","action":"","terms":[],"taxonomy":"","browser_timezone_offset":0},"_links":{"self":[{"href":"https:\/\/portalfloresnoar.com\/floresnoar\/wp-json\/wp\/v2\/posts\/5131"}],"collection":[{"href":"https:\/\/portalfloresnoar.com\/floresnoar\/wp-json\/wp\/v2\/posts"}],"about":[{"href":"https:\/\/portalfloresnoar.com\/floresnoar\/wp-json\/wp\/v2\/types\/post"}],"author":[{"embeddable":true,"href":"https:\/\/portalfloresnoar.com\/floresnoar\/wp-json\/wp\/v2\/users\/1"}],"replies":[{"embeddable":true,"href":"https:\/\/portalfloresnoar.com\/floresnoar\/wp-json\/wp\/v2\/comments?post=5131"}],"version-history":[{"count":0,"href":"https:\/\/portalfloresnoar.com\/floresnoar\/wp-json\/wp\/v2\/posts\/5131\/revisions"}],"wp:featuredmedia":[{"embeddable":true,"href":"https:\/\/portalfloresnoar.com\/floresnoar\/wp-json\/wp\/v2\/media\/5133"}],"wp:attachment":[{"href":"https:\/\/portalfloresnoar.com\/floresnoar\/wp-json\/wp\/v2\/media?parent=5131"}],"wp:term":[{"taxonomy":"category","embeddable":true,"href":"https:\/\/portalfloresnoar.com\/floresnoar\/wp-json\/wp\/v2\/categories?post=5131"},{"taxonomy":"post_tag","embeddable":true,"href":"https:\/\/portalfloresnoar.com\/floresnoar\/wp-json\/wp\/v2\/tags?post=5131"}],"curies":[{"name":"wp","href":"https:\/\/api.w.org\/{rel}","templated":true}]}}