

{"id":5066,"date":"2013-01-11T21:13:40","date_gmt":"2013-01-12T00:13:40","guid":{"rendered":"http:\/\/portalfloresnoar.com\/floresnoar\/?p=5066"},"modified":"2013-01-23T13:48:00","modified_gmt":"2013-01-23T16:48:00","slug":"jardim-alecrim-recife-esta-com-matriculas-abertas","status":"publish","type":"post","link":"https:\/\/portalfloresnoar.com\/floresnoar\/jardim-alecrim-recife-esta-com-matriculas-abertas\/","title":{"rendered":"Jardim Alecrim Recife est\u00e1 com matr\u00edculas abertas!"},"content":{"rendered":"<p>O Jardim Alecrim Recife, jardim de inf\u00e2ncia inspirado na Pedagogia Waldorf, est\u00e1 com matr\u00edculas abertas para o ano letivo de 2013!<br \/>\nConhe\u00e7a o espa\u00e7o e a proposta pedag\u00f3gica da escola!<\/p>\n<p>Jardim Alecrim Recife<br \/>\nHor\u00e1rio de funcionamento: 08h \u00e0s 12h<br \/>\nTurma do Maternal: 2 a 3 anos<br \/>\nTurma do Jardim de Inf\u00e2ncia: 3 anos e meio a 6 anos<br \/>\nEndere\u00e7o: Rua Silveira Lobo, 107, Casa Forte \u2013 Recife\/PE<br \/>\nContatos: (81) 96309917 \/ 30311134 \/ www.jardimalecrim.com<!--more--><\/p>\n<p><img decoding=\"async\" loading=\"lazy\" class=\"aligncenter size-full wp-image-5067\" title=\"Cartaz divulga\u00e7\u00e3o Alecrim 2012\" alt=\"\" src=\"http:\/\/portalfloresnoar.com\/floresnoar\/wp-content\/uploads\/2012\/12\/Cartaz-divulga\u00e7\u00e3o-Alecrim-2012.jpg\" width=\"594\" height=\"846\" srcset=\"https:\/\/portalfloresnoar.com\/floresnoar\/wp-content\/uploads\/2012\/12\/Cartaz-divulga\u00e7\u00e3o-Alecrim-2012.jpg 594w, https:\/\/portalfloresnoar.com\/floresnoar\/wp-content\/uploads\/2012\/12\/Cartaz-divulga\u00e7\u00e3o-Alecrim-2012-210x300.jpg 210w, https:\/\/portalfloresnoar.com\/floresnoar\/wp-content\/uploads\/2012\/12\/Cartaz-divulga\u00e7\u00e3o-Alecrim-2012-105x150.jpg 105w, https:\/\/portalfloresnoar.com\/floresnoar\/wp-content\/uploads\/2012\/12\/Cartaz-divulga\u00e7\u00e3o-Alecrim-2012-400x569.jpg 400w\" sizes=\"(max-width: 594px) 100vw, 594px\" \/><br \/>\n<span style=\"color: #ffffff;\">&#8211;<\/span><br \/>\n<span style=\"color: #ffffff;\"> &#8211;<\/span><br \/>\n<span style=\"color: #ffffff;\"> &#8211;<\/span><br \/>\n<span style=\"color: #ffffff;\"> &#8211;<\/span><br \/>\n<span style=\"color: #ffffff;\"> &#8211;<\/span><\/p>\n","protected":false},"excerpt":{"rendered":"<p>O Jardim Alecrim Recife, jardim de inf\u00e2ncia inspirado na Pedagogia Waldorf, est\u00e1 com matr\u00edculas abertas para o ano letivo de 2013! Conhe\u00e7a o espa\u00e7o e a proposta pedag\u00f3gica da escola! Jardim Alecrim Recife Hor\u00e1rio de funcionamento: 08h \u00e0s 12h Turma do Maternal: 2 a 3 anos Turma do Jardim de Inf\u00e2ncia: 3 anos e meio [&hellip;]<\/p>\n","protected":false},"author":1,"featured_media":5068,"comment_status":"open","ping_status":"open","sticky":false,"template":"","format":"standard","meta":{"om_disable_all_campaigns":false,"_monsterinsights_skip_tracking":false,"_monsterinsights_sitenote_active":false,"_monsterinsights_sitenote_note":"","_monsterinsights_sitenote_category":0,"footnotes":""},"categories":[9],"tags":[],"acf":[],"publishpress_future_action":{"enabled":false,"date":"1969-12-31 21:00:00","action":"","terms":[],"taxonomy":"","browser_timezone_offset":0},"_links":{"self":[{"href":"https:\/\/portalfloresnoar.com\/floresnoar\/wp-json\/wp\/v2\/posts\/5066"}],"collection":[{"href":"https:\/\/portalfloresnoar.com\/floresnoar\/wp-json\/wp\/v2\/posts"}],"about":[{"href":"https:\/\/portalfloresnoar.com\/floresnoar\/wp-json\/wp\/v2\/types\/post"}],"author":[{"embeddable":true,"href":"https:\/\/portalfloresnoar.com\/floresnoar\/wp-json\/wp\/v2\/users\/1"}],"replies":[{"embeddable":true,"href":"https:\/\/portalfloresnoar.com\/floresnoar\/wp-json\/wp\/v2\/comments?post=5066"}],"version-history":[{"count":0,"href":"https:\/\/portalfloresnoar.com\/floresnoar\/wp-json\/wp\/v2\/posts\/5066\/revisions"}],"wp:featuredmedia":[{"embeddable":true,"href":"https:\/\/portalfloresnoar.com\/floresnoar\/wp-json\/wp\/v2\/media\/5068"}],"wp:attachment":[{"href":"https:\/\/portalfloresnoar.com\/floresnoar\/wp-json\/wp\/v2\/media?parent=5066"}],"wp:term":[{"taxonomy":"category","embeddable":true,"href":"https:\/\/portalfloresnoar.com\/floresnoar\/wp-json\/wp\/v2\/categories?post=5066"},{"taxonomy":"post_tag","embeddable":true,"href":"https:\/\/portalfloresnoar.com\/floresnoar\/wp-json\/wp\/v2\/tags?post=5066"}],"curies":[{"name":"wp","href":"https:\/\/api.w.org\/{rel}","templated":true}]}}