

{"id":46142,"date":"2025-09-12T09:49:11","date_gmt":"2025-09-12T12:49:11","guid":{"rendered":"https:\/\/portalfloresnoar.com\/floresnoar\/?p=46142"},"modified":"2026-01-09T11:12:21","modified_gmt":"2026-01-09T14:12:21","slug":"agenda-pe-que-tal-presentear-uma-sessao-de-reiki-ou-de-meditacao-neste-natal","status":"publish","type":"post","link":"https:\/\/portalfloresnoar.com\/floresnoar\/agenda-pe-que-tal-presentear-uma-sessao-de-reiki-ou-de-meditacao-neste-natal\/","title":{"rendered":"[AGENDA PE] Que tal presentear uma sess\u00e3o de Reiki ou de Medita\u00e7\u00e3o neste Natal?"},"content":{"rendered":"<p><img decoding=\"async\" loading=\"lazy\" class=\"aligncenter wp-image-46143\" src=\"https:\/\/portalfloresnoar.com\/floresnoar\/wp-content\/uploads\/2025\/12\/natal-2025-560x700.jpeg\" alt=\"\" width=\"485\" height=\"606\" srcset=\"https:\/\/portalfloresnoar.com\/floresnoar\/wp-content\/uploads\/2025\/12\/natal-2025-560x700.jpeg 560w, https:\/\/portalfloresnoar.com\/floresnoar\/wp-content\/uploads\/2025\/12\/natal-2025-240x300.jpeg 240w, https:\/\/portalfloresnoar.com\/floresnoar\/wp-content\/uploads\/2025\/12\/natal-2025-768x960.jpeg 768w, https:\/\/portalfloresnoar.com\/floresnoar\/wp-content\/uploads\/2025\/12\/natal-2025.jpeg 1080w\" sizes=\"(max-width: 485px) 100vw, 485px\" \/><\/p>\n<p>Neste final de ano, o Espa\u00e7o Gerar sugere que voc\u00ea presenteie sess\u00f5es terap\u00eauticas, proporcionando bem-estar \u00e0s amigas(os) e familiares. Est\u00e3o sendo oferecidos: atendimento em Reiki e pr\u00e1tica de Medita\u00e7\u00e3o Ativa. O Vale Presente \u00e9 v\u00e1lido por tr\u00eas meses.<\/p>\n<p><strong>&gt;&gt;&gt; VALE PRESENTE &#8216;REIKI&#8217;<\/strong><br \/>\nO Reiki \u00e9 uma pr\u00e1tica terap\u00eautica natural que se baseia na canaliza\u00e7\u00e3o de energia vital universal atrav\u00e9s da imposi\u00e7\u00e3o das m\u00e3os do praticante, com o objetivo de equilibrar os corpos f\u00edsico, mental, emocional e espiritual, refor\u00e7ando o poder de autocura.<\/p>\n<p>De acordo com a reikiana Marta Freire, a terapia ajuda a:<br \/>\n&#8211; Reduzir estresse e ansiedade;<br \/>\n&#8211; Promover relaxamento profundo e clareza mental;<br \/>\n&#8211; Aliviar dores e tens\u00f5es;<br \/>\n&#8211; Melhorar a qualidade do sono.<\/p>\n<p><strong>Valor do Vale Presente &#8216;Reiki&#8217;:<\/strong> R$ 30,00<\/p>\n<p><em>Obs.: A sess\u00f5es de Reiki acontecem toda quinta-feira, das 15h \u00e0s 18h, no Espa\u00e7o Gerar.<\/em><\/p>\n<p><strong>&gt;&gt;&gt; VALE PRESENTE &#8216;MEDITA\u00c7\u00c3O ATIVA&#8217;<\/strong><br \/>\n&#8220;Vivemos em um mundo acelerado, cheio de est\u00edmulos, que muitas vezes n\u00e3o nos permite simplesmente sentar e meditar. As pr\u00e1ticas de Medita\u00e7\u00e3o Ativa nos convidam a atravessar camadas, do movimento ao sil\u00eancio, da libera\u00e7\u00e3o \u00e0 presen\u00e7a, do externo ao interno&#8221;, conta Ayama,\u00a0 condutora de Medita\u00e7\u00e3o Ativa.<\/p>\n<p><strong>Valor do Vale Presente &#8216;Medita\u00e7\u00e3o Ativa&#8217;:<\/strong> R$ 35,00<\/p>\n<p><em>Obs.: A pr\u00e1tica acontece toda quinta-feira, \u00e0s 19h, no Espa\u00e7o Gerar.<\/em><\/p>\n<p>&nbsp;<\/p>\n<p>ESPA\u00c7O GERAR \u2013 PSICOLOGIA, ARTETERAPIA E BEM-ESTAR<br \/>\n<strong>Endere\u00e7o:<\/strong>\u00a0Rua Luiz Guimar\u00e3es, 253, Po\u00e7o da Panela, Recife\/PE<br \/>\n<em>(Mapa com a localiza\u00e7\u00e3o:\u00a0<a href=\"https:\/\/maps.app.goo.gl\/kZCHrg1TKRm8Qhmv9\" target=\"_blank\" rel=\"noopener\">https:\/\/maps.app.goo.gl\/kZCHrg1TKRm8Qhmv9<\/a>)<\/em><br \/>\n<strong>Fone\/WhatsApp:<\/strong>\u00a0(81) 99760.6383<\/p>\n","protected":false},"excerpt":{"rendered":"<p>Neste final de ano, o Espa\u00e7o Gerar sugere que voc\u00ea presenteie sess\u00f5es terap\u00eauticas, proporcionando bem-estar \u00e0s amigas(os) e familiares. Est\u00e3o sendo oferecidos: atendimento em Reiki e pr\u00e1tica de Medita\u00e7\u00e3o Ativa. O Vale Presente \u00e9 v\u00e1lido por tr\u00eas meses. &gt;&gt;&gt; VALE PRESENTE &#8216;REIKI&#8217; O Reiki \u00e9 uma pr\u00e1tica terap\u00eautica natural que se baseia na canaliza\u00e7\u00e3o de [&hellip;]<\/p>\n","protected":false},"author":1,"featured_media":46146,"comment_status":"open","ping_status":"open","sticky":false,"template":"","format":"standard","meta":{"om_disable_all_campaigns":false,"_monsterinsights_skip_tracking":false,"_monsterinsights_sitenote_active":false,"_monsterinsights_sitenote_note":"","_monsterinsights_sitenote_category":0,"footnotes":""},"categories":[8,214],"tags":[43,1183,37],"acf":[],"publishpress_future_action":{"enabled":false,"date":"1969-12-31 21:00:00","action":"","terms":[],"taxonomy":"","browser_timezone_offset":0},"_links":{"self":[{"href":"https:\/\/portalfloresnoar.com\/floresnoar\/wp-json\/wp\/v2\/posts\/46142"}],"collection":[{"href":"https:\/\/portalfloresnoar.com\/floresnoar\/wp-json\/wp\/v2\/posts"}],"about":[{"href":"https:\/\/portalfloresnoar.com\/floresnoar\/wp-json\/wp\/v2\/types\/post"}],"author":[{"embeddable":true,"href":"https:\/\/portalfloresnoar.com\/floresnoar\/wp-json\/wp\/v2\/users\/1"}],"replies":[{"embeddable":true,"href":"https:\/\/portalfloresnoar.com\/floresnoar\/wp-json\/wp\/v2\/comments?post=46142"}],"version-history":[{"count":4,"href":"https:\/\/portalfloresnoar.com\/floresnoar\/wp-json\/wp\/v2\/posts\/46142\/revisions"}],"predecessor-version":[{"id":46150,"href":"https:\/\/portalfloresnoar.com\/floresnoar\/wp-json\/wp\/v2\/posts\/46142\/revisions\/46150"}],"wp:featuredmedia":[{"embeddable":true,"href":"https:\/\/portalfloresnoar.com\/floresnoar\/wp-json\/wp\/v2\/media\/46146"}],"wp:attachment":[{"href":"https:\/\/portalfloresnoar.com\/floresnoar\/wp-json\/wp\/v2\/media?parent=46142"}],"wp:term":[{"taxonomy":"category","embeddable":true,"href":"https:\/\/portalfloresnoar.com\/floresnoar\/wp-json\/wp\/v2\/categories?post=46142"},{"taxonomy":"post_tag","embeddable":true,"href":"https:\/\/portalfloresnoar.com\/floresnoar\/wp-json\/wp\/v2\/tags?post=46142"}],"curies":[{"name":"wp","href":"https:\/\/api.w.org\/{rel}","templated":true}]}}