

{"id":46125,"date":"2025-04-19T10:54:52","date_gmt":"2025-04-19T13:54:52","guid":{"rendered":"https:\/\/portalfloresnoar.com\/floresnoar\/?p=46125"},"modified":"2025-12-15T19:20:11","modified_gmt":"2025-12-15T22:20:11","slug":"agenda-pe-estudo-dirigido-com-baba-marconi-bispo-sobre-orunmila-dia-24-11-no-espaco-gerar","status":"publish","type":"post","link":"https:\/\/portalfloresnoar.com\/floresnoar\/agenda-pe-estudo-dirigido-com-baba-marconi-bispo-sobre-orunmila-dia-24-11-no-espaco-gerar\/","title":{"rendered":"[AGENDA PE] Estudo dirigido com B\u00e0b\u00e1 Marconi Bispo, sobre \u00d2r\u00fanm\u00ecl\u00e1, dia 24\/11, no Espa\u00e7o Gerar"},"content":{"rendered":"<p><img decoding=\"async\" loading=\"lazy\" class=\"aligncenter size-large wp-image-46127\" src=\"https:\/\/portalfloresnoar.com\/floresnoar\/wp-content\/uploads\/2025\/11\/orunmila-595x700.png\" alt=\"\" width=\"595\" height=\"700\" srcset=\"https:\/\/portalfloresnoar.com\/floresnoar\/wp-content\/uploads\/2025\/11\/orunmila-595x700.png 595w, https:\/\/portalfloresnoar.com\/floresnoar\/wp-content\/uploads\/2025\/11\/orunmila-255x300.png 255w, https:\/\/portalfloresnoar.com\/floresnoar\/wp-content\/uploads\/2025\/11\/orunmila.png 700w\" sizes=\"(max-width: 595px) 100vw, 595px\" \/><\/p>\n<p>O \u00faltimo Estudo Dirigido de 2025 com o B\u00e0b\u00e1 Marconi Bispo, no Espa\u00e7o Gerar, acontece no dia 24 de novembro com o tema &#8216;O que preciso aprender com \u1ecc\u0300r\u00fanm\u00ecl\u00e0 e seus 16 primeiros sinais&#8217;.<\/p>\n<p><em>O Bab\u00e1 Marconi Bispo conta sobre \u1ecc\u0300r\u00fanm\u00ecl\u00e0:<\/em><br \/>\n&#8220;Que divindade \u00e9 essa \u2014 \u1ecc\u0300r\u00fanm\u00ecl\u00e0 B\u00e0b\u00e1 If\u00e1 \u2014 a quem tamb\u00e9m podemos chamar de Ib\u00eck\u00e9j\u00ec Ol\u00f3d\u00f9mar\u00e8, o Segundo depois de Ol\u00f3d\u00f9mar\u00e8? Quem \u00e9 \u1ecc\u0300r\u00fanm\u00ecl\u00e0, o Vice, o Adjunto, divindade que senta ao lado de quem tudo criou? Que divindade \u00e9 essa que recebe o nome de \u1eb8l\u1eb9\u0301\u1eb9\u0300r\u00ed \u00ecp\u00edn, o Testemunho do Destino, o primeiro Dramaturgo do universo? Por que \u1eccr\u00fanm\u00ecl\u00e0 \u00e9 titulado como \u00c0gbonn\u00ecr\u00e8g\u00fan, que o entroniza como sendo mais eficaz que qualquer medicina \u2014 ou a pr\u00f3pria medicina? Quem \u00e9 \u1eccr\u00fanm\u00ecl\u00e0, capaz de responder qualquer &#8216;quem \u00e9&#8217;, Ele que \u00e9 a Alta Palmeira, sobe t\u00e3o alto e assim pode ver o que vem, o que j\u00e1 passou, o que \u00e9? Onde|Como \u1eccr\u00fanm\u00ecl\u00e0 B\u00e0b\u00e1 If\u00e1 escreve, onde|como se inscreve e por que a Ele \u00e9 dado o poder de prescrever, de nos dizer aquilo que nem sempre queremos ver? Esta \u00e9 a divindade que, como diria Osman Lins, \u00e9 &#8216;o espa\u00e7o desdobrado, as amplid\u00f5es refletidas nos espelhos do Tempo, o Sol e os planetas, nossa Lua e suas quatro fases, tudo medido pela invis\u00edvel balan\u00e7a, com o p\u00f3len num prato, no outro as constela\u00e7\u00f5es, e que regula, com a mesma certeza, a dist\u00e2ncia, a vertigem, o peso e os n\u00fameros&#8217;. Eu O amo!&#8221;<\/p>\n<p>Marconi Bispo informa que este Estudo, o \u00faltimo deste ano, \u00e9 para, dentre outras coisas, &#8220;viajarmos sobre os primeiros dezesseis signos de \u1ecc\u0300r\u00fanm\u00ecl\u00e0 \u2014 os 16 Od\u00f9 \u00c0gb\u00e0. \u00c9 para descortinarmos seu frescor, sua ambiguidade, suas m\u00faltiplas faces configuradas \u2014 ou seria desfiguradas, transfiguradas? \u2014 em n\u00f3s todas, todes, todos, todxs, tod_s. \u1ecc\u0300r\u00fanm\u00ecl\u00e0 B\u00e0b\u00e1 If\u00e1 somos n\u00f3s. \u00c9 o tracejar de nossos destinos, \u00e9 essa busca, \u00e9 o baratino, as dan\u00e7as do existir, o elixir, o perambular, jogos de se encontrar&#8221;.<\/p>\n<p>SERVI\u00c7O<br \/>\n<em><strong>O QUE EU PRECISO APRENDER COM \u1ecc\u0300R\u00daNM\u00ccL\u00c0 E SEUS 16 PRIMEIROS SINAIS &#8211; Estudo Dirigido n\u00ba 9, com B\u00e0b\u00e1 Marconi Bispo<\/strong><\/em><br \/>\nDATA: 24 de novembro de 2025 [segunda-feira]<br \/>\nHOR\u00c1RIO: das 18h \u00e0s 21h<br \/>\nLOCAL: Gerar \u2014 Psicologia, Arteterapia e Bem-Estar [Rua Luiz Guimar\u00e3es, 253 &#8211; Po\u00e7o da Panela, Recife\/PE]<br \/>\nINVESTIMENTO: R$ 100,00<\/p>\n<p>INSCRI\u00c7\u00d5ES e MAIS INFORMA\u00c7\u00d5ES:<br \/>\n<strong>E-mail:<\/strong> marconibispo77@gmail.com<br \/>\n<strong>Instagram:<\/strong>\u00a0<a href=\"https:\/\/www.instagram.com\/marconi.bispo\/\" target=\"_blank\" rel=\"noopener\">@marconi.bispo<\/a><\/p>\n","protected":false},"excerpt":{"rendered":"<p>O \u00faltimo Estudo Dirigido de 2025 com o B\u00e0b\u00e1 Marconi Bispo, no Espa\u00e7o Gerar, acontece no dia 24 de novembro com o tema &#8216;O que preciso aprender com \u1ecc\u0300r\u00fanm\u00ecl\u00e0 e seus 16 primeiros sinais&#8217;. O Bab\u00e1 Marconi Bispo conta sobre \u1ecc\u0300r\u00fanm\u00ecl\u00e0: &#8220;Que divindade \u00e9 essa \u2014 \u1ecc\u0300r\u00fanm\u00ecl\u00e0 B\u00e0b\u00e1 If\u00e1 \u2014 a quem tamb\u00e9m podemos chamar [&hellip;]<\/p>\n","protected":false},"author":1,"featured_media":46129,"comment_status":"open","ping_status":"open","sticky":false,"template":"","format":"standard","meta":{"om_disable_all_campaigns":false,"_monsterinsights_skip_tracking":false,"_monsterinsights_sitenote_active":false,"_monsterinsights_sitenote_note":"","_monsterinsights_sitenote_category":0,"footnotes":""},"categories":[8,214],"tags":[1604,1517,174,1603],"acf":[],"publishpress_future_action":{"enabled":false,"date":"1969-12-31 21:00:00","action":"","terms":[],"taxonomy":"","browser_timezone_offset":0},"_links":{"self":[{"href":"https:\/\/portalfloresnoar.com\/floresnoar\/wp-json\/wp\/v2\/posts\/46125"}],"collection":[{"href":"https:\/\/portalfloresnoar.com\/floresnoar\/wp-json\/wp\/v2\/posts"}],"about":[{"href":"https:\/\/portalfloresnoar.com\/floresnoar\/wp-json\/wp\/v2\/types\/post"}],"author":[{"embeddable":true,"href":"https:\/\/portalfloresnoar.com\/floresnoar\/wp-json\/wp\/v2\/users\/1"}],"replies":[{"embeddable":true,"href":"https:\/\/portalfloresnoar.com\/floresnoar\/wp-json\/wp\/v2\/comments?post=46125"}],"version-history":[{"count":2,"href":"https:\/\/portalfloresnoar.com\/floresnoar\/wp-json\/wp\/v2\/posts\/46125\/revisions"}],"predecessor-version":[{"id":46131,"href":"https:\/\/portalfloresnoar.com\/floresnoar\/wp-json\/wp\/v2\/posts\/46125\/revisions\/46131"}],"wp:featuredmedia":[{"embeddable":true,"href":"https:\/\/portalfloresnoar.com\/floresnoar\/wp-json\/wp\/v2\/media\/46129"}],"wp:attachment":[{"href":"https:\/\/portalfloresnoar.com\/floresnoar\/wp-json\/wp\/v2\/media?parent=46125"}],"wp:term":[{"taxonomy":"category","embeddable":true,"href":"https:\/\/portalfloresnoar.com\/floresnoar\/wp-json\/wp\/v2\/categories?post=46125"},{"taxonomy":"post_tag","embeddable":true,"href":"https:\/\/portalfloresnoar.com\/floresnoar\/wp-json\/wp\/v2\/tags?post=46125"}],"curies":[{"name":"wp","href":"https:\/\/api.w.org\/{rel}","templated":true}]}}