

{"id":46115,"date":"2025-11-11T15:01:41","date_gmt":"2025-11-11T18:01:41","guid":{"rendered":"https:\/\/portalfloresnoar.com\/floresnoar\/?p=46115"},"modified":"2025-11-11T15:11:05","modified_gmt":"2025-11-11T18:11:05","slug":"agenda-constelacao-familiar-on-line-com-silvia-garcia","status":"publish","type":"post","link":"https:\/\/portalfloresnoar.com\/floresnoar\/agenda-constelacao-familiar-on-line-com-silvia-garcia\/","title":{"rendered":"[AGENDA] Constela\u00e7\u00e3o Familiar on-line com S\u00edlvia Garcia"},"content":{"rendered":"<p><img decoding=\"async\" loading=\"lazy\" class=\"aligncenter wp-image-46118\" src=\"https:\/\/portalfloresnoar.com\/floresnoar\/wp-content\/uploads\/2025\/11\/constelacao-familiar-700x700.jpeg\" alt=\"\" width=\"502\" height=\"502\" srcset=\"https:\/\/portalfloresnoar.com\/floresnoar\/wp-content\/uploads\/2025\/11\/constelacao-familiar-700x700.jpeg 700w, https:\/\/portalfloresnoar.com\/floresnoar\/wp-content\/uploads\/2025\/11\/constelacao-familiar-300x300.jpeg 300w, https:\/\/portalfloresnoar.com\/floresnoar\/wp-content\/uploads\/2025\/11\/constelacao-familiar-150x150.jpeg 150w, https:\/\/portalfloresnoar.com\/floresnoar\/wp-content\/uploads\/2025\/11\/constelacao-familiar-768x768.jpeg 768w, https:\/\/portalfloresnoar.com\/floresnoar\/wp-content\/uploads\/2025\/11\/constelacao-familiar-100x100.jpeg 100w, https:\/\/portalfloresnoar.com\/floresnoar\/wp-content\/uploads\/2025\/11\/constelacao-familiar.jpeg 1080w\" sizes=\"(max-width: 502px) 100vw, 502px\" \/><\/p>\n<p>A terapeuta integrativa e consteladora S\u00edlvia Garcia est\u00e1 oferecendo sess\u00f5es de Constela\u00e7\u00e3o Familiar on-line, voltadas a pessoas que est\u00e3o em busca de autoconhecimento, autoacolhimento e expans\u00e3o.<\/p>\n<p>&#8220;A Constela\u00e7\u00e3o Familiar \u00e9 uma abordagem que busca trazer \u00e0 luz din\u00e2micas ocultas e emaranhamentos em sistemas familiares e empresariais, permitindo que a pessoa encontre novas perspectivas e solu\u00e7\u00f5es. Ela pode ser \u00fatil para solucionar uma variedade de problemas e padr\u00f5es que se manifestam na vida de um indiv\u00edduo ou de uma empresa&#8221;, explica S\u00edlvia.<\/p>\n<p>De acordo com a consteladora, a t\u00e9cnica atua revelando como eventos passados (como exclus\u00f5es, traumas, mortes precoces, injusti\u00e7as) podem estar impactando o presente. &#8220;Ao trazer essas din\u00e2micas \u00e0 consci\u00eancia, \u00e9 poss\u00edvel encontrar um caminho para a cura, o equil\u00edbrio e a reorganiza\u00e7\u00e3o do sistema familiar, liberando o indiv\u00edduo para viver sua pr\u00f3pria vida com mais leveza e prop\u00f3sito&#8221;, explica S\u00edlvia, ressaltando que a Constela\u00e7\u00e3o Familiar \u00e9 uma ferramenta terap\u00eautica complementar e n\u00e3o substitui tratamentos m\u00e9dicos, psicol\u00f3gicos ou psiqui\u00e1tricos convencionais.<\/p>\n<p>A consteladora lista abaixo algumas quest\u00f5es que podem ser trabalhadas durante as sess\u00f5es de Constela\u00e7\u00e3o Familiar. S\u00e3o elas:<\/p>\n<p><strong>Problemas de Relacionamento:<\/strong><br \/>\n&#8211; Conflitos recorrentes com pais, irm\u00e3os, filhos ou parceiros;<br \/>\n&#8211; Dificuldade em encontrar um parceiro ou manter relacionamentos duradouros;<br \/>\n&#8211; Padr\u00f5es de separa\u00e7\u00e3o ou div\u00f3rcio que se repetem na fam\u00edlia;<br \/>\n&#8211; Sentimento de n\u00e3o pertencer \u00e0 fam\u00edlia ou de ser o &#8220;ovelha negra&#8221;;<br \/>\n&#8211; Quest\u00f5es relacionadas \u00e0 ado\u00e7\u00e3o, tanto para adotados quanto para pais adotivos.<\/p>\n<p><strong>Quest\u00f5es de Sa\u00fade e Bem-Estar:<\/strong><br \/>\n&#8211; Doen\u00e7as cr\u00f4nicas ou inexplic\u00e1veis que n\u00e3o respondem a tratamentos convencionais;<br \/>\n&#8211; Sintomas psicossom\u00e1ticos;<br \/>\n&#8211; V\u00edcios e depend\u00eancias (\u00e1lcool, drogas, jogos, etc.);<br \/>\n&#8211; Transtornos alimentares;<br \/>\n&#8211; Depress\u00e3o, ansiedade, ataques de p\u00e2nico sem causa aparente.<\/p>\n<p><strong>Dificuldades na Carreira e Finan\u00e7as:<\/strong><br \/>\n&#8211; Dificuldade em prosperar financeiramente, mesmo com esfor\u00e7o;<br \/>\n&#8211; Perda recorrente de emprego ou insatisfa\u00e7\u00e3o profissional cr\u00f4nica;<br \/>\n&#8211; Problemas para iniciar ou manter um neg\u00f3cio;<br \/>\n&#8211; Sentimento de n\u00e3o merecer o sucesso.<\/p>\n<p><strong>Padr\u00f5es Repetitivos e Destino:<\/strong><br \/>\n&#8211; Repeti\u00e7\u00e3o de acidentes, perdas ou situa\u00e7\u00f5es tr\u00e1gicas em diferentes gera\u00e7\u00f5es;<br \/>\n&#8211; Sentimento de culpa ou peso inexplic\u00e1vel;<br \/>\n&#8211; Padr\u00f5es de fracasso ou autossabotagem;<br \/>\n&#8211; Dificuldade em lidar com lutos n\u00e3o resolvidos ou perdas significativas.<\/p>\n<p><strong>Sentimentos e Emo\u00e7\u00f5es:<\/strong><br \/>\n&#8211; Sentimentos de tristeza profunda, raiva ou vazio sem uma raz\u00e3o clara;<br \/>\n&#8211; Medos e fobias inexplic\u00e1veis;<br \/>\n&#8211; Dificuldade em tomar decis\u00f5es ou em seguir em frente;<br \/>\n&#8211; Baixa autoestima e falta de autoconfian\u00e7a.<\/p>\n<p>SOBRE A CONSTELADORA<br \/>\n<strong><img decoding=\"async\" loading=\"lazy\" class=\"wp-image-46117 alignleft\" src=\"https:\/\/portalfloresnoar.com\/floresnoar\/wp-content\/uploads\/2025\/11\/constelacao-familiar-com-silvia-garcia.jpeg\" alt=\"\" width=\"176\" height=\"177\" srcset=\"https:\/\/portalfloresnoar.com\/floresnoar\/wp-content\/uploads\/2025\/11\/constelacao-familiar-com-silvia-garcia.jpeg 679w, https:\/\/portalfloresnoar.com\/floresnoar\/wp-content\/uploads\/2025\/11\/constelacao-familiar-com-silvia-garcia-300x300.jpeg 300w, https:\/\/portalfloresnoar.com\/floresnoar\/wp-content\/uploads\/2025\/11\/constelacao-familiar-com-silvia-garcia-150x150.jpeg 150w, https:\/\/portalfloresnoar.com\/floresnoar\/wp-content\/uploads\/2025\/11\/constelacao-familiar-com-silvia-garcia-100x100.jpeg 100w\" sizes=\"(max-width: 176px) 100vw, 176px\" \/><\/strong><\/p>\n<p><strong>S\u00edlvia Garcia<\/strong> \u00e9 terapeuta integrativa, com vasta experi\u00eancia em diversos ramos do mundo hol\u00edstico e medicinas naturais e ancestrais. \u00c9 p\u00f3s-graduanda em Constela\u00e7\u00e3o Familiar pela Faculdade FABEX, m\u00e9todo Baralho Sist\u00eamico, desenvolvido por Elis\u00e2ngela Barbosa (<a href=\"https:\/\/www.instagram.com\/eliconsteladora\/\" target=\"_blank\" rel=\"noopener\">@eliconsteladora<\/a>).<\/p>\n<p>&nbsp;<\/p>\n<p>&nbsp;<\/p>\n<p>SERVI\u00c7O<br \/>\n<em><strong>Sess\u00f5es de Constela\u00e7\u00e3o Familiar com S\u00edlvia Garcia<\/strong><\/em><br \/>\n<strong>Local:<\/strong> On-line<br \/>\n<strong>Dura\u00e7\u00e3o da sess\u00e3o:<\/strong> 1h30<br \/>\n<strong>Agendamentos:<\/strong> (81) 99900-8769 (WhatsApp)<\/p>\n<p>MAIS INFORMA\u00c7\u00d5ES<br \/>\n<strong>WhatsApp:<\/strong> (81) 99900-8769<br \/>\n<strong>Instagram:<\/strong><a href=\"https:\/\/www.instagram.com\/silvia.vieira.garcia\/\" target=\"_blank\" rel=\"noopener\"> @silvia.vieira.garcia<\/a><\/p>\n","protected":false},"excerpt":{"rendered":"<p>A terapeuta integrativa e consteladora S\u00edlvia Garcia est\u00e1 oferecendo sess\u00f5es de Constela\u00e7\u00e3o Familiar on-line, voltadas a pessoas que est\u00e3o em busca de autoconhecimento, autoacolhimento e expans\u00e3o. &#8220;A Constela\u00e7\u00e3o Familiar \u00e9 uma abordagem que busca trazer \u00e0 luz din\u00e2micas ocultas e emaranhamentos em sistemas familiares e empresariais, permitindo que a pessoa encontre novas perspectivas e solu\u00e7\u00f5es. [&hellip;]<\/p>\n","protected":false},"author":1,"featured_media":46119,"comment_status":"open","ping_status":"open","sticky":false,"template":"","format":"standard","meta":{"om_disable_all_campaigns":false,"_monsterinsights_skip_tracking":false,"_monsterinsights_sitenote_active":false,"_monsterinsights_sitenote_note":"","_monsterinsights_sitenote_category":0,"footnotes":""},"categories":[8,220,224,214,978],"tags":[151,302],"acf":[],"publishpress_future_action":{"enabled":false,"date":"1969-12-31 21:00:00","action":"","terms":[],"taxonomy":"","browser_timezone_offset":0},"_links":{"self":[{"href":"https:\/\/portalfloresnoar.com\/floresnoar\/wp-json\/wp\/v2\/posts\/46115"}],"collection":[{"href":"https:\/\/portalfloresnoar.com\/floresnoar\/wp-json\/wp\/v2\/posts"}],"about":[{"href":"https:\/\/portalfloresnoar.com\/floresnoar\/wp-json\/wp\/v2\/types\/post"}],"author":[{"embeddable":true,"href":"https:\/\/portalfloresnoar.com\/floresnoar\/wp-json\/wp\/v2\/users\/1"}],"replies":[{"embeddable":true,"href":"https:\/\/portalfloresnoar.com\/floresnoar\/wp-json\/wp\/v2\/comments?post=46115"}],"version-history":[{"count":5,"href":"https:\/\/portalfloresnoar.com\/floresnoar\/wp-json\/wp\/v2\/posts\/46115\/revisions"}],"predecessor-version":[{"id":46123,"href":"https:\/\/portalfloresnoar.com\/floresnoar\/wp-json\/wp\/v2\/posts\/46115\/revisions\/46123"}],"wp:featuredmedia":[{"embeddable":true,"href":"https:\/\/portalfloresnoar.com\/floresnoar\/wp-json\/wp\/v2\/media\/46119"}],"wp:attachment":[{"href":"https:\/\/portalfloresnoar.com\/floresnoar\/wp-json\/wp\/v2\/media?parent=46115"}],"wp:term":[{"taxonomy":"category","embeddable":true,"href":"https:\/\/portalfloresnoar.com\/floresnoar\/wp-json\/wp\/v2\/categories?post=46115"},{"taxonomy":"post_tag","embeddable":true,"href":"https:\/\/portalfloresnoar.com\/floresnoar\/wp-json\/wp\/v2\/tags?post=46115"}],"curies":[{"name":"wp","href":"https:\/\/api.w.org\/{rel}","templated":true}]}}