

{"id":46111,"date":"2024-11-10T10:38:22","date_gmt":"2024-11-10T13:38:22","guid":{"rendered":"https:\/\/portalfloresnoar.com\/floresnoar\/?p=46111"},"modified":"2025-12-01T15:57:47","modified_gmt":"2025-12-01T18:57:47","slug":"agenda-pe-circulo-de-mulheres-aborda-os-sentimentos-de-culpa-e-vergonha-dia-29-11-no-recife","status":"publish","type":"post","link":"https:\/\/portalfloresnoar.com\/floresnoar\/agenda-pe-circulo-de-mulheres-aborda-os-sentimentos-de-culpa-e-vergonha-dia-29-11-no-recife\/","title":{"rendered":"[AGENDA PE] C\u00edrculo de Mulheres aborda os sentimentos de culpa e vergonha, dia 29\/11, no Recife"},"content":{"rendered":"<p><img decoding=\"async\" loading=\"lazy\" class=\"aligncenter size-large wp-image-46112\" src=\"https:\/\/portalfloresnoar.com\/floresnoar\/wp-content\/uploads\/2025\/11\/circulo-de-mulheres-no-recife-700x700.jpeg\" alt=\"\" width=\"700\" height=\"700\" srcset=\"https:\/\/portalfloresnoar.com\/floresnoar\/wp-content\/uploads\/2025\/11\/circulo-de-mulheres-no-recife-700x700.jpeg 700w, https:\/\/portalfloresnoar.com\/floresnoar\/wp-content\/uploads\/2025\/11\/circulo-de-mulheres-no-recife-300x300.jpeg 300w, https:\/\/portalfloresnoar.com\/floresnoar\/wp-content\/uploads\/2025\/11\/circulo-de-mulheres-no-recife-150x150.jpeg 150w, https:\/\/portalfloresnoar.com\/floresnoar\/wp-content\/uploads\/2025\/11\/circulo-de-mulheres-no-recife-768x768.jpeg 768w, https:\/\/portalfloresnoar.com\/floresnoar\/wp-content\/uploads\/2025\/11\/circulo-de-mulheres-no-recife-100x100.jpeg 100w, https:\/\/portalfloresnoar.com\/floresnoar\/wp-content\/uploads\/2025\/11\/circulo-de-mulheres-no-recife.jpeg 1080w\" sizes=\"(max-width: 700px) 100vw, 700px\" \/><\/p>\n<p>&#8220;Culpa e vergonha: como lidar com essas emo\u00e7\u00f5es?&#8221; \u00e9 o tema do C\u00edrculo de Mulheres que acontece no dia 29 de novembro de 2025, no Espa\u00e7o Gerar, no Recife. O encontro ser\u00e1 das 9h \u00e0s 12h e \u00e9 voltado para toda mulher interessada.<\/p>\n<p>&#8220;No C\u00edrculo de Mulheres vamos compartilhar experi\u00eancias e nos apoiar, vivenciando momentos de autodescoberta, aprendizados e autocuidado&#8221;, informam as psic\u00f3logas Luciana Absal\u00e3o e Sandra Wanderley, facilitadoras da roda.<\/p>\n<p><strong>Dia:<\/strong> 29 de novembro de 2025 (s\u00e1bado)<br \/>\n<strong>Hor\u00e1rio:<\/strong> 9h \u00e0s 12h<br \/>\n<strong>Local:<\/strong>\u00a0Espa\u00e7o Gerar \u2013 Psicologia, Arteterapia e Bem-Estar: Rua Luiz Guimar\u00e3es, 253, Po\u00e7o da Panela, Recife\/PE. Fone\/WhatsApp: (81) 99760.6383<br \/>\n<em>(Mapa com a localiza\u00e7\u00e3o:\u00a0<a href=\"https:\/\/maps.app.goo.gl\/kZCHrg1TKRm8Qhmv9\" target=\"_blank\" rel=\"noopener\">https:\/\/maps.app.goo.gl\/kZCHrg1TKRm8Qhmv9<\/a>)<\/em><\/p>\n<p><strong>Inscri\u00e7\u00f5es atrav\u00e9s do formul\u00e1rio dispon\u00edvel neste link:<\/strong> https:\/\/docs.google.com\/forms\/d\/e\/1FAIpQLSd6oGkXN3QuQaS3-2RzQm06oWDGaYzTvidvQ9HGwUXZxN0IeQ\/viewform<\/p>\n<p><strong>Investimento:\u00a0<\/strong>R$ 100,00<br \/>\nChave Pix: hiltonluciana70@gmail.com (Luciana Absal\u00e3o da Silva)<br \/>\n<em>Obs.: Ap\u00f3s o pagamento encaminhar comprovante para o WhatsApp (81) 98949-5330.<\/em><\/p>\n<p>CONTATOS E MAIS INFORMA\u00c7\u00d5ES<br \/>\n<strong>WhatsApp:<\/strong>\u00a0(81) 98949-5330 (Luciana Absal\u00e3o)\/ (81) 99272-0261 (Sandra Wanderley)<\/p>\n","protected":false},"excerpt":{"rendered":"<p>&#8220;Culpa e vergonha: como lidar com essas emo\u00e7\u00f5es?&#8221; \u00e9 o tema do C\u00edrculo de Mulheres que acontece no dia 29 de novembro de 2025, no Espa\u00e7o Gerar, no Recife. O encontro ser\u00e1 das 9h \u00e0s 12h e \u00e9 voltado para toda mulher interessada. &#8220;No C\u00edrculo de Mulheres vamos compartilhar experi\u00eancias e nos apoiar, vivenciando momentos [&hellip;]<\/p>\n","protected":false},"author":1,"featured_media":46113,"comment_status":"open","ping_status":"open","sticky":false,"template":"","format":"standard","meta":{"om_disable_all_campaigns":false,"_monsterinsights_skip_tracking":false,"_monsterinsights_sitenote_active":false,"_monsterinsights_sitenote_note":"","_monsterinsights_sitenote_category":0,"footnotes":""},"categories":[8,214],"tags":[358,1264],"acf":[],"publishpress_future_action":{"enabled":false,"date":"1969-12-31 21:00:00","action":"","terms":[],"taxonomy":"","browser_timezone_offset":0},"_links":{"self":[{"href":"https:\/\/portalfloresnoar.com\/floresnoar\/wp-json\/wp\/v2\/posts\/46111"}],"collection":[{"href":"https:\/\/portalfloresnoar.com\/floresnoar\/wp-json\/wp\/v2\/posts"}],"about":[{"href":"https:\/\/portalfloresnoar.com\/floresnoar\/wp-json\/wp\/v2\/types\/post"}],"author":[{"embeddable":true,"href":"https:\/\/portalfloresnoar.com\/floresnoar\/wp-json\/wp\/v2\/users\/1"}],"replies":[{"embeddable":true,"href":"https:\/\/portalfloresnoar.com\/floresnoar\/wp-json\/wp\/v2\/comments?post=46111"}],"version-history":[{"count":1,"href":"https:\/\/portalfloresnoar.com\/floresnoar\/wp-json\/wp\/v2\/posts\/46111\/revisions"}],"predecessor-version":[{"id":46114,"href":"https:\/\/portalfloresnoar.com\/floresnoar\/wp-json\/wp\/v2\/posts\/46111\/revisions\/46114"}],"wp:featuredmedia":[{"embeddable":true,"href":"https:\/\/portalfloresnoar.com\/floresnoar\/wp-json\/wp\/v2\/media\/46113"}],"wp:attachment":[{"href":"https:\/\/portalfloresnoar.com\/floresnoar\/wp-json\/wp\/v2\/media?parent=46111"}],"wp:term":[{"taxonomy":"category","embeddable":true,"href":"https:\/\/portalfloresnoar.com\/floresnoar\/wp-json\/wp\/v2\/categories?post=46111"},{"taxonomy":"post_tag","embeddable":true,"href":"https:\/\/portalfloresnoar.com\/floresnoar\/wp-json\/wp\/v2\/tags?post=46111"}],"curies":[{"name":"wp","href":"https:\/\/api.w.org\/{rel}","templated":true}]}}