

{"id":46100,"date":"2025-05-22T10:05:46","date_gmt":"2025-05-22T13:05:46","guid":{"rendered":"https:\/\/portalfloresnoar.com\/floresnoar\/?p=46100"},"modified":"2025-11-05T10:31:55","modified_gmt":"2025-11-05T13:31:55","slug":"agenda-pe-o-que-eu-preciso-aprender-com-nana-e-omulu-estudo-dirigido-com-baba-marconi-bispo-dia-30-10-no-espaco-gerar","status":"publish","type":"post","link":"https:\/\/portalfloresnoar.com\/floresnoar\/agenda-pe-o-que-eu-preciso-aprender-com-nana-e-omulu-estudo-dirigido-com-baba-marconi-bispo-dia-30-10-no-espaco-gerar\/","title":{"rendered":"[AGENDA PE] &#8220;O que eu preciso aprender com Nan\u00e3 e Omulu?&#8221; Estudo dirigido com B\u00e0b\u00e1 Marconi Bispo, dia 30\/10, no Espa\u00e7o Gerar"},"content":{"rendered":"<p><img decoding=\"async\" loading=\"lazy\" class=\"aligncenter size-large wp-image-46104\" src=\"https:\/\/portalfloresnoar.com\/floresnoar\/wp-content\/uploads\/2025\/10\/nana-omulu-estudos-560x700.jpg\" alt=\"\" width=\"560\" height=\"700\" srcset=\"https:\/\/portalfloresnoar.com\/floresnoar\/wp-content\/uploads\/2025\/10\/nana-omulu-estudos-560x700.jpg 560w, https:\/\/portalfloresnoar.com\/floresnoar\/wp-content\/uploads\/2025\/10\/nana-omulu-estudos-240x300.jpg 240w, https:\/\/portalfloresnoar.com\/floresnoar\/wp-content\/uploads\/2025\/10\/nana-omulu-estudos.jpg 756w\" sizes=\"(max-width: 560px) 100vw, 560px\" \/><\/p>\n<p>No dia 30 de outubro de 2025 acontece no Espa\u00e7o Gerar, no Recife, o oitavo Estudo Dirigido conduzido pelo B\u00e0b\u00e1 Marconi Bispo, desta vez com o tema: \u201cO que eu preciso aprender com Nan\u00e3 e Omulu?\u201d. O encontro acontece das 18h \u00e0s 21h e \u00e9 voltado a todas as pessoas interessadas no assunto.<\/p>\n<p>&#8220;Nan\u00e3 e Omulu t\u00eam tanto a nos ensinar, tanto. Sobre viver. Que \u00e9 aceitar, de boas, o morrer&#8221;, conta o B\u00e0b\u00e1 Marconi Bispo, acrescentando: &#8220;Nan\u00e3 e Omulu querem reger o morrer esperado, sossegado, calmo. A Morte Vivida, de quem sabe que pisando a primeira vez aqui, j\u00e1 est\u00e1 caminhando para seu fim. Festa \u00e9 o tempo \u2014 que a gente quer vasto \u2014 entre a primeira pisada e a \u00faltima. Nan\u00e3 e Omulu \u00e9 sobre n\u00e3o atropelar o passo. Nem faz\u00ea-lo maior que a perna. Nem menor, que tamb\u00e9m n\u00e3o deixa de ser uma morte.&#8221;<\/p>\n<p>SERVI\u00c7O<br \/>\n<strong><em>O QUE EU PRECISO APRENDER COM NAN\u00c3 E OMULU &#8211; Estudo Dirigido n\u00ba 8, com B\u00e0b\u00e1 Marconi Bispo.<\/em><\/strong><br \/>\nDATA: 30 de outubro de 2025 [quinta-feira]<br \/>\nHOR\u00c1RIO: das 18h \u00e0s 21h.<br \/>\nLOCAL: Gerar \u2014 Psicologia, Arteterapia e Bem-Estar [Rua Luiz Guimar\u00e3es, 253 &#8211; Po\u00e7o da Panela, Recife|PE].<br \/>\nINVESTIMENTO: R$ 100,00<\/p>\n<p>INSCRI\u00c7\u00d5ES e MAIS INFORMA\u00c7\u00d5ES:<br \/>\n<strong>E-mail:<\/strong> marconibispo77@gmail.com<br \/>\n<strong>Instagram:<\/strong> <a href=\"https:\/\/www.instagram.com\/marconi.bispo\/\" target=\"_blank\" rel=\"noopener\">@marconi.bispo<\/a><\/p>\n","protected":false},"excerpt":{"rendered":"<p>No dia 30 de outubro de 2025 acontece no Espa\u00e7o Gerar, no Recife, o oitavo Estudo Dirigido conduzido pelo B\u00e0b\u00e1 Marconi Bispo, desta vez com o tema: \u201cO que eu preciso aprender com Nan\u00e3 e Omulu?\u201d. O encontro acontece das 18h \u00e0s 21h e \u00e9 voltado a todas as pessoas interessadas no assunto. &#8220;Nan\u00e3 e [&hellip;]<\/p>\n","protected":false},"author":1,"featured_media":46103,"comment_status":"open","ping_status":"open","sticky":false,"template":"","format":"standard","meta":{"om_disable_all_campaigns":false,"_monsterinsights_skip_tracking":false,"_monsterinsights_sitenote_active":false,"_monsterinsights_sitenote_note":"","_monsterinsights_sitenote_category":0,"footnotes":""},"categories":[8,214],"tags":[153,1517,174],"acf":[],"publishpress_future_action":{"enabled":false,"date":"1969-12-31 21:00:00","action":"","terms":[],"taxonomy":"","browser_timezone_offset":0},"_links":{"self":[{"href":"https:\/\/portalfloresnoar.com\/floresnoar\/wp-json\/wp\/v2\/posts\/46100"}],"collection":[{"href":"https:\/\/portalfloresnoar.com\/floresnoar\/wp-json\/wp\/v2\/posts"}],"about":[{"href":"https:\/\/portalfloresnoar.com\/floresnoar\/wp-json\/wp\/v2\/types\/post"}],"author":[{"embeddable":true,"href":"https:\/\/portalfloresnoar.com\/floresnoar\/wp-json\/wp\/v2\/users\/1"}],"replies":[{"embeddable":true,"href":"https:\/\/portalfloresnoar.com\/floresnoar\/wp-json\/wp\/v2\/comments?post=46100"}],"version-history":[{"count":1,"href":"https:\/\/portalfloresnoar.com\/floresnoar\/wp-json\/wp\/v2\/posts\/46100\/revisions"}],"predecessor-version":[{"id":46105,"href":"https:\/\/portalfloresnoar.com\/floresnoar\/wp-json\/wp\/v2\/posts\/46100\/revisions\/46105"}],"wp:featuredmedia":[{"embeddable":true,"href":"https:\/\/portalfloresnoar.com\/floresnoar\/wp-json\/wp\/v2\/media\/46103"}],"wp:attachment":[{"href":"https:\/\/portalfloresnoar.com\/floresnoar\/wp-json\/wp\/v2\/media?parent=46100"}],"wp:term":[{"taxonomy":"category","embeddable":true,"href":"https:\/\/portalfloresnoar.com\/floresnoar\/wp-json\/wp\/v2\/categories?post=46100"},{"taxonomy":"post_tag","embeddable":true,"href":"https:\/\/portalfloresnoar.com\/floresnoar\/wp-json\/wp\/v2\/tags?post=46100"}],"curies":[{"name":"wp","href":"https:\/\/api.w.org\/{rel}","templated":true}]}}