

{"id":46071,"date":"2025-09-30T12:04:44","date_gmt":"2025-09-30T15:04:44","guid":{"rendered":"https:\/\/portalfloresnoar.com\/floresnoar\/?p=46071"},"modified":"2025-09-30T12:09:17","modified_gmt":"2025-09-30T15:09:17","slug":"esta-no-ar-a-publicacao-barreiras-ao-financiamento-para-organizacoes-de-comunicacao-popular","status":"publish","type":"post","link":"https:\/\/portalfloresnoar.com\/floresnoar\/esta-no-ar-a-publicacao-barreiras-ao-financiamento-para-organizacoes-de-comunicacao-popular\/","title":{"rendered":"Est\u00e1 no ar a publica\u00e7\u00e3o &#8216;Barreiras ao Financiamento para Organiza\u00e7\u00f5es de Comunica\u00e7\u00e3o Popular&#8217;"},"content":{"rendered":"<p><img decoding=\"async\" loading=\"lazy\" class=\" wp-image-46073 alignleft\" src=\"https:\/\/portalfloresnoar.com\/floresnoar\/wp-content\/uploads\/2025\/09\/pesquisa-barreiras-ao-finaciamento-para-organizacoes-de-comunicacao-popular.jpg\" alt=\"\" width=\"363\" height=\"521\" srcset=\"https:\/\/portalfloresnoar.com\/floresnoar\/wp-content\/uploads\/2025\/09\/pesquisa-barreiras-ao-finaciamento-para-organizacoes-de-comunicacao-popular.jpg 477w, https:\/\/portalfloresnoar.com\/floresnoar\/wp-content\/uploads\/2025\/09\/pesquisa-barreiras-ao-finaciamento-para-organizacoes-de-comunicacao-popular-209x300.jpg 209w\" sizes=\"(max-width: 363px) 100vw, 363px\" \/>&#8220;Quais s\u00e3o as barreiras que coletivos, movimentos, organiza\u00e7\u00f5es e m\u00eddias de comunica\u00e7\u00e3o popular t\u00eam enfrentado para acessar recursos financeiros no Brasil?&#8221;. Esta \u00e9 a pergunta que moveu a pesquisa nacional conduzida pela <a href=\"https:\/\/pacova.org\/\" target=\"_blank\" rel=\"noopener\">Pacov\u00e1 &#8211; Articula\u00e7\u00e3o de Coopera\u00e7\u00e3o do Campo \u00e0 Cidade<\/a>, que agora chega em forma de publica\u00e7\u00e3o.<\/p>\n<p>A publica\u00e7\u00e3o, intitulada &#8216;Barreiras ao Financiamento para Organiza\u00e7\u00f5es de Comunica\u00e7\u00e3o Popular&#8217; foi,<a href=\"https:\/\/www.youtube.com\/watch?v=pozng-Zug6s\" target=\"_blank\" rel=\"noopener\"> lan\u00e7ada no dia 24 de setembro de 2025, em um evento on-line<\/a>, compondo a programa\u00e7\u00e3o do &#8216;M\u00eas da Filantropia que Transforma&#8217; da <a href=\"https:\/\/redecomua.org.br\/\" target=\"_blank\" rel=\"noopener\">Rede Comu\u00e1<\/a>. O acesso \u00e0 pesquisa est\u00e1 dispon\u00edvel <a href=\"https:\/\/pacova.org\/relatorio\/?fbclid=PAZXh0bgNhZW0CMTEAAaela4MOddqvDGYOcdls69zgQI0IiwJz854wqGwctgKd-nhIFyqvP87WwwVd-w_aem_8uzXUA20DxonfYL7_po8SQ\" target=\"_blank\" rel=\"noopener\">NESTE LINK<\/a>!<\/p>\n<p>De acordo com Albert Fran\u00e7a, diretor executivo da Pacov\u00e1, ao longo de meses, foram ouvidas, mapeadas e sistematizadas vozes que, mesmo enfrentando barreiras estruturais e operacionais, seguem produzindo narrativas que defendem a vida e ampliam horizontes. &#8220;O que apresentamos na pesquisa \u00e9 mais do que dados: \u00e9 o retrato de uma realidade invisibilizada, mas profundamente potente, que insiste em existir apesar das dificuldades impostas pelo sistema de financiamento tradicional.&#8221;<\/p>\n<p>O <a href=\"https:\/\/portalfloresnoar.com\/floresnoar\/\" target=\"_blank\" rel=\"noopener\">Portal Flores no Ar<\/a>, que celebra 16 anos nesta Primavera de 2025, foi uma das iniciativas de comunica\u00e7\u00e3o ouvidas pela pesquisa, na regi\u00e3o Nordeste. &#8220;Pra gente esta pesquisa \u00e9 muito importante, pois \u00e9 uma luta grande manter a\u00e7\u00f5es de comunica\u00e7\u00e3o contra hegem\u00f4nicas de forma independente neste Pa\u00eds&#8221;, ressalta Lu Rabelo, guardi\u00e3 do Portal Flores no Ar.<\/p>\n<p>Segundo Albert Fran\u00e7a, o estudo revela os principais entraves ao financiamento, mas tamb\u00e9m abre caminhos para fortalecer a incid\u00eancia no campo da filantropia e ampliar estrat\u00e9gias de apoio mais justas e acess\u00edveis \u00e0 comunica\u00e7\u00e3o popular&#8221;.<\/p>\n<p>A publica\u00e7\u00e3o &#8216;Barreiras ao Financiamento para Organiza\u00e7\u00f5es de Comunica\u00e7\u00e3o Popular&#8221; contou com apoio financeiro do <a href=\"https:\/\/www.institutoacp.org.br\/\" target=\"_blank\" rel=\"noopener\">Instituto ACP<\/a> .<\/p>\n<p><strong>&gt;&gt;&gt; Baixe a publica\u00e7\u00e3o gratuitamente <a href=\"https:\/\/pacova.org\/relatorio\/?fbclid=PAZXh0bgNhZW0CMTEAAaela4MOddqvDGYOcdls69zgQI0IiwJz854wqGwctgKd-nhIFyqvP87WwwVd-w_aem_8uzXUA20DxonfYL7_po8SQ\" target=\"_blank\" rel=\"noopener\">NESTE LINK<\/a>!<\/strong><\/p>\n<p>MAIS INFORMA\u00c7\u00d5ES<br \/>\n<strong>Telefone: <\/strong>+55 (75) 9 9907-2269<br \/>\n<strong>E-mail:<\/strong> contato@pacova.org<br \/>\n<strong>Instagram:<\/strong> <a href=\"https:\/\/www.instagram.com\/articulacaopacova\/\" target=\"_blank\" rel=\"noopener\">@articulacaopacova<\/a><br \/>\n<strong>Site:<\/strong><a href=\"https:\/\/pacova.org\/\" target=\"_blank\" rel=\"noopener\"> https:\/\/pacova.org\/<\/a><\/p>\n","protected":false},"excerpt":{"rendered":"<p>&#8220;Quais s\u00e3o as barreiras que coletivos, movimentos, organiza\u00e7\u00f5es e m\u00eddias de comunica\u00e7\u00e3o popular t\u00eam enfrentado para acessar recursos financeiros no Brasil?&#8221;. Esta \u00e9 a pergunta que moveu a pesquisa nacional conduzida pela Pacov\u00e1 &#8211; Articula\u00e7\u00e3o de Coopera\u00e7\u00e3o do Campo \u00e0 Cidade, que agora chega em forma de publica\u00e7\u00e3o. A publica\u00e7\u00e3o, intitulada &#8216;Barreiras ao Financiamento para [&hellip;]<\/p>\n","protected":false},"author":1,"featured_media":46072,"comment_status":"open","ping_status":"open","sticky":false,"template":"","format":"standard","meta":{"om_disable_all_campaigns":false,"_monsterinsights_skip_tracking":false,"_monsterinsights_sitenote_active":false,"_monsterinsights_sitenote_note":"","_monsterinsights_sitenote_category":0,"footnotes":""},"categories":[9],"tags":[49,1222,1438,552],"acf":[],"publishpress_future_action":{"enabled":false,"date":"1969-12-31 21:00:00","action":"","terms":[],"taxonomy":"","browser_timezone_offset":0},"_links":{"self":[{"href":"https:\/\/portalfloresnoar.com\/floresnoar\/wp-json\/wp\/v2\/posts\/46071"}],"collection":[{"href":"https:\/\/portalfloresnoar.com\/floresnoar\/wp-json\/wp\/v2\/posts"}],"about":[{"href":"https:\/\/portalfloresnoar.com\/floresnoar\/wp-json\/wp\/v2\/types\/post"}],"author":[{"embeddable":true,"href":"https:\/\/portalfloresnoar.com\/floresnoar\/wp-json\/wp\/v2\/users\/1"}],"replies":[{"embeddable":true,"href":"https:\/\/portalfloresnoar.com\/floresnoar\/wp-json\/wp\/v2\/comments?post=46071"}],"version-history":[{"count":5,"href":"https:\/\/portalfloresnoar.com\/floresnoar\/wp-json\/wp\/v2\/posts\/46071\/revisions"}],"predecessor-version":[{"id":46078,"href":"https:\/\/portalfloresnoar.com\/floresnoar\/wp-json\/wp\/v2\/posts\/46071\/revisions\/46078"}],"wp:featuredmedia":[{"embeddable":true,"href":"https:\/\/portalfloresnoar.com\/floresnoar\/wp-json\/wp\/v2\/media\/46072"}],"wp:attachment":[{"href":"https:\/\/portalfloresnoar.com\/floresnoar\/wp-json\/wp\/v2\/media?parent=46071"}],"wp:term":[{"taxonomy":"category","embeddable":true,"href":"https:\/\/portalfloresnoar.com\/floresnoar\/wp-json\/wp\/v2\/categories?post=46071"},{"taxonomy":"post_tag","embeddable":true,"href":"https:\/\/portalfloresnoar.com\/floresnoar\/wp-json\/wp\/v2\/tags?post=46071"}],"curies":[{"name":"wp","href":"https:\/\/api.w.org\/{rel}","templated":true}]}}