

{"id":46064,"date":"2025-09-26T22:25:20","date_gmt":"2025-09-27T01:25:20","guid":{"rendered":"https:\/\/portalfloresnoar.com\/floresnoar\/?p=46064"},"modified":"2025-09-26T23:34:11","modified_gmt":"2025-09-27T02:34:11","slug":"flores-no-ar-celebra-16-anos-nesta-primavera-de-retomada-da-retomada","status":"publish","type":"post","link":"https:\/\/portalfloresnoar.com\/floresnoar\/flores-no-ar-celebra-16-anos-nesta-primavera-de-retomada-da-retomada\/","title":{"rendered":"Flores no Ar celebra 16 anos nesta Primavera de retomada da retomada!"},"content":{"rendered":"<p><img decoding=\"async\" loading=\"lazy\" class=\"aligncenter size-large wp-image-46066\" src=\"https:\/\/portalfloresnoar.com\/floresnoar\/wp-content\/uploads\/2025\/09\/16-anos-flores-no-ar-700x311.jpg\" alt=\"\" width=\"700\" height=\"311\" srcset=\"https:\/\/portalfloresnoar.com\/floresnoar\/wp-content\/uploads\/2025\/09\/16-anos-flores-no-ar-700x311.jpg 700w, https:\/\/portalfloresnoar.com\/floresnoar\/wp-content\/uploads\/2025\/09\/16-anos-flores-no-ar-300x133.jpg 300w, https:\/\/portalfloresnoar.com\/floresnoar\/wp-content\/uploads\/2025\/09\/16-anos-flores-no-ar-768x341.jpg 768w, https:\/\/portalfloresnoar.com\/floresnoar\/wp-content\/uploads\/2025\/09\/16-anos-flores-no-ar.jpg 1440w\" sizes=\"(max-width: 700px) 100vw, 700px\" \/><\/p>\n<p>| <em>Por Lu Rabelo<\/em>* |<\/p>\n<p>16 anos de Flores no Ar.<br \/>\nNo Tarot 16 \u00e9 o n\u00famero do Arcano \u2018A Torre\u2019.<br \/>\nE 1+6 = 7 \u2018O Carro\u2019.<\/p>\n<p>A Torre caiu. Ufa! Desde 2016 a gente tem tido que conviver com a indigna\u00e7\u00e3o e a raiva, diante de tanta bandidagem e desrespeito. Este sistema cansa! Mas viva o povo na rua! Viva! Viva!<\/p>\n<p>Lula, meu presidente, o Flores no Ar sempre esteve com voc\u00ea, e cada vez te admiramos mais!<br \/>\nDilma, minha presidenta, a roda girou! Salve!<\/p>\n<p>Agora, nesta Primavera, \u00e9 a retomada da retomada!<br \/>\nAinda mais aliviades.<\/p>\n<p>E o Flores continua a seguir o fluxo, confiante nas escolhas libert\u00e1rias.<\/p>\n<p>H\u00e1 muito o que ser feito, em muitas frentes e bases.<\/p>\n<p>Enquanto nos for poss\u00edvel e desejado, continuaremos no ar, tendo a liberdade como princ\u00edpio, e o amor como guia.<\/p>\n<p>Temos quase 7 mil postagens no Portal Flores no Ar (www.portalfloresnoar.com). Not\u00edcias, ensaios, poemas, ora\u00e7\u00f5es, entrevistas, ilustra\u00e7\u00f5es, v\u00eddeos, contos\u2026 Um valioso reposit\u00f3rio da cultura brasileira, especialmente da pernambucana.<\/p>\n<p>Recentemente participamos da pesquisa \u2018Barreiras ao Financiamento para Organiza\u00e7\u00f5es de Comunica\u00e7\u00e3o Popular\u2019, feita pela Pacov\u00e1 &#8211; Articula\u00e7\u00e3o de Coopera\u00e7\u00e3o do Campo \u00e0 Cidade. O link para publica\u00e7\u00e3o da importante pesquisa est\u00e1 na bio do perfil do Instagram: <a href=\"https:\/\/www.instagram.com\/articulacaopacova\/\" target=\"_blank\" rel=\"noopener\">@articulacaopacova<\/a><\/p>\n<p>Apesar dos desafios, t\u00f4 feliz que o Flores no Ar segue comunicando bem o que quer, e do jeito que melhor d\u00e1, contando com parcerias important\u00edssimas, como o Espa\u00e7o Gerar, que est\u00e1 junto desde o in\u00edcio de tudo, em 2009.<\/p>\n<p>Foram dezenas, talvez centenas, de parcerias ao longo desses 16 anos, a quem sou muito agradecida!<\/p>\n<p>Quem quiser chegar junto pra compartilhar informa\u00e7\u00f5es, sonhos e poesia, ser\u00e1 muy bem-vinde!<br \/>\n\u00c9 um fortalecimento m\u00fatuo, que se expande.<\/p>\n<p>Palestina Livre!<br \/>\nBrasil Soberano!<\/p>\n<p>Lua Nova pra Crescente<br \/>\nEnla\u00e7ador de Mundos Autoexistente (Kin 186)<br \/>\n26\/09\/2025<\/p>\n","protected":false},"excerpt":{"rendered":"<p>| Por Lu Rabelo* | 16 anos de Flores no Ar. No Tarot 16 \u00e9 o n\u00famero do Arcano \u2018A Torre\u2019. E 1+6 = 7 \u2018O Carro\u2019. A Torre caiu. Ufa! Desde 2016 a gente tem tido que conviver com a indigna\u00e7\u00e3o e a raiva, diante de tanta bandidagem e desrespeito. Este sistema cansa! Mas [&hellip;]<\/p>\n","protected":false},"author":1,"featured_media":46065,"comment_status":"open","ping_status":"open","sticky":false,"template":"","format":"standard","meta":{"om_disable_all_campaigns":false,"_monsterinsights_skip_tracking":false,"_monsterinsights_sitenote_active":false,"_monsterinsights_sitenote_note":"","_monsterinsights_sitenote_category":0,"footnotes":""},"categories":[220,1240],"tags":[1602,1368,1438],"acf":[],"publishpress_future_action":{"enabled":false,"date":"1969-12-31 21:00:00","action":"","terms":[],"taxonomy":"","browser_timezone_offset":0},"_links":{"self":[{"href":"https:\/\/portalfloresnoar.com\/floresnoar\/wp-json\/wp\/v2\/posts\/46064"}],"collection":[{"href":"https:\/\/portalfloresnoar.com\/floresnoar\/wp-json\/wp\/v2\/posts"}],"about":[{"href":"https:\/\/portalfloresnoar.com\/floresnoar\/wp-json\/wp\/v2\/types\/post"}],"author":[{"embeddable":true,"href":"https:\/\/portalfloresnoar.com\/floresnoar\/wp-json\/wp\/v2\/users\/1"}],"replies":[{"embeddable":true,"href":"https:\/\/portalfloresnoar.com\/floresnoar\/wp-json\/wp\/v2\/comments?post=46064"}],"version-history":[{"count":3,"href":"https:\/\/portalfloresnoar.com\/floresnoar\/wp-json\/wp\/v2\/posts\/46064\/revisions"}],"predecessor-version":[{"id":46069,"href":"https:\/\/portalfloresnoar.com\/floresnoar\/wp-json\/wp\/v2\/posts\/46064\/revisions\/46069"}],"wp:featuredmedia":[{"embeddable":true,"href":"https:\/\/portalfloresnoar.com\/floresnoar\/wp-json\/wp\/v2\/media\/46065"}],"wp:attachment":[{"href":"https:\/\/portalfloresnoar.com\/floresnoar\/wp-json\/wp\/v2\/media?parent=46064"}],"wp:term":[{"taxonomy":"category","embeddable":true,"href":"https:\/\/portalfloresnoar.com\/floresnoar\/wp-json\/wp\/v2\/categories?post=46064"},{"taxonomy":"post_tag","embeddable":true,"href":"https:\/\/portalfloresnoar.com\/floresnoar\/wp-json\/wp\/v2\/tags?post=46064"}],"curies":[{"name":"wp","href":"https:\/\/api.w.org\/{rel}","templated":true}]}}