

{"id":46054,"date":"2026-01-21T09:54:40","date_gmt":"2026-01-21T12:54:40","guid":{"rendered":"https:\/\/portalfloresnoar.com\/floresnoar\/?p=46054"},"modified":"2026-01-21T22:58:21","modified_gmt":"2026-01-22T01:58:21","slug":"a-chacrinha-espaco-de-cria-abriga-eventos-culturais-e-terapeuticos-em-aldeia","status":"publish","type":"post","link":"https:\/\/portalfloresnoar.com\/floresnoar\/a-chacrinha-espaco-de-cria-abriga-eventos-culturais-e-terapeuticos-em-aldeia\/","title":{"rendered":"&#8216;A Chacrinha: espa\u00e7o de cria&#8217; abriga eventos culturais e terap\u00eauticos em Aldeia"},"content":{"rendered":"<p><figure id=\"attachment_46058\" aria-describedby=\"caption-attachment-46058\" style=\"width: 700px\" class=\"wp-caption aligncenter\"><img decoding=\"async\" loading=\"lazy\" class=\"wp-image-46058 size-large\" src=\"https:\/\/portalfloresnoar.com\/floresnoar\/wp-content\/uploads\/2025\/09\/espaco-em-aldeia-2-700x525.jpeg\" alt=\"\" width=\"700\" height=\"525\" srcset=\"https:\/\/portalfloresnoar.com\/floresnoar\/wp-content\/uploads\/2025\/09\/espaco-em-aldeia-2-700x525.jpeg 700w, https:\/\/portalfloresnoar.com\/floresnoar\/wp-content\/uploads\/2025\/09\/espaco-em-aldeia-2-300x225.jpeg 300w, https:\/\/portalfloresnoar.com\/floresnoar\/wp-content\/uploads\/2025\/09\/espaco-em-aldeia-2-768x576.jpeg 768w, https:\/\/portalfloresnoar.com\/floresnoar\/wp-content\/uploads\/2025\/09\/espaco-em-aldeia-2-160x120.jpeg 160w, https:\/\/portalfloresnoar.com\/floresnoar\/wp-content\/uploads\/2025\/09\/espaco-em-aldeia-2.jpeg 1280w\" sizes=\"(max-width: 700px) 100vw, 700px\" \/><figcaption id=\"caption-attachment-46058\" class=\"wp-caption-text\">O jardim abriga atividades em grupo, como rodas de dan\u00e7a e rituais com fogueira. Nesta foto, Givaldoriso conduz uma sess\u00e3o de Yoga do Riso n&#8217;A Chacrinha. [Fotos: Jo\u00e3o Claudiano\/ Givaldo Ten\u00f3rio]<\/figcaption><\/figure>Bem no comecinho de Aldeia, regi\u00e3o de Mata Atl\u00e2ntica pr\u00f3xima ao Recife, est\u00e1 localizada &#8216;<strong>A Chacrinha: espa\u00e7o de cria<\/strong>&#8216;, um lugar agrad\u00e1vel, belo e silencioso que inspira paz, relaxamento e esp\u00edrito criativo, oferecendo atividades\u00a0de arte, educa\u00e7\u00e3o e sa\u00fade integral.<\/p>\n<figure id=\"attachment_46044\" aria-describedby=\"caption-attachment-46044\" style=\"width: 463px\" class=\"wp-caption alignright\"><img decoding=\"async\" loading=\"lazy\" class=\"wp-image-46044\" src=\"https:\/\/portalfloresnoar.com\/floresnoar\/wp-content\/uploads\/2025\/09\/A-Chacrinha-Aldeia-8-700x525.jpeg\" alt=\"\" width=\"463\" height=\"347\" srcset=\"https:\/\/portalfloresnoar.com\/floresnoar\/wp-content\/uploads\/2025\/09\/A-Chacrinha-Aldeia-8-700x525.jpeg 700w, https:\/\/portalfloresnoar.com\/floresnoar\/wp-content\/uploads\/2025\/09\/A-Chacrinha-Aldeia-8-300x225.jpeg 300w, https:\/\/portalfloresnoar.com\/floresnoar\/wp-content\/uploads\/2025\/09\/A-Chacrinha-Aldeia-8-768x576.jpeg 768w, https:\/\/portalfloresnoar.com\/floresnoar\/wp-content\/uploads\/2025\/09\/A-Chacrinha-Aldeia-8-1536x1152.jpeg 1536w, https:\/\/portalfloresnoar.com\/floresnoar\/wp-content\/uploads\/2025\/09\/A-Chacrinha-Aldeia-8-160x120.jpeg 160w, https:\/\/portalfloresnoar.com\/floresnoar\/wp-content\/uploads\/2025\/09\/A-Chacrinha-Aldeia-8.jpeg 1600w\" sizes=\"(max-width: 463px) 100vw, 463px\" \/><figcaption id=\"caption-attachment-46044\" class=\"wp-caption-text\">Um dos sal\u00f5es \u00e9 integrado ao jardim!<\/figcaption><\/figure>\n<p>Em meio a um jardim cercado de \u00e1rvores, A Chacrinha est\u00e1 situada numa rua tranquila e pr\u00f3xima da Estrada de Aldeia, contando com diversos espa\u00e7os integrados \u00e0 natureza, ideais para a\u00e7\u00f5es terap\u00eauticas, criativas, espirituais e l\u00fadicas.<\/p>\n<p>A Chacrinha conta com uma casa, quintal, terra\u00e7o\/pra\u00e7a, dois sal\u00f5es amplos (um fechado e outro coberto sem paredes), al\u00e9m de jardim com red\u00e1rio (em baixo de um grande e lindo Pau Brasil e da Mangueira M\u00e3e), balan\u00e7os, chuveiros no \u201colho d\u2019\u00e1gua\u201d e espa\u00e7os para rodas e fogueira. O espa\u00e7o tamb\u00e9m disp\u00f5e de dois banheiros, bancada de apoio com pia e mesa de madeira com bancos, acesso \u00e0 cozinha e gel\u00e1gua com \u00e1gua mineral.<\/p>\n<p>&#8220;Estamos sublocando os espa\u00e7os para realiza\u00e7\u00e3o de atividades terap\u00eauticas e art\u00edsticas, para a\u00e7\u00f5es de teatro, dan\u00e7a, artes visuais e m\u00fasica. Desde a inaugura\u00e7\u00e3o, em janeiro de 2024, A Chacrinha tem recebido diversos eventos festivos, encontros e reuni\u00f5es&#8221;, conta Givaldo Ten\u00f3rio, um dos guardi\u00f5es d&#8217;A Chacrinha, junto ao artes\u00e3o Jo\u00e3o Claudiano.<\/p>\n<p>GUARDI\u00d5ES D&#8217;A CHACRINHA<br \/>\n<strong>Givaldo Ten\u00f3rio<\/strong> &#8211; professor de Arte, arteterapeuta, ator e artista visual. Professor e divulgador em Pernambuco da pr\u00e1tica indiana Yoga do Riso, com o nome Givaldoriso.<\/p>\n<p><strong>Jo\u00e3o Claudiano Pimentel<\/strong> &#8211; artes\u00e3o, jardineiro e t\u00e9cnico em inform\u00e1tica.<\/p>\n<p><em><strong>&gt;&gt;&gt; Para conhecer A Chacrinha e agendar um evento, \u00e9 s\u00f3 entrar em contato!<\/strong><\/em><\/p>\n<p><strong>WhatsApp:<\/strong> (81) 99252-5269 (Givaldo Ten\u00f3rio)<br \/>\n<strong>Instagram:<\/strong> <a href=\"https:\/\/www.instagram.com\/givaldoriso\/\" target=\"_blank\" rel=\"noopener\">@givaldoriso<\/a><br \/>\n<strong>Endere\u00e7o:<\/strong> Rua Carneiro Mariz, 172, Km 4,5, Aldeia dos Camar\u00e1s, Camaragibe\/PE<\/p>\n<p>CONFIRA ABAIXO MAIS FOTOS D&#8217;A CHACRINHA!<\/p>\n<p><img decoding=\"async\" loading=\"lazy\" class=\"aligncenter size-large wp-image-46031\" src=\"https:\/\/portalfloresnoar.com\/floresnoar\/wp-content\/uploads\/2025\/09\/A-Chacrinha-Aldeia-22-700x525.jpeg\" alt=\"\" width=\"700\" height=\"525\" srcset=\"https:\/\/portalfloresnoar.com\/floresnoar\/wp-content\/uploads\/2025\/09\/A-Chacrinha-Aldeia-22-700x525.jpeg 700w, https:\/\/portalfloresnoar.com\/floresnoar\/wp-content\/uploads\/2025\/09\/A-Chacrinha-Aldeia-22-300x225.jpeg 300w, https:\/\/portalfloresnoar.com\/floresnoar\/wp-content\/uploads\/2025\/09\/A-Chacrinha-Aldeia-22-768x576.jpeg 768w, https:\/\/portalfloresnoar.com\/floresnoar\/wp-content\/uploads\/2025\/09\/A-Chacrinha-Aldeia-22-160x120.jpeg 160w, https:\/\/portalfloresnoar.com\/floresnoar\/wp-content\/uploads\/2025\/09\/A-Chacrinha-Aldeia-22.jpeg 1280w\" sizes=\"(max-width: 700px) 100vw, 700px\" \/><\/p>\n<p><img decoding=\"async\" loading=\"lazy\" class=\"aligncenter size-large wp-image-46057\" src=\"https:\/\/portalfloresnoar.com\/floresnoar\/wp-content\/uploads\/2025\/09\/espaco-em-aldeia-1-700x525.jpeg\" alt=\"\" width=\"700\" height=\"525\" srcset=\"https:\/\/portalfloresnoar.com\/floresnoar\/wp-content\/uploads\/2025\/09\/espaco-em-aldeia-1-700x525.jpeg 700w, https:\/\/portalfloresnoar.com\/floresnoar\/wp-content\/uploads\/2025\/09\/espaco-em-aldeia-1-300x225.jpeg 300w, https:\/\/portalfloresnoar.com\/floresnoar\/wp-content\/uploads\/2025\/09\/espaco-em-aldeia-1-768x576.jpeg 768w, https:\/\/portalfloresnoar.com\/floresnoar\/wp-content\/uploads\/2025\/09\/espaco-em-aldeia-1-160x120.jpeg 160w, https:\/\/portalfloresnoar.com\/floresnoar\/wp-content\/uploads\/2025\/09\/espaco-em-aldeia-1.jpeg 1280w\" sizes=\"(max-width: 700px) 100vw, 700px\" \/><\/p>\n<p><img decoding=\"async\" loading=\"lazy\" class=\"aligncenter size-large wp-image-46039\" src=\"https:\/\/portalfloresnoar.com\/floresnoar\/wp-content\/uploads\/2025\/09\/A-Chacrinha-Aldeia-14-700x525.jpeg\" alt=\"\" width=\"700\" height=\"525\" srcset=\"https:\/\/portalfloresnoar.com\/floresnoar\/wp-content\/uploads\/2025\/09\/A-Chacrinha-Aldeia-14-700x525.jpeg 700w, https:\/\/portalfloresnoar.com\/floresnoar\/wp-content\/uploads\/2025\/09\/A-Chacrinha-Aldeia-14-300x225.jpeg 300w, https:\/\/portalfloresnoar.com\/floresnoar\/wp-content\/uploads\/2025\/09\/A-Chacrinha-Aldeia-14-768x576.jpeg 768w, https:\/\/portalfloresnoar.com\/floresnoar\/wp-content\/uploads\/2025\/09\/A-Chacrinha-Aldeia-14-160x120.jpeg 160w, https:\/\/portalfloresnoar.com\/floresnoar\/wp-content\/uploads\/2025\/09\/A-Chacrinha-Aldeia-14.jpeg 1280w\" sizes=\"(max-width: 700px) 100vw, 700px\" \/><\/p>\n<p><img decoding=\"async\" loading=\"lazy\" class=\"aligncenter size-large wp-image-46049\" src=\"https:\/\/portalfloresnoar.com\/floresnoar\/wp-content\/uploads\/2025\/09\/A-Chacrinha-Aldeia-3-700x525.jpeg\" alt=\"\" width=\"700\" height=\"525\" srcset=\"https:\/\/portalfloresnoar.com\/floresnoar\/wp-content\/uploads\/2025\/09\/A-Chacrinha-Aldeia-3-700x525.jpeg 700w, https:\/\/portalfloresnoar.com\/floresnoar\/wp-content\/uploads\/2025\/09\/A-Chacrinha-Aldeia-3-300x225.jpeg 300w, https:\/\/portalfloresnoar.com\/floresnoar\/wp-content\/uploads\/2025\/09\/A-Chacrinha-Aldeia-3-768x576.jpeg 768w, https:\/\/portalfloresnoar.com\/floresnoar\/wp-content\/uploads\/2025\/09\/A-Chacrinha-Aldeia-3-1536x1152.jpeg 1536w, https:\/\/portalfloresnoar.com\/floresnoar\/wp-content\/uploads\/2025\/09\/A-Chacrinha-Aldeia-3-160x120.jpeg 160w, https:\/\/portalfloresnoar.com\/floresnoar\/wp-content\/uploads\/2025\/09\/A-Chacrinha-Aldeia-3.jpeg 1600w\" sizes=\"(max-width: 700px) 100vw, 700px\" \/><\/p>\n<p><img decoding=\"async\" loading=\"lazy\" class=\"aligncenter size-large wp-image-46032\" src=\"https:\/\/portalfloresnoar.com\/floresnoar\/wp-content\/uploads\/2025\/09\/A-Chacrinha-Aldeia-21-700x525.jpeg\" alt=\"\" width=\"700\" height=\"525\" srcset=\"https:\/\/portalfloresnoar.com\/floresnoar\/wp-content\/uploads\/2025\/09\/A-Chacrinha-Aldeia-21-700x525.jpeg 700w, https:\/\/portalfloresnoar.com\/floresnoar\/wp-content\/uploads\/2025\/09\/A-Chacrinha-Aldeia-21-300x225.jpeg 300w, https:\/\/portalfloresnoar.com\/floresnoar\/wp-content\/uploads\/2025\/09\/A-Chacrinha-Aldeia-21-768x576.jpeg 768w, https:\/\/portalfloresnoar.com\/floresnoar\/wp-content\/uploads\/2025\/09\/A-Chacrinha-Aldeia-21-160x120.jpeg 160w, https:\/\/portalfloresnoar.com\/floresnoar\/wp-content\/uploads\/2025\/09\/A-Chacrinha-Aldeia-21.jpeg 1280w\" sizes=\"(max-width: 700px) 100vw, 700px\" \/><\/p>\n<p><img decoding=\"async\" loading=\"lazy\" class=\"aligncenter size-large wp-image-46038\" src=\"https:\/\/portalfloresnoar.com\/floresnoar\/wp-content\/uploads\/2025\/09\/A-Chacrinha-Aldeia-15-700x525.jpeg\" alt=\"\" width=\"700\" height=\"525\" srcset=\"https:\/\/portalfloresnoar.com\/floresnoar\/wp-content\/uploads\/2025\/09\/A-Chacrinha-Aldeia-15-700x525.jpeg 700w, https:\/\/portalfloresnoar.com\/floresnoar\/wp-content\/uploads\/2025\/09\/A-Chacrinha-Aldeia-15-300x225.jpeg 300w, https:\/\/portalfloresnoar.com\/floresnoar\/wp-content\/uploads\/2025\/09\/A-Chacrinha-Aldeia-15-768x576.jpeg 768w, https:\/\/portalfloresnoar.com\/floresnoar\/wp-content\/uploads\/2025\/09\/A-Chacrinha-Aldeia-15-160x120.jpeg 160w, https:\/\/portalfloresnoar.com\/floresnoar\/wp-content\/uploads\/2025\/09\/A-Chacrinha-Aldeia-15.jpeg 1280w\" sizes=\"(max-width: 700px) 100vw, 700px\" \/><\/p>\n<p><img decoding=\"async\" loading=\"lazy\" class=\"aligncenter size-large wp-image-46050\" src=\"https:\/\/portalfloresnoar.com\/floresnoar\/wp-content\/uploads\/2025\/09\/A-Chacrinha-Aldeia-2-700x525.jpeg\" alt=\"\" width=\"700\" height=\"525\" srcset=\"https:\/\/portalfloresnoar.com\/floresnoar\/wp-content\/uploads\/2025\/09\/A-Chacrinha-Aldeia-2-700x525.jpeg 700w, https:\/\/portalfloresnoar.com\/floresnoar\/wp-content\/uploads\/2025\/09\/A-Chacrinha-Aldeia-2-300x225.jpeg 300w, https:\/\/portalfloresnoar.com\/floresnoar\/wp-content\/uploads\/2025\/09\/A-Chacrinha-Aldeia-2-768x576.jpeg 768w, https:\/\/portalfloresnoar.com\/floresnoar\/wp-content\/uploads\/2025\/09\/A-Chacrinha-Aldeia-2-1536x1152.jpeg 1536w, https:\/\/portalfloresnoar.com\/floresnoar\/wp-content\/uploads\/2025\/09\/A-Chacrinha-Aldeia-2-160x120.jpeg 160w, https:\/\/portalfloresnoar.com\/floresnoar\/wp-content\/uploads\/2025\/09\/A-Chacrinha-Aldeia-2.jpeg 1600w\" sizes=\"(max-width: 700px) 100vw, 700px\" \/><\/p>\n<p><img decoding=\"async\" loading=\"lazy\" class=\"aligncenter size-large wp-image-46048\" src=\"https:\/\/portalfloresnoar.com\/floresnoar\/wp-content\/uploads\/2025\/09\/A-Chacrinha-Aldeia-4-700x525.jpeg\" alt=\"\" width=\"700\" height=\"525\" srcset=\"https:\/\/portalfloresnoar.com\/floresnoar\/wp-content\/uploads\/2025\/09\/A-Chacrinha-Aldeia-4-700x525.jpeg 700w, https:\/\/portalfloresnoar.com\/floresnoar\/wp-content\/uploads\/2025\/09\/A-Chacrinha-Aldeia-4-300x225.jpeg 300w, https:\/\/portalfloresnoar.com\/floresnoar\/wp-content\/uploads\/2025\/09\/A-Chacrinha-Aldeia-4-768x576.jpeg 768w, https:\/\/portalfloresnoar.com\/floresnoar\/wp-content\/uploads\/2025\/09\/A-Chacrinha-Aldeia-4-1536x1152.jpeg 1536w, https:\/\/portalfloresnoar.com\/floresnoar\/wp-content\/uploads\/2025\/09\/A-Chacrinha-Aldeia-4-160x120.jpeg 160w, https:\/\/portalfloresnoar.com\/floresnoar\/wp-content\/uploads\/2025\/09\/A-Chacrinha-Aldeia-4.jpeg 1600w\" sizes=\"(max-width: 700px) 100vw, 700px\" \/><\/p>\n<p><img decoding=\"async\" loading=\"lazy\" class=\"aligncenter size-large wp-image-46043\" src=\"https:\/\/portalfloresnoar.com\/floresnoar\/wp-content\/uploads\/2025\/09\/A-Chacrinha-Aldeia-10-700x525.jpeg\" alt=\"\" width=\"700\" height=\"525\" srcset=\"https:\/\/portalfloresnoar.com\/floresnoar\/wp-content\/uploads\/2025\/09\/A-Chacrinha-Aldeia-10-700x525.jpeg 700w, https:\/\/portalfloresnoar.com\/floresnoar\/wp-content\/uploads\/2025\/09\/A-Chacrinha-Aldeia-10-300x225.jpeg 300w, https:\/\/portalfloresnoar.com\/floresnoar\/wp-content\/uploads\/2025\/09\/A-Chacrinha-Aldeia-10-768x576.jpeg 768w, https:\/\/portalfloresnoar.com\/floresnoar\/wp-content\/uploads\/2025\/09\/A-Chacrinha-Aldeia-10-1536x1152.jpeg 1536w, https:\/\/portalfloresnoar.com\/floresnoar\/wp-content\/uploads\/2025\/09\/A-Chacrinha-Aldeia-10-160x120.jpeg 160w, https:\/\/portalfloresnoar.com\/floresnoar\/wp-content\/uploads\/2025\/09\/A-Chacrinha-Aldeia-10.jpeg 1600w\" sizes=\"(max-width: 700px) 100vw, 700px\" \/><\/p>\n<p><img decoding=\"async\" loading=\"lazy\" class=\"aligncenter size-large wp-image-46040\" src=\"https:\/\/portalfloresnoar.com\/floresnoar\/wp-content\/uploads\/2025\/09\/A-Chacrinha-Aldeia-13-700x525.jpeg\" alt=\"\" width=\"700\" height=\"525\" srcset=\"https:\/\/portalfloresnoar.com\/floresnoar\/wp-content\/uploads\/2025\/09\/A-Chacrinha-Aldeia-13-700x525.jpeg 700w, https:\/\/portalfloresnoar.com\/floresnoar\/wp-content\/uploads\/2025\/09\/A-Chacrinha-Aldeia-13-300x225.jpeg 300w, https:\/\/portalfloresnoar.com\/floresnoar\/wp-content\/uploads\/2025\/09\/A-Chacrinha-Aldeia-13-768x576.jpeg 768w, https:\/\/portalfloresnoar.com\/floresnoar\/wp-content\/uploads\/2025\/09\/A-Chacrinha-Aldeia-13-160x120.jpeg 160w, https:\/\/portalfloresnoar.com\/floresnoar\/wp-content\/uploads\/2025\/09\/A-Chacrinha-Aldeia-13.jpeg 1280w\" sizes=\"(max-width: 700px) 100vw, 700px\" \/><\/p>\n<p><img decoding=\"async\" loading=\"lazy\" class=\"wp-image-46029 size-large aligncenter\" src=\"https:\/\/portalfloresnoar.com\/floresnoar\/wp-content\/uploads\/2025\/09\/A-Chacrinha-Aldeia-24-700x525.jpeg\" alt=\"\" width=\"700\" height=\"525\" srcset=\"https:\/\/portalfloresnoar.com\/floresnoar\/wp-content\/uploads\/2025\/09\/A-Chacrinha-Aldeia-24-700x525.jpeg 700w, https:\/\/portalfloresnoar.com\/floresnoar\/wp-content\/uploads\/2025\/09\/A-Chacrinha-Aldeia-24-300x225.jpeg 300w, https:\/\/portalfloresnoar.com\/floresnoar\/wp-content\/uploads\/2025\/09\/A-Chacrinha-Aldeia-24-768x576.jpeg 768w, https:\/\/portalfloresnoar.com\/floresnoar\/wp-content\/uploads\/2025\/09\/A-Chacrinha-Aldeia-24-160x120.jpeg 160w, https:\/\/portalfloresnoar.com\/floresnoar\/wp-content\/uploads\/2025\/09\/A-Chacrinha-Aldeia-24.jpeg 1280w\" sizes=\"(max-width: 700px) 100vw, 700px\" \/><\/p>\n<p>&nbsp;<\/p>\n","protected":false},"excerpt":{"rendered":"<p>Bem no comecinho de Aldeia, regi\u00e3o de Mata Atl\u00e2ntica pr\u00f3xima ao Recife, est\u00e1 localizada &#8216;A Chacrinha: espa\u00e7o de cria&#8216;, um lugar agrad\u00e1vel, belo e silencioso que inspira paz, relaxamento e esp\u00edrito criativo, oferecendo atividades\u00a0de arte, educa\u00e7\u00e3o e sa\u00fade integral. Em meio a um jardim cercado de \u00e1rvores, A Chacrinha est\u00e1 situada numa rua tranquila e [&hellip;]<\/p>\n","protected":false},"author":1,"featured_media":46058,"comment_status":"open","ping_status":"open","sticky":false,"template":"","format":"standard","meta":{"om_disable_all_campaigns":false,"_monsterinsights_skip_tracking":false,"_monsterinsights_sitenote_active":false,"_monsterinsights_sitenote_note":"","_monsterinsights_sitenote_category":0,"footnotes":""},"categories":[224,9],"tags":[1491,243],"acf":[],"publishpress_future_action":{"enabled":false,"date":"1969-12-31 21:00:00","action":"","terms":[],"taxonomy":"","browser_timezone_offset":0},"_links":{"self":[{"href":"https:\/\/portalfloresnoar.com\/floresnoar\/wp-json\/wp\/v2\/posts\/46054"}],"collection":[{"href":"https:\/\/portalfloresnoar.com\/floresnoar\/wp-json\/wp\/v2\/posts"}],"about":[{"href":"https:\/\/portalfloresnoar.com\/floresnoar\/wp-json\/wp\/v2\/types\/post"}],"author":[{"embeddable":true,"href":"https:\/\/portalfloresnoar.com\/floresnoar\/wp-json\/wp\/v2\/users\/1"}],"replies":[{"embeddable":true,"href":"https:\/\/portalfloresnoar.com\/floresnoar\/wp-json\/wp\/v2\/comments?post=46054"}],"version-history":[{"count":5,"href":"https:\/\/portalfloresnoar.com\/floresnoar\/wp-json\/wp\/v2\/posts\/46054\/revisions"}],"predecessor-version":[{"id":46063,"href":"https:\/\/portalfloresnoar.com\/floresnoar\/wp-json\/wp\/v2\/posts\/46054\/revisions\/46063"}],"wp:featuredmedia":[{"embeddable":true,"href":"https:\/\/portalfloresnoar.com\/floresnoar\/wp-json\/wp\/v2\/media\/46058"}],"wp:attachment":[{"href":"https:\/\/portalfloresnoar.com\/floresnoar\/wp-json\/wp\/v2\/media?parent=46054"}],"wp:term":[{"taxonomy":"category","embeddable":true,"href":"https:\/\/portalfloresnoar.com\/floresnoar\/wp-json\/wp\/v2\/categories?post=46054"},{"taxonomy":"post_tag","embeddable":true,"href":"https:\/\/portalfloresnoar.com\/floresnoar\/wp-json\/wp\/v2\/tags?post=46054"}],"curies":[{"name":"wp","href":"https:\/\/api.w.org\/{rel}","templated":true}]}}