

{"id":46017,"date":"2025-08-18T11:04:34","date_gmt":"2025-08-18T14:04:34","guid":{"rendered":"https:\/\/portalfloresnoar.com\/floresnoar\/?p=46017"},"modified":"2025-10-10T14:45:47","modified_gmt":"2025-10-10T17:45:47","slug":"agenda-pe-nova-edicao-do-grupo-arteterapeutico-para-mulheres-60-comeca-dia-06-10-no-recife","status":"publish","type":"post","link":"https:\/\/portalfloresnoar.com\/floresnoar\/agenda-pe-nova-edicao-do-grupo-arteterapeutico-para-mulheres-60-comeca-dia-06-10-no-recife\/","title":{"rendered":"[AGENDA PE] &#8216;Grupo Arteterap\u00eautico para Mulheres 60+&#8217; no Recife"},"content":{"rendered":"<p><img decoding=\"async\" loading=\"lazy\" class=\"aligncenter size-large wp-image-46019\" src=\"https:\/\/portalfloresnoar.com\/floresnoar\/wp-content\/uploads\/2025\/09\/arteterapia-para-idosos-no-recife-1-484x700.jpeg\" alt=\"\" width=\"484\" height=\"700\" srcset=\"https:\/\/portalfloresnoar.com\/floresnoar\/wp-content\/uploads\/2025\/09\/arteterapia-para-idosos-no-recife-1-484x700.jpeg 484w, https:\/\/portalfloresnoar.com\/floresnoar\/wp-content\/uploads\/2025\/09\/arteterapia-para-idosos-no-recife-1-207x300.jpeg 207w, https:\/\/portalfloresnoar.com\/floresnoar\/wp-content\/uploads\/2025\/09\/arteterapia-para-idosos-no-recife-1-768x1111.jpeg 768w, https:\/\/portalfloresnoar.com\/floresnoar\/wp-content\/uploads\/2025\/09\/arteterapia-para-idosos-no-recife-1-1062x1536.jpeg 1062w, https:\/\/portalfloresnoar.com\/floresnoar\/wp-content\/uploads\/2025\/09\/arteterapia-para-idosos-no-recife-1.jpeg 1106w\" sizes=\"(max-width: 484px) 100vw, 484px\" \/><\/p>\n<p>No dia 06 de outubro de 2025 o Espa\u00e7o Gerar inicia uma nova turma do <strong>Grupo Arteterap\u00eautico para Mulheres 60+ \u2018Arte do Tempo: no corpo e na alma\u2019<\/strong>, conduzido pelas arteterapeutas e psic\u00f3logas Josefina Campos e Maria Jos\u00e9 van der Avort. O Espa\u00e7o Gerar fica localizado no bairro do Po\u00e7o da Panela, no Recife.<\/p>\n<p>Os encontros ser\u00e3o semanais, nas segundas-feiras, das 14h \u00e0s 16h30, inicialmente pelo tempo de tr\u00eas meses (12 encontros), mas podendo ter continuidade ap\u00f3s este per\u00edodo, de acordo com o grupo.<\/p>\n<p>As terapeutas explicam que o grupo visa oportunizar a experimenta\u00e7\u00e3o criativa, a partir do uso de materiais expressivos em Arteterapia e movimentos corporais da An\u00e1lise Bioenerg\u00e9tica, com viv\u00eancias voltadas a mulheres a partir de 60 anos.<\/p>\n<p><em><img decoding=\"async\" loading=\"lazy\" class=\"wp-image-46020 alignleft\" src=\"https:\/\/portalfloresnoar.com\/floresnoar\/wp-content\/uploads\/2025\/09\/arteterapia-para-idosas-700x620.jpeg\" alt=\"\" width=\"330\" height=\"292\" srcset=\"https:\/\/portalfloresnoar.com\/floresnoar\/wp-content\/uploads\/2025\/09\/arteterapia-para-idosas-700x620.jpeg 700w, https:\/\/portalfloresnoar.com\/floresnoar\/wp-content\/uploads\/2025\/09\/arteterapia-para-idosas-300x266.jpeg 300w, https:\/\/portalfloresnoar.com\/floresnoar\/wp-content\/uploads\/2025\/09\/arteterapia-para-idosas-768x680.jpeg 768w, https:\/\/portalfloresnoar.com\/floresnoar\/wp-content\/uploads\/2025\/09\/arteterapia-para-idosas.jpeg 1280w\" sizes=\"(max-width: 330px) 100vw, 330px\" \/><\/em><\/p>\n<p>&nbsp;<\/p>\n<p><em>Dentre os os objetivos espec\u00edficos da iniciativa est\u00e3o:<\/em><br \/>\n* Favorecer reflex\u00f5es acerca de temas existenciais da fase 60+, seus simbolismos e registros corporais;<br \/>\n* Promover condi\u00e7\u00f5es para uma releitura do caminho trilhado, favorecendo o reconhecimento de valores e de escolhas;<br \/>\n* Instrumentalizar as participantes para reconhecerem e utilizarem os seus recursos internos dispon\u00edveis no processo vital;<br \/>\n* Criar um ambiente integrativo, estimulando o v\u00ednculo e os processos identit\u00e1rios entre as participantes.<\/p>\n<p>&nbsp;<\/p>\n<p>FACILITADORAS<br \/>\n<strong><img decoding=\"async\" loading=\"lazy\" class=\"wp-image-45704 alignleft\" src=\"https:\/\/portalfloresnoar.com\/floresnoar\/wp-content\/uploads\/2025\/04\/terapeuta-Josefina-Campos-666x700@2x.jpg\" sizes=\"(max-width: 156px) 100vw, 156px\" srcset=\"https:\/\/portalfloresnoar.com\/floresnoar\/wp-content\/uploads\/2025\/04\/terapeuta-Josefina-Campos-666x700.jpg 666w, https:\/\/portalfloresnoar.com\/floresnoar\/wp-content\/uploads\/2025\/04\/terapeuta-Josefina-Campos-285x300.jpg 285w, https:\/\/portalfloresnoar.com\/floresnoar\/wp-content\/uploads\/2025\/04\/terapeuta-Josefina-Campos-768x807.jpg 768w, https:\/\/portalfloresnoar.com\/floresnoar\/wp-content\/uploads\/2025\/04\/terapeuta-Josefina-Campos.jpg 1154w\" alt=\"\" width=\"156\" height=\"164\" \/><\/strong><\/p>\n<p>&nbsp;<\/p>\n<p><strong>Josefina Campos<\/strong>\u00a0\u2013 Psic\u00f3loga (CRP 02\/10430); especialista em Psicologia Junguiana com Enfoque na Pr\u00e1tica Cl\u00ednica; arteterapeuta (Arte PE 078\/0712), facilitadora de SoulCollage\u00ae; gestora do Gerar Psicologia, Arteterapia e Bem-estar.<\/p>\n<p>&nbsp;<\/p>\n<p><strong><img decoding=\"async\" loading=\"lazy\" class=\"wp-image-45705 alignleft\" src=\"https:\/\/portalfloresnoar.com\/floresnoar\/wp-content\/uploads\/2025\/04\/terapeuta-Maria-Jose-van-der-Avort.jpg\" sizes=\"(max-width: 143px) 100vw, 143px\" srcset=\"https:\/\/portalfloresnoar.com\/floresnoar\/wp-content\/uploads\/2025\/04\/terapeuta-Maria-Jose-van-der-Avort.jpg 458w, https:\/\/portalfloresnoar.com\/floresnoar\/wp-content\/uploads\/2025\/04\/terapeuta-Maria-Jose-van-der-Avort-258x300.jpg 258w\" alt=\"\" width=\"143\" height=\"166\" \/><\/strong><\/p>\n<p>&nbsp;<\/p>\n<p><strong>Maria Jos\u00e9 van der Avort<\/strong>\u00a0\u2013 Psic\u00f3loga (CRP 02\/4729); p\u00f3s-graduada em Psicologia Cl\u00ednica pela UNICAP; Analista Bioenerg\u00e9tica; supervisora Cl\u00ednica; Local Trainer pela Libertas e reconhecida pelo IIBA; coordenadora da Cl\u00ednica Social Libertas; arteterapeuta em forma\u00e7\u00e3o, terapeuta Comunit\u00e1ria, facilitadora de SoulCollage\u00ae.<\/p>\n<p>&nbsp;<\/p>\n<p>&nbsp;<\/p>\n<p>SERVI\u00c7O<br \/>\n<strong>* Grupo arteterap\u00eautico \u2018Arte do Tempo: no corpo e na alma\u2019 *<\/strong><br \/>\n<strong>In\u00edcio:<\/strong> 06 de outubro de 2025<br \/>\n<strong>Periodicidade:<\/strong>\u00a0Semanal, nas segundas-feiras, por 3 meses (totalizando 12 encontros)<br \/>\n<strong>Hor\u00e1rio:<\/strong>\u00a014h \u00e0s 16h30<br \/>\n<strong>P\u00fablico-alvo:<\/strong>\u00a0mulheres a partir de 60 anos<br \/>\n<strong>Local:<\/strong>\u00a0Espa\u00e7o Gerar Psicologia Arteterapia e Bem-estar- Rua Luiz Guimar\u00e3es, 253, Po\u00e7o da Panela, Recife\/PE. Fone\/ WhatsApp: (81) 99760.6383.<br \/>\n<em>(Mapa com a localiza\u00e7\u00e3o:<a href=\"https:\/\/maps.app.goo.gl\/kZCHrg1TKRm8Qhmv9\" target=\"_blank\" rel=\"noopener\">\u00a0https:\/\/maps.app.goo.gl\/kZCHrg1TKRm8Qhmv9<\/a>)<\/em>\u00a0\u2013<\/p>\n<p><strong>Valor mensal:<\/strong> R$ 440,00<\/p>\n<p><strong>INSCRI\u00c7\u00d5ES E MAIS INFORMA\u00c7\u00d5ES:<\/strong><br \/>\n(81) 99827.9010<br \/>\n(81) 99292.5483<\/p>\n","protected":false},"excerpt":{"rendered":"<p>No dia 06 de outubro de 2025 o Espa\u00e7o Gerar inicia uma nova turma do Grupo Arteterap\u00eautico para Mulheres 60+ \u2018Arte do Tempo: no corpo e na alma\u2019, conduzido pelas arteterapeutas e psic\u00f3logas Josefina Campos e Maria Jos\u00e9 van der Avort. O Espa\u00e7o Gerar fica localizado no bairro do Po\u00e7o da Panela, no Recife. Os [&hellip;]<\/p>\n","protected":false},"author":1,"featured_media":46021,"comment_status":"open","ping_status":"open","sticky":false,"template":"","format":"standard","meta":{"om_disable_all_campaigns":false,"_monsterinsights_skip_tracking":false,"_monsterinsights_sitenote_active":false,"_monsterinsights_sitenote_note":"","_monsterinsights_sitenote_category":0,"footnotes":""},"categories":[8,224,214],"tags":[34,137,1601],"acf":[],"publishpress_future_action":{"enabled":false,"date":"1969-12-31 21:00:00","action":"","terms":[],"taxonomy":"","browser_timezone_offset":0},"_links":{"self":[{"href":"https:\/\/portalfloresnoar.com\/floresnoar\/wp-json\/wp\/v2\/posts\/46017"}],"collection":[{"href":"https:\/\/portalfloresnoar.com\/floresnoar\/wp-json\/wp\/v2\/posts"}],"about":[{"href":"https:\/\/portalfloresnoar.com\/floresnoar\/wp-json\/wp\/v2\/types\/post"}],"author":[{"embeddable":true,"href":"https:\/\/portalfloresnoar.com\/floresnoar\/wp-json\/wp\/v2\/users\/1"}],"replies":[{"embeddable":true,"href":"https:\/\/portalfloresnoar.com\/floresnoar\/wp-json\/wp\/v2\/comments?post=46017"}],"version-history":[{"count":4,"href":"https:\/\/portalfloresnoar.com\/floresnoar\/wp-json\/wp\/v2\/posts\/46017\/revisions"}],"predecessor-version":[{"id":46093,"href":"https:\/\/portalfloresnoar.com\/floresnoar\/wp-json\/wp\/v2\/posts\/46017\/revisions\/46093"}],"wp:featuredmedia":[{"embeddable":true,"href":"https:\/\/portalfloresnoar.com\/floresnoar\/wp-json\/wp\/v2\/media\/46021"}],"wp:attachment":[{"href":"https:\/\/portalfloresnoar.com\/floresnoar\/wp-json\/wp\/v2\/media?parent=46017"}],"wp:term":[{"taxonomy":"category","embeddable":true,"href":"https:\/\/portalfloresnoar.com\/floresnoar\/wp-json\/wp\/v2\/categories?post=46017"},{"taxonomy":"post_tag","embeddable":true,"href":"https:\/\/portalfloresnoar.com\/floresnoar\/wp-json\/wp\/v2\/tags?post=46017"}],"curies":[{"name":"wp","href":"https:\/\/api.w.org\/{rel}","templated":true}]}}