

{"id":45978,"date":"2025-08-06T16:26:06","date_gmt":"2025-08-06T19:26:06","guid":{"rendered":"https:\/\/portalfloresnoar.com\/floresnoar\/?p=45978"},"modified":"2025-08-06T16:47:37","modified_gmt":"2025-08-06T19:47:37","slug":"silvia-garcia-o-poder-oculto-dos-banhos-para-um-banho-de-sucesso","status":"publish","type":"post","link":"https:\/\/portalfloresnoar.com\/floresnoar\/silvia-garcia-o-poder-oculto-dos-banhos-para-um-banho-de-sucesso\/","title":{"rendered":"[S\u00cdLVIA GARCIA] O Poder Oculto dos Banhos para um Banho de Sucesso!"},"content":{"rendered":"<p><iframe loading=\"lazy\" title=\"YouTube video player\" src=\"https:\/\/www.youtube.com\/embed\/YgXoK6XrNHA?si=GUqi3MjeHrFdwJMc\" width=\"315\" height=\"560\" frameborder=\"0\" allowfullscreen=\"allowfullscreen\"><span data-mce-type=\"bookmark\" style=\"display: inline-block; width: 0px; overflow: hidden; line-height: 0;\" class=\"mce_SELRES_start\">\ufeff<\/span><\/iframe><\/p>\n<p>|\u00a0<em>Por S\u00edlvia Garcia*\u00a0<\/em>\u00a0|<\/p>\n<p>A cura vibracional oferecida pelas ervas traz equil\u00edbrio e eleva\u00e7\u00e3o da consci\u00eancia, atuando diretamente na alma e na personalidade do indiv\u00edduo, atrav\u00e9s da transfer\u00eancia da energia sutil contida nas plantas.<\/p>\n<p>A for\u00e7a energ\u00e9tica existente nas plantas flui suavemente com a capacidade de vitalizar e harmonizar aspectos negativos ou desequilibrados da consci\u00eancia humana e suas implica\u00e7\u00f5es nas dimens\u00f5es f\u00edsicas, emocionais, mentais e espirituais.<\/p>\n<p>\u00c9 incr\u00edvel como esse poder t\u00e3o comum em qualquer tipo de vegetal pode nos ser t\u00e3o bals\u00e2mico e transformador agindo diretamente na alma e refletindo em nossas emo\u00e7\u00f5es e padr\u00f5es de comportamento.<\/p>\n<p>\u00c9 nesse contexto que o Banho de Ervas tem o seu lugar, oferecendo toda essa gama de benef\u00edcios para fortalecer a nossa caminhada com qualidade de presen\u00e7a para si mesma e ao ambiente em que vivemos. Falo mais sobre o assunto no v\u00eddeo acima!<\/p>\n<p>Seguem abaixo mensagens de 7 Ervas que devem estar sempre \u00e0 nossa m\u00e3o para limpeza e equil\u00edbrio de todos os chacras. Use \u00e0 vontade em saladas, ch\u00e1s, sucos, banhos e escalda-p\u00e9s. Em caso de consumo interno, fa\u00e7a combina\u00e7\u00f5es entre elas conforme o agrado do seu paladar. As 7 s\u00e3o ervas poderosas e eficientes para qualquer situa\u00e7\u00e3o, sendo que cada uma tem uma personalidade pr\u00f3pria e carrega a sua mensagem.<\/p>\n<p><strong>Alecrim<\/strong> &#8211; &#8220;\u00c9 tempo de mudar, conhecer o novo. Libere traumas e medos adormecidos.&#8221;<\/p>\n<p><strong>Canela<\/strong> &#8211; &#8220;Mantenha dist\u00e2ncia de sentimentos de birra e rebeldia. Tenha gratid\u00e3o pela vida.&#8221;<\/p>\n<p><strong>Capim-Cidreira<\/strong> &#8211; &#8220;Elimine a ansiedade e o nervosismo, para que voc\u00ea possa ter um sono revigorante.&#8221;<\/p>\n<p><strong>Hortel\u00e3<\/strong> &#8211; &#8220;Com veracidade e autenticidade, v\u00e1 abrindo os caminhos em sua vida.&#8221;<\/p>\n<p><strong>Jasmim<\/strong> &#8211; &#8220;Abandone os v\u00edcios colocando um toque do divino em todas as a\u00e7\u00f5es.&#8221;<\/p>\n<p><strong>Malva<\/strong> &#8211; &#8220;A conex\u00e3o com as energias das esferas espirituais ajudam a enfrentar dificuldades e a mudar de atitude.&#8221;<\/p>\n<p><strong>Manjeric\u00e3o<\/strong> &#8211; &#8220;N\u00e3o tenha medo de enfrentar a verdade. Fa\u00e7a escolhas e tome decis\u00f5es com energia.&#8221;<\/p>\n<p><em>[Fonte das mensagens: Tar\u00f4 da Fitoenerg\u00e9tica\/Editora Luz da Serra]<\/em><\/p>\n<p>Nos tratamentos que oriento \u00e0 dist\u00e2ncia, indico que a pessoa use cada erva em banhos de corpo inteiro (pode banhar a cabe\u00e7a), durante 3 dias seguidos.<\/p>\n<p>Cada cliente tem rea\u00e7\u00f5es reveladoras&#8230;<\/p>\n<p>Fa\u00e7a a sua cerim\u00f4nia de Banhos Sagrados em casa e depois me conta a sua viv\u00eancia. Ficarei muito grata em saber da sua experi\u00eancia divina!<\/p>\n<p>Para atendimentos presenciais, atendo com hora marcada, no Bairro da Torre, no Recife.<\/p>\n<p>Venha se conhecer da maneira mais agrad\u00e1vel e cheirosa que existe com &#8216;O Poder Oculto dos Banhos&#8217;!<\/p>\n<p><em>* <strong>S\u00edlvia Garcia<\/strong> \u00e9 terapeuta integrativa, com forma\u00e7\u00e3o em Thetahealing, Barras de Access, Leitura de Aura e Registros Ak\u00e1shicos, Reiki, Aromaterapia, Mesa Radi\u00f4nica, Cone Hindu, Massagem Osho Neo Rebalancing \u2013 e \u00e9 estudiosa dos Saberes Ancestrais.\u00a0<span class=\"yt-core-attributed-string yt-core-attributed-string--white-space-pre-wrap\" dir=\"auto\"><span class=\"yt-core-attributed-string--link-inherit-color\" dir=\"auto\">A terapeuta assina a coluna\u00a0<a href=\"https:\/\/portalfloresnoar.com\/floresnoar\/categoria\/colunas\/silvia-garcia\/\" target=\"_blank\" rel=\"noopener\">S\u00cdLVIA GARCIA<\/a> no Portal Flores do Ar.\u00a0<\/span><\/span><\/em><br \/>\n<strong>WhatsApp:<\/strong> (81) 9 9900-8769\/ <strong>Instagram:<\/strong> <a href=\"https:\/\/www.instagram.com\/silvia.vieira.garcia\/\" target=\"_blank\" rel=\"noopener\">@silvia.vieira.garcia<\/a> \/ <strong>YouTube:<\/strong> <a href=\"https:\/\/www.youtube.com\/@silviagarcia9965\" target=\"_blank\" rel=\"noopener\">https:\/\/www.youtube.com\/@silviagarcia9965<\/a><\/p>\n<p>[<strong>V\u00eddeo:<\/strong>\u00a0<a href=\"https:\/\/www.instagram.com\/lucianooalvim\/\" target=\"_blank\" rel=\"noopener\">Luciano Alvim<\/a>]<\/p>\n","protected":false},"excerpt":{"rendered":"<p>\ufeff |\u00a0Por S\u00edlvia Garcia*\u00a0\u00a0| A cura vibracional oferecida pelas ervas traz equil\u00edbrio e eleva\u00e7\u00e3o da consci\u00eancia, atuando diretamente na alma e na personalidade do indiv\u00edduo, atrav\u00e9s da transfer\u00eancia da energia sutil contida nas plantas. A for\u00e7a energ\u00e9tica existente nas plantas flui suavemente com a capacidade de vitalizar e harmonizar aspectos negativos ou desequilibrados da consci\u00eancia [&hellip;]<\/p>\n","protected":false},"author":1,"featured_media":45983,"comment_status":"open","ping_status":"open","sticky":false,"template":"","format":"standard","meta":{"om_disable_all_campaigns":false,"_monsterinsights_skip_tracking":false,"_monsterinsights_sitenote_active":false,"_monsterinsights_sitenote_note":"","_monsterinsights_sitenote_category":0,"footnotes":""},"categories":[220,978],"tags":[75,326,133,393],"acf":[],"publishpress_future_action":{"enabled":false,"date":"1969-12-31 21:00:00","action":"","terms":[],"taxonomy":"","browser_timezone_offset":0},"_links":{"self":[{"href":"https:\/\/portalfloresnoar.com\/floresnoar\/wp-json\/wp\/v2\/posts\/45978"}],"collection":[{"href":"https:\/\/portalfloresnoar.com\/floresnoar\/wp-json\/wp\/v2\/posts"}],"about":[{"href":"https:\/\/portalfloresnoar.com\/floresnoar\/wp-json\/wp\/v2\/types\/post"}],"author":[{"embeddable":true,"href":"https:\/\/portalfloresnoar.com\/floresnoar\/wp-json\/wp\/v2\/users\/1"}],"replies":[{"embeddable":true,"href":"https:\/\/portalfloresnoar.com\/floresnoar\/wp-json\/wp\/v2\/comments?post=45978"}],"version-history":[{"count":3,"href":"https:\/\/portalfloresnoar.com\/floresnoar\/wp-json\/wp\/v2\/posts\/45978\/revisions"}],"predecessor-version":[{"id":45984,"href":"https:\/\/portalfloresnoar.com\/floresnoar\/wp-json\/wp\/v2\/posts\/45978\/revisions\/45984"}],"wp:featuredmedia":[{"embeddable":true,"href":"https:\/\/portalfloresnoar.com\/floresnoar\/wp-json\/wp\/v2\/media\/45983"}],"wp:attachment":[{"href":"https:\/\/portalfloresnoar.com\/floresnoar\/wp-json\/wp\/v2\/media?parent=45978"}],"wp:term":[{"taxonomy":"category","embeddable":true,"href":"https:\/\/portalfloresnoar.com\/floresnoar\/wp-json\/wp\/v2\/categories?post=45978"},{"taxonomy":"post_tag","embeddable":true,"href":"https:\/\/portalfloresnoar.com\/floresnoar\/wp-json\/wp\/v2\/tags?post=45978"}],"curies":[{"name":"wp","href":"https:\/\/api.w.org\/{rel}","templated":true}]}}