

{"id":45952,"date":"2025-08-07T12:35:44","date_gmt":"2025-08-07T15:35:44","guid":{"rendered":"https:\/\/portalfloresnoar.com\/floresnoar\/?p=45952"},"modified":"2025-08-07T12:36:53","modified_gmt":"2025-08-07T15:36:53","slug":"gerar-entrelinhas-agosto-um-convite-a-reflexao-sobre-paternidades","status":"publish","type":"post","link":"https:\/\/portalfloresnoar.com\/floresnoar\/gerar-entrelinhas-agosto-um-convite-a-reflexao-sobre-paternidades\/","title":{"rendered":"[GERAR ENTRELINHAS] Agosto: um convite \u00e0 reflex\u00e3o sobre paternidades"},"content":{"rendered":"<figure id=\"attachment_45955\" aria-describedby=\"caption-attachment-45955\" style=\"width: 700px\" class=\"wp-caption aligncenter\"><img decoding=\"async\" loading=\"lazy\" class=\"wp-image-45955 size-large\" src=\"https:\/\/portalfloresnoar.com\/floresnoar\/wp-content\/uploads\/2025\/08\/paternidade-_-Edgar-Gonzalez-por-Pixabay-free-700x466.jpg\" alt=\"\" width=\"700\" height=\"466\" srcset=\"https:\/\/portalfloresnoar.com\/floresnoar\/wp-content\/uploads\/2025\/08\/paternidade-_-Edgar-Gonzalez-por-Pixabay-free-700x466.jpg 700w, https:\/\/portalfloresnoar.com\/floresnoar\/wp-content\/uploads\/2025\/08\/paternidade-_-Edgar-Gonzalez-por-Pixabay-free-300x200.jpg 300w, https:\/\/portalfloresnoar.com\/floresnoar\/wp-content\/uploads\/2025\/08\/paternidade-_-Edgar-Gonzalez-por-Pixabay-free-768x512.jpg 768w, https:\/\/portalfloresnoar.com\/floresnoar\/wp-content\/uploads\/2025\/08\/paternidade-_-Edgar-Gonzalez-por-Pixabay-free.jpg 1280w\" sizes=\"(max-width: 700px) 100vw, 700px\" \/><figcaption id=\"caption-attachment-45955\" class=\"wp-caption-text\">Imagem: Edgar Gonzalez (Pixabay)<\/figcaption><\/figure>\n<p>| <em>Por Daniela Leal Dantas Vasconcelos*<\/em> |<\/p>\n<p>Chegamos a agosto, m\u00eas que celebra o Dia dos Pais. H\u00e1 alguns anos, venho observando nos <em>feeds<\/em> do Instagram um misto de sentidos em torno dessa data: entre fotos legendadas com mensagens de carinho, gratid\u00e3o ou saudade, aparecem tamb\u00e9m textos que denunciam a dor diante da neglig\u00eancia, abandono ou viol\u00eancia.<\/p>\n<p>Se, no mundo ocidental, o modelo de fam\u00edlia nuclear \u2013 composta por pai e m\u00e3e \u2013 foi historicamente imaginado por corpos hegem\u00f4nicos como sin\u00f4nimo de estabilidade e amor, um breve passeio pelas redes sociais nesse per\u00edodo revela os furos desse suposto ideal. E \u00e9 justamente nesses vazios que sou convocada a analisar as constru\u00e7\u00f5es de masculinidades na rela\u00e7\u00e3o com o tema da paternidade.<\/p>\n<p>Como aponta a historiadora Mary Del Priore\u00b9, pensando nos \u201cpais de ontem\u201d do Brasil (t\u00edtulo do cap\u00edtulo de sua obra), at\u00e9 o s\u00e9culo XIX, a figura paterna costumava ser sin\u00f4nimo daquele que simplesmente gerava um filho ou filha. Paradoxalmente, o pai era investido de grande poder, import\u00e2ncia e autoridade. Performando a masculinidade patriarcal, ele assumia uma dist\u00e2ncia afetiva, sendo respons\u00e1vel por transmitir valores culturais, morais e patrimoniais, muitas vezes atrav\u00e9s da for\u00e7a &#8211; entendida como signo de virilidade nessa l\u00f3gica. Com o passar do tempo, diante dos avan\u00e7os cient\u00edficos, das lutas dos movimentos sociais e das mudan\u00e7as nos direitos da fam\u00edlia e das crian\u00e7as, essa representa\u00e7\u00e3o foi sendo desestabilizada. Hoje, diferentes arranjos familiares s\u00e3o legitimados, e as den\u00fancias contra os efeitos do patriarcado se tornam cada vez mais aud\u00edveis, embora continuem gerando rea\u00e7\u00f5es conservadoras.<\/p>\n<p>Diante de tantas transforma\u00e7\u00f5es, observo que a imagem do pai p\u00f4de ser cada vez mais ressignificada, deixando de se restringir \u00e0 figura do provedor austero e passando a contemplar o compromisso com responsabilidades pr\u00f3prias do cuidado da vida de um ser humano. Tudo isso envolve, como nos lembra bell hooks\u00b2, carinho, afei\u00e7\u00e3o, reconhecimento, respeito, compromisso, confian\u00e7a, honestidade e comunica\u00e7\u00e3o aberta. Em outras palavras: exige uma a\u00e7\u00e3o e inten\u00e7\u00e3o amorosa, que n\u00e3o combinam com domina\u00e7\u00e3o ou viol\u00eancia. Portanto, paternar exige abrir brechas nas normas patriarcais, escolhendo, cotidianamente, outro tipo de qualidade de presen\u00e7a.<\/p>\n<p>Assim, frente \u00e0s aus\u00eancias e viol\u00eancias que permeiam as paternidades e continuam a ser escancaradas nas redes sociais, torna-se ainda pertinente promovermos um engajamento cont\u00ednuo na constru\u00e7\u00e3o de outros referenciais poss\u00edveis.<\/p>\n<p>Afirmo: a paternidade n\u00e3o se limita ao sangue ou \u00e0 biologia, tampouco a um \u00fanico modelo de masculinidade. Neste m\u00eas de agosto, deixo um convite para a reflex\u00e3o: que tipo de presen\u00e7a amorosa tem sido poss\u00edvel na experi\u00eancia de quem paterna hoje? Que imagens t\u00eam permeado nossos imagin\u00e1rios sobre o exerc\u00edcio da paternidade? O quanto de amor tem sido cultivado e praticado nesses v\u00ednculos? E, finalmente: que caminhos desejamos construir para as pr\u00f3ximas gera\u00e7\u00f5es?<\/p>\n<pre><strong>Notas<\/strong>\r\n1. DEL PRIORE, Mary. Pais de ontem: transforma\u00e7\u00f5es da paternidade no s\u00e9culo XIX. In: DEL PRIORE, Mary; AMANTINO, Marcia (Orgs).\r\nHist\u00f3ria dos homens do Brasil. 1. ed. S\u00e3o Paulo: Editora Unesp, 2013. p. 153-184.\r\n2. hooks, bell. Tudo sobre o amor: Novas perspectivas. Trad. Stephanie Borges. S\u00e3o Paulo: Elefante, 2021, p. 272.<\/pre>\n<p>*<em> Daniela Leal Dantas Vasconcelos \u00e9 psic\u00f3loga cl\u00ednica (CRP 02\/21581), com especializa\u00e7\u00e3o em Psicologia Junguiana com enfoque na pr\u00e1tica cl\u00ednica (pelo IDE) e mestranda em Psicologia pela Universidade Federal de Pernambuco (UFPE).<br \/>\nContato: danilealdv@gmail.com \/ (81) 9 99985768<\/em><\/p>\n","protected":false},"excerpt":{"rendered":"<p>| Por Daniela Leal Dantas Vasconcelos* | Chegamos a agosto, m\u00eas que celebra o Dia dos Pais. H\u00e1 alguns anos, venho observando nos feeds do Instagram um misto de sentidos em torno dessa data: entre fotos legendadas com mensagens de carinho, gratid\u00e3o ou saudade, aparecem tamb\u00e9m textos que denunciam a dor diante da neglig\u00eancia, abandono [&hellip;]<\/p>\n","protected":false},"author":1,"featured_media":45955,"comment_status":"open","ping_status":"open","sticky":false,"template":"","format":"standard","meta":{"om_disable_all_campaigns":false,"_monsterinsights_skip_tracking":false,"_monsterinsights_sitenote_active":false,"_monsterinsights_sitenote_note":"","_monsterinsights_sitenote_category":0,"footnotes":""},"categories":[220,1542],"tags":[499,1592,1536],"acf":[],"publishpress_future_action":{"enabled":false,"date":"1969-12-31 21:00:00","action":"","terms":[],"taxonomy":"","browser_timezone_offset":0},"_links":{"self":[{"href":"https:\/\/portalfloresnoar.com\/floresnoar\/wp-json\/wp\/v2\/posts\/45952"}],"collection":[{"href":"https:\/\/portalfloresnoar.com\/floresnoar\/wp-json\/wp\/v2\/posts"}],"about":[{"href":"https:\/\/portalfloresnoar.com\/floresnoar\/wp-json\/wp\/v2\/types\/post"}],"author":[{"embeddable":true,"href":"https:\/\/portalfloresnoar.com\/floresnoar\/wp-json\/wp\/v2\/users\/1"}],"replies":[{"embeddable":true,"href":"https:\/\/portalfloresnoar.com\/floresnoar\/wp-json\/wp\/v2\/comments?post=45952"}],"version-history":[{"count":7,"href":"https:\/\/portalfloresnoar.com\/floresnoar\/wp-json\/wp\/v2\/posts\/45952\/revisions"}],"predecessor-version":[{"id":45987,"href":"https:\/\/portalfloresnoar.com\/floresnoar\/wp-json\/wp\/v2\/posts\/45952\/revisions\/45987"}],"wp:featuredmedia":[{"embeddable":true,"href":"https:\/\/portalfloresnoar.com\/floresnoar\/wp-json\/wp\/v2\/media\/45955"}],"wp:attachment":[{"href":"https:\/\/portalfloresnoar.com\/floresnoar\/wp-json\/wp\/v2\/media?parent=45952"}],"wp:term":[{"taxonomy":"category","embeddable":true,"href":"https:\/\/portalfloresnoar.com\/floresnoar\/wp-json\/wp\/v2\/categories?post=45952"},{"taxonomy":"post_tag","embeddable":true,"href":"https:\/\/portalfloresnoar.com\/floresnoar\/wp-json\/wp\/v2\/tags?post=45952"}],"curies":[{"name":"wp","href":"https:\/\/api.w.org\/{rel}","templated":true}]}}