

{"id":45937,"date":"2025-04-05T12:53:09","date_gmt":"2025-04-05T15:53:09","guid":{"rendered":"https:\/\/portalfloresnoar.com\/floresnoar\/?p=45937"},"modified":"2025-08-18T20:37:19","modified_gmt":"2025-08-18T23:37:19","slug":"agenda-pe-roda-de-dialogo-sobre-psicologia-raca-e-ancestralidade-com-jesus-moura-dia-16-08-no-espaco-gerar","status":"publish","type":"post","link":"https:\/\/portalfloresnoar.com\/floresnoar\/agenda-pe-roda-de-dialogo-sobre-psicologia-raca-e-ancestralidade-com-jesus-moura-dia-16-08-no-espaco-gerar\/","title":{"rendered":"[AGENDA PE] Roda de Di\u00e1logos sobre &#8216;Psicologia, Ra\u00e7a e Ancestralidade&#8217; com Carol Freire e Jesus Moura dia 16\/08 no Espa\u00e7o Gerar"},"content":{"rendered":"<p>&nbsp;<\/p>\n<p><img decoding=\"async\" loading=\"lazy\" class=\"aligncenter size-large wp-image-45975\" src=\"https:\/\/portalfloresnoar.com\/floresnoar\/wp-content\/uploads\/2025\/08\/\u2018PSICOLOGIA-RACA-E-ANCESTRALIDADE-COM-JESUS-MOURA-E-CAROL-FREIRE-DIA-1608-NO-ESPACO-GERAR-1-700x381.png\" alt=\"\" width=\"700\" height=\"381\" srcset=\"https:\/\/portalfloresnoar.com\/floresnoar\/wp-content\/uploads\/2025\/08\/\u2018PSICOLOGIA-RACA-E-ANCESTRALIDADE-COM-JESUS-MOURA-E-CAROL-FREIRE-DIA-1608-NO-ESPACO-GERAR-1-700x381.png 700w, https:\/\/portalfloresnoar.com\/floresnoar\/wp-content\/uploads\/2025\/08\/\u2018PSICOLOGIA-RACA-E-ANCESTRALIDADE-COM-JESUS-MOURA-E-CAROL-FREIRE-DIA-1608-NO-ESPACO-GERAR-1-300x163.png 300w, https:\/\/portalfloresnoar.com\/floresnoar\/wp-content\/uploads\/2025\/08\/\u2018PSICOLOGIA-RACA-E-ANCESTRALIDADE-COM-JESUS-MOURA-E-CAROL-FREIRE-DIA-1608-NO-ESPACO-GERAR-1-768x417.png 768w, https:\/\/portalfloresnoar.com\/floresnoar\/wp-content\/uploads\/2025\/08\/\u2018PSICOLOGIA-RACA-E-ANCESTRALIDADE-COM-JESUS-MOURA-E-CAROL-FREIRE-DIA-1608-NO-ESPACO-GERAR-1.png 940w\" sizes=\"(max-width: 700px) 100vw, 700px\" \/><br \/>\nO Espa\u00e7o Gerar, no Recife, promove na manh\u00e3 do dia 16\/08 uma roda de di\u00e1logo com as psic\u00f3logas Carol Freire e Jesus Moura, profissionais refer\u00eancias em psicologia antirracista. O encontro &#8211; com o tema &#8216;Psicologia, Ra\u00e7a e Ancestralidade: Cuidado em Sa\u00fade Mental na Interse\u00e7\u00e3o do Racismo e da Resist\u00eancia&#8217; &#8211; \u00e9 voltado para psic\u00f3logues, estudantes e profissionais comprometides com uma pr\u00e1tica que une rigor t\u00e9cnico, justi\u00e7a racial e repara\u00e7\u00e3o hist\u00f3rica. A roda tamb\u00e9m acontece em comemora\u00e7\u00e3o ao Dia de Psic\u00f3logue, celebrado nacionalmente em 27\/08. A entrada \u00e9 gratuita!<\/p>\n<p>De acordo com Patr\u00edcia Mello, uma das gestoras do Espa\u00e7o Gerar, a intersec\u00e7\u00e3o entre ra\u00e7a, sa\u00fade mental e ancestralidade configura-se como um campo urgente de reflex\u00e3o e interven\u00e7\u00e3o para a Psicologia contempor\u00e2nea, demandando abordagens que contemplem as especificidades da popula\u00e7\u00e3o negra no contexto das opress\u00f5es estruturais. Apesar das diretrizes nacionais &#8211; atrav\u00e9s da Resolu\u00e7\u00e3o n\u00ba 18\/2022 do Conselho Federal de Psicologia &#8211; determinarem a inclus\u00e3o de ra\u00e7a nas an\u00e1lises psicol\u00f3gicas, a Psicologia tradicional falha ao ignorar como o racismo estrutura sofrimentos ps\u00edquicos espec\u00edficos em pessoas negras.<\/p>\n<p>&#8220;Estudos &#8211; como os do psiquiatra e fil\u00f3sofo Frantz Fanon e da psiquiatra, psicanalista e escritora brasileira Neusa Santos Souza &#8211; mostram como a viol\u00eancia racial gera adoecimentos e n\u00e3o se configura como um fator secund\u00e1rio, mas um elemento estruturante de sofrimentos ps\u00edquicos, manifestando-se em: sintomas de estresse cr\u00f4nico, como ansiedade social; depress\u00e3o; processos identit\u00e1rios fragilizados pela internaliza\u00e7\u00e3o de estere\u00f3tipos; s\u00edndrome de impostor racializado; estresse de opress\u00e3o; como tamb\u00e9m o medo constante de viol\u00eancia. \u00c9 um trauma cont\u00ednuo, n\u00e3o &#8216;paranoia&#8217;, advindo muitas vezes da hipervigil\u00e2ncia de corpos negros em espa\u00e7os brancos, entre outros. Diante disso, a Psicologia tem o dever \u00e9tico de desnaturalizar essas viol\u00eancias e propor estrat\u00e9gias de cuidado contextualizadas.&#8221;<\/p>\n<p>Patr\u00edcia enfatiza que a roda de di\u00e1logo que acontecer\u00e1 no Espa\u00e7o Gerar visa fortalecer o compromisso da Psicologia com a equidade racial, propondo um paradigma de sa\u00fade mental que una rigor cient\u00edfico, justi\u00e7a epist\u00eamica e repara\u00e7\u00e3o hist\u00f3rica, no intuito de construir uma cl\u00ednica antirracista. Segundo ela, a cl\u00ednica psicol\u00f3gica n\u00e3o pode ser neutra diante do racismo, pois ao se ignorar como a viol\u00eancia racial estrutura o sofrimento ps\u00edquico, os danos s\u00e3o reproduzidos. &#8220;\u00c9 preciso ir al\u00e9m do modelo tradicional. A sa\u00fade mental da popula\u00e7\u00e3o negra exige um olhar interseccional e descolonizado. Se a Psicologia \u00e9 ci\u00eancia e profiss\u00e3o comprometida com a dignidade humana, seu lugar \u00e9 na linha de frente no enfrentamento ao racismo.&#8221;<\/p>\n<p>SOBRE AS CONVIDADAS<br \/>\n<strong>Ana Carolina Freire Lopes <\/strong>\u00e9 psic\u00f3loga, redutora de Danos, coordenadora de Aten\u00e7\u00e3o \u00e0 Sa\u00fade da Popula\u00e7\u00e3o Negra de Pernambuco, conselheira Efetiva do XVII Plen\u00e1rio do CRP02, conselheira Efetiva do COEPIR e conselheira no Comit\u00ea de Equidade no trabalho. \u00c9 candidata \u00e0 conselheira do Conselho Federal de Psicologia pelo movimento Conflu\u00eancias.<\/p>\n<p><strong>Jesus Moura <\/strong>(CRP &#8211; 02\/4617) \u00e9 mestra em Psicologia (abrang\u00eancia social) pela UFPE, especialista em Psicologia Cl\u00ednica de Abordagem Anal\u00edtica\/UNICAP e Especialista em Cl\u00ednica &#8211; CFP. H\u00e1 40 anos atua na Cl\u00ednica como psicoterapeuta e h\u00e1 28 anos na doc\u00eancia em Cursos de Psicologia; atualmente na UniFAFIRE. Todos os 28 anos ensinando Avalia\u00e7\u00e3o Psicol\u00f3gica e Psicodiagn\u00f3stico, bem como em Psicologia Social, \u00c9tica e Direitos Humanos. Ao longo da profiss\u00e3o militou na \u00e1rea dos direitos humanos e nas quest\u00f5es que envolvem as rela\u00e7\u00f5es raciais e constru\u00e7\u00e3o das identidades negras e sa\u00fade mental de mulheres negras. \u00c9 fundadora e integrante da Articula\u00e7\u00e3o Nacional de Psic\u00f3logas(os) Negras(os) e Pesquisadoras(es) &#8211; Anpsinep. \u00c9 candidata a presidenta do Conselho Regional de Psicologia\/PE (CRP-PE) nas pr\u00f3ximas elei\u00e7\u00f5es pela Chapa &#8216;Conflu\u00eancias de Pernambuco&#8217;.<\/p>\n<p>SERVI\u00c7O<br \/>\n<strong>* Roda de Di\u00e1logo com Jesus Moura e Carol Freire sobre o tema: &#8216;Psicologia, Ra\u00e7a e Ancestralidade: Cuidado em Sa\u00fade Mental na Interse\u00e7\u00e3o do Racismo e da Resist\u00eancia&#8217; *<\/strong><br \/>\n<strong>Data:<\/strong> 16\/08\/2025 (S\u00e1bado)<br \/>\n<strong>Hora:<\/strong> 10h \u00e0s 12h<br \/>\n<strong>Local:<\/strong> \u00a0Espa\u00e7o Gerar \u2013 Psicologia, Arteterapia e Bem-Estar: Rua Luiz Guimar\u00e3es, 253, Po\u00e7o da Panela, Recife\/PE.<br \/>\n<em>(Mapa com a localiza\u00e7\u00e3o:\u00a0<a href=\"https:\/\/maps.app.goo.gl\/kZCHrg1TKRm8Qhmv9\" target=\"_blank\" rel=\"noopener\">https:\/\/maps.app.goo.gl\/kZCHrg1TKRm8Qhmv9<\/a>)<\/em><\/p>\n<p>CONTATO<br \/>\n<strong>Espa\u00e7o Gerar:<\/strong>(81) 99760.6383 (WhatsApp)<\/p>\n","protected":false},"excerpt":{"rendered":"<p>&nbsp; O Espa\u00e7o Gerar, no Recife, promove na manh\u00e3 do dia 16\/08 uma roda de di\u00e1logo com as psic\u00f3logas Carol Freire e Jesus Moura, profissionais refer\u00eancias em psicologia antirracista. O encontro &#8211; com o tema &#8216;Psicologia, Ra\u00e7a e Ancestralidade: Cuidado em Sa\u00fade Mental na Interse\u00e7\u00e3o do Racismo e da Resist\u00eancia&#8217; &#8211; \u00e9 voltado para psic\u00f3logues, [&hellip;]<\/p>\n","protected":false},"author":1,"featured_media":45975,"comment_status":"open","ping_status":"open","sticky":false,"template":"","format":"standard","meta":{"om_disable_all_campaigns":false,"_monsterinsights_skip_tracking":false,"_monsterinsights_sitenote_active":false,"_monsterinsights_sitenote_note":"","_monsterinsights_sitenote_category":0,"footnotes":""},"categories":[8,214],"tags":[1585,1429,81,1020],"acf":[],"publishpress_future_action":{"enabled":false,"date":"1969-12-31 21:00:00","action":"","terms":[],"taxonomy":"","browser_timezone_offset":0},"_links":{"self":[{"href":"https:\/\/portalfloresnoar.com\/floresnoar\/wp-json\/wp\/v2\/posts\/45937"}],"collection":[{"href":"https:\/\/portalfloresnoar.com\/floresnoar\/wp-json\/wp\/v2\/posts"}],"about":[{"href":"https:\/\/portalfloresnoar.com\/floresnoar\/wp-json\/wp\/v2\/types\/post"}],"author":[{"embeddable":true,"href":"https:\/\/portalfloresnoar.com\/floresnoar\/wp-json\/wp\/v2\/users\/1"}],"replies":[{"embeddable":true,"href":"https:\/\/portalfloresnoar.com\/floresnoar\/wp-json\/wp\/v2\/comments?post=45937"}],"version-history":[{"count":18,"href":"https:\/\/portalfloresnoar.com\/floresnoar\/wp-json\/wp\/v2\/posts\/45937\/revisions"}],"predecessor-version":[{"id":45981,"href":"https:\/\/portalfloresnoar.com\/floresnoar\/wp-json\/wp\/v2\/posts\/45937\/revisions\/45981"}],"wp:featuredmedia":[{"embeddable":true,"href":"https:\/\/portalfloresnoar.com\/floresnoar\/wp-json\/wp\/v2\/media\/45975"}],"wp:attachment":[{"href":"https:\/\/portalfloresnoar.com\/floresnoar\/wp-json\/wp\/v2\/media?parent=45937"}],"wp:term":[{"taxonomy":"category","embeddable":true,"href":"https:\/\/portalfloresnoar.com\/floresnoar\/wp-json\/wp\/v2\/categories?post=45937"},{"taxonomy":"post_tag","embeddable":true,"href":"https:\/\/portalfloresnoar.com\/floresnoar\/wp-json\/wp\/v2\/tags?post=45937"}],"curies":[{"name":"wp","href":"https:\/\/api.w.org\/{rel}","templated":true}]}}