

{"id":45895,"date":"2025-09-04T05:22:15","date_gmt":"2025-09-04T08:22:15","guid":{"rendered":"https:\/\/portalfloresnoar.com\/floresnoar\/?p=45895"},"modified":"2025-09-04T10:39:15","modified_gmt":"2025-09-04T13:39:15","slug":"agenda-pe-grupo-de-estudos-irmas-do-inhame-mulheres-negras-e-autorrecuperacao-tem-inicio-dia-07-08-no-recife","status":"publish","type":"post","link":"https:\/\/portalfloresnoar.com\/floresnoar\/agenda-pe-grupo-de-estudos-irmas-do-inhame-mulheres-negras-e-autorrecuperacao-tem-inicio-dia-07-08-no-recife\/","title":{"rendered":"[AGENDA PE] Grupo de estudos \u2018Irm\u00e3s do Inhame&#8217; se re\u00fane quinzenalmente no Espa\u00e7o Gerar. A inscri\u00e7\u00e3o \u00e9 gratuita!"},"content":{"rendered":"<p><img decoding=\"async\" loading=\"lazy\" class=\"aligncenter size-large wp-image-45898\" src=\"https:\/\/portalfloresnoar.com\/floresnoar\/wp-content\/uploads\/2025\/07\/Irmandade-do-Inhame-_-recife-560x700.jpg\" alt=\"\" width=\"560\" height=\"700\" srcset=\"https:\/\/portalfloresnoar.com\/floresnoar\/wp-content\/uploads\/2025\/07\/Irmandade-do-Inhame-_-recife-560x700.jpg 560w, https:\/\/portalfloresnoar.com\/floresnoar\/wp-content\/uploads\/2025\/07\/Irmandade-do-Inhame-_-recife-240x300.jpg 240w, https:\/\/portalfloresnoar.com\/floresnoar\/wp-content\/uploads\/2025\/07\/Irmandade-do-Inhame-_-recife-768x961.jpg 768w, https:\/\/portalfloresnoar.com\/floresnoar\/wp-content\/uploads\/2025\/07\/Irmandade-do-Inhame-_-recife.jpg 981w\" sizes=\"(max-width: 560px) 100vw, 560px\" \/><\/p>\n<p>Qunizenalmente, nas quintas-feiras \u00e0 noite, acontecem no Recife os encontros do <strong>grupo de estudos te\u00f3rico-vivencial &#8216;Irm\u00e3s do Inhame: Mulheres Negras e Autorrecupera\u00e7\u00e3o&#8217;<\/strong>, conduzidos pela psic\u00f3loga Patr\u00edcia Melo e pela psicanalista Itanacy Oliveira. O grupo se re\u00fane no Espa\u00e7o Gerar, localizado no bairro do Po\u00e7o da Panela. A participa\u00e7\u00e3o \u00e9 gratuita!<\/p>\n<p>O grupo \u00e9 voltado para o estudo e viv\u00eancias relacionadas ao livro &#8216;Irm\u00e3s do Inhame: Mulheres Negras e Autorrecupera\u00e7\u00e3o&#8217;, da educadora, artista, pensadora e ativista antirracista e feminista bell hooks. Publicado em 1994, o livro se tornou um cl\u00e1ssico dos estudos afro-americanos. Inspirada nas experi\u00eancias de um grupo de apoio feminino (as Irm\u00e3s do Inhame), hooks compartilha estrat\u00e9gias de autorrecupera\u00e7\u00e3o e de cura dos traumas, a partir das rela\u00e7\u00f5es das mulheres negras com seu corpo, com a fam\u00edlia, o trabalho e a comunidade, e mostra como a sa\u00fade emocional dessas mulheres \u00e9 abalada por ataques cotidianos de racismo e sexismo.<\/p>\n<p>&#8220;Vamos mergulhar nessa obra que une saberes ancestrais, com o intuito de dialogar sobre autocuidado, ancestralidade e cura atrav\u00e9s da literatura negra feminina. \u00c9 leitura, mas tamb\u00e9m \u00e9 abra\u00e7o. \u00c9 estudo, mas tamb\u00e9m \u00e9 descanso&#8221;, informam as facilitadoras.<\/p>\n<p><strong>O que esperar?<\/strong><em><br \/>\n\u2192 Troca de experi\u00eancias e afeto entre mulheres negras<br \/>\n\u2192 Discuss\u00f5es sobre feminismo negro, sa\u00fade mental e autoestima<br \/>\n\u2192 Conex\u00e3o com saberes ancestrais e pr\u00e1ticas coletivas de cuidado<\/em><\/p>\n<p>SOBRE AS FACILITADORAS<br \/>\n<strong>Itanacy Oliveira<\/strong> \u00e9 assistente Social, terapeuta Comunit\u00e1ria Integrativa e psicanalista, com trajet\u00f3ria marcada pelo compromisso com o cuidado coletivo, a justi\u00e7a social e o fortalecimento de mulheres em seus territ\u00f3rios, tendo constru\u00eddo sua atua\u00e7\u00e3o na interse\u00e7\u00e3o entre pol\u00edticas p\u00fablicas, sa\u00fade comunit\u00e1ria e pr\u00e1ticas feministas interseccionais. Atua h\u00e1 25 anos na Casa da Mulher do Nordeste, organiza\u00e7\u00e3o social feminista e antirracista, liderando processos de diagn\u00f3stico participativo, elabora\u00e7\u00e3o e monitoramento de projetos sociais.<\/p>\n<p><strong>Patr\u00edcia Mello <\/strong>\u00e9 psic\u00f3loga, facilitadora de SoulCollage\u00ae, especialista em Psicologia Social e da Personalidade, arteterapeuta, s\u00f3cia gestora do Gerar, com 24 anos de experi\u00eancia em Psicologia Cl\u00ednica e Social.<\/p>\n<p>SERVI\u00c7O<br \/>\n<strong>Grupo de Estudos &#8216;Irm\u00e3s do Inhame: Mulheres Negras e Autorrecupera\u00e7\u00e3o&#8217;<\/strong><br \/>\n<strong>Quando:<\/strong> quinzenalmente, nas quintas-feiras (Pr\u00f3ximos encontros: dias 04\/09 e 18\/09)<br \/>\n<strong>Hor\u00e1rio:<\/strong> 19h \u00e0s 21h<br \/>\n<strong>Local:<\/strong> Gerar &#8211; Psicologia, Arteterapia e Bem-Estar &#8211; Rua Luiz Guimar\u00e3es, 253, Po\u00e7o da Panela, Recife\/PE. Fone\/WhatsApp:\u00a0(81) 99760.6383<br \/>\n<em>(Mapa com a localiza\u00e7\u00e3o:\u00a0<a href=\"https:\/\/maps.app.goo.gl\/kZCHrg1TKRm8Qhmv9\" target=\"_blank\" rel=\"noopener\">https:\/\/maps.app.goo.gl\/kZCHrg1TKRm8Qhmv9<\/a>)<\/em><\/p>\n<p><strong>Inscri\u00e7\u00f5es gratuitas, atrav\u00e9s do formul\u00e1rio: <\/strong><a href=\"https:\/\/docs.google.com\/forms\/d\/e\/1FAIpQLScRAvLmFhUnCMtq0Edwz-SwvEqLx7PVKo1BqC2ELZDlfTgKzg\/viewform\" target=\"_blank\" rel=\"noopener\">https:\/\/docs.google.com\/forms\/d\/e\/1FAIpQLScRAvLmFhUnCMtq0Edwz-SwvEqLx7PVKo1BqC2ELZDlfTgKzg\/viewform<\/a><\/p>\n<p>MAIS INFORMA\u00c7\u00d5ES<br \/>\n<strong>WhatsApp:<\/strong> (81) 9 9949-4256 (Patr\u00edcia) | (81) 9 9601-9429 (Itanacy)<br \/>\n<strong>E-mail:<\/strong> irmandadedoinhame@gmail.com<\/p>\n<p>&nbsp;<\/p>\n","protected":false},"excerpt":{"rendered":"<p>Qunizenalmente, nas quintas-feiras \u00e0 noite, acontecem no Recife os encontros do grupo de estudos te\u00f3rico-vivencial &#8216;Irm\u00e3s do Inhame: Mulheres Negras e Autorrecupera\u00e7\u00e3o&#8217;, conduzidos pela psic\u00f3loga Patr\u00edcia Melo e pela psicanalista Itanacy Oliveira. O grupo se re\u00fane no Espa\u00e7o Gerar, localizado no bairro do Po\u00e7o da Panela. A participa\u00e7\u00e3o \u00e9 gratuita! O grupo \u00e9 voltado para [&hellip;]<\/p>\n","protected":false},"author":1,"featured_media":45840,"comment_status":"open","ping_status":"open","sticky":false,"template":"","format":"standard","meta":{"om_disable_all_campaigns":false,"_monsterinsights_skip_tracking":false,"_monsterinsights_sitenote_active":false,"_monsterinsights_sitenote_note":"","_monsterinsights_sitenote_category":0,"footnotes":""},"categories":[8,224,214],"tags":[1585,1589,346,137,22,1588],"acf":[],"publishpress_future_action":{"enabled":false,"date":"1969-12-31 21:00:00","action":"","terms":[],"taxonomy":"","browser_timezone_offset":0},"_links":{"self":[{"href":"https:\/\/portalfloresnoar.com\/floresnoar\/wp-json\/wp\/v2\/posts\/45895"}],"collection":[{"href":"https:\/\/portalfloresnoar.com\/floresnoar\/wp-json\/wp\/v2\/posts"}],"about":[{"href":"https:\/\/portalfloresnoar.com\/floresnoar\/wp-json\/wp\/v2\/types\/post"}],"author":[{"embeddable":true,"href":"https:\/\/portalfloresnoar.com\/floresnoar\/wp-json\/wp\/v2\/users\/1"}],"replies":[{"embeddable":true,"href":"https:\/\/portalfloresnoar.com\/floresnoar\/wp-json\/wp\/v2\/comments?post=45895"}],"version-history":[{"count":6,"href":"https:\/\/portalfloresnoar.com\/floresnoar\/wp-json\/wp\/v2\/posts\/45895\/revisions"}],"predecessor-version":[{"id":46011,"href":"https:\/\/portalfloresnoar.com\/floresnoar\/wp-json\/wp\/v2\/posts\/45895\/revisions\/46011"}],"wp:featuredmedia":[{"embeddable":true,"href":"https:\/\/portalfloresnoar.com\/floresnoar\/wp-json\/wp\/v2\/media\/45840"}],"wp:attachment":[{"href":"https:\/\/portalfloresnoar.com\/floresnoar\/wp-json\/wp\/v2\/media?parent=45895"}],"wp:term":[{"taxonomy":"category","embeddable":true,"href":"https:\/\/portalfloresnoar.com\/floresnoar\/wp-json\/wp\/v2\/categories?post=45895"},{"taxonomy":"post_tag","embeddable":true,"href":"https:\/\/portalfloresnoar.com\/floresnoar\/wp-json\/wp\/v2\/tags?post=45895"}],"curies":[{"name":"wp","href":"https:\/\/api.w.org\/{rel}","templated":true}]}}