

{"id":45885,"date":"2025-07-08T11:54:47","date_gmt":"2025-07-08T14:54:47","guid":{"rendered":"https:\/\/portalfloresnoar.com\/floresnoar\/?p=45885"},"modified":"2025-07-08T13:16:14","modified_gmt":"2025-07-08T16:16:14","slug":"sublocacao-de-sala-por-hora-no-recife","status":"publish","type":"post","link":"https:\/\/portalfloresnoar.com\/floresnoar\/sublocacao-de-sala-por-hora-no-recife\/","title":{"rendered":"Subloca\u00e7\u00e3o de sala por hora no Recife"},"content":{"rendered":"<p><img decoding=\"async\" loading=\"lazy\" class=\"wp-image-45887 alignleft\" src=\"https:\/\/portalfloresnoar.com\/floresnoar\/wp-content\/uploads\/2025\/07\/sublocacao-de-sala-por-hora-no-recife-1-525x700.jpeg\" alt=\"\" width=\"284\" height=\"379\" srcset=\"https:\/\/portalfloresnoar.com\/floresnoar\/wp-content\/uploads\/2025\/07\/sublocacao-de-sala-por-hora-no-recife-1-525x700.jpeg 525w, https:\/\/portalfloresnoar.com\/floresnoar\/wp-content\/uploads\/2025\/07\/sublocacao-de-sala-por-hora-no-recife-1-225x300.jpeg 225w, https:\/\/portalfloresnoar.com\/floresnoar\/wp-content\/uploads\/2025\/07\/sublocacao-de-sala-por-hora-no-recife-1-768x1024.jpeg 768w, https:\/\/portalfloresnoar.com\/floresnoar\/wp-content\/uploads\/2025\/07\/sublocacao-de-sala-por-hora-no-recife-1-1152x1536.jpeg 1152w, https:\/\/portalfloresnoar.com\/floresnoar\/wp-content\/uploads\/2025\/07\/sublocacao-de-sala-por-hora-no-recife-1.jpeg 1200w\" sizes=\"(max-width: 284px) 100vw, 284px\" \/>O Espa\u00e7o Gerar Psicologia Arteterapia e Bem-Estar, localizado no bairro do Po\u00e7o da Panela, no Recife, est\u00e1 disponibilizando subloca\u00e7\u00e3o por hora de sala para atendimentos terap\u00eauticos. O valor inclui apoio de recep\u00e7\u00e3o, internet, ambienta\u00e7\u00e3o e climatiza\u00e7\u00e3o de salas, \u00e1gua e energia. O investimento \u00e9 de R$ 25,00 a hora.<\/p>\n<p>O Gerar \u00e9 um espa\u00e7o terap\u00eautico que atua h\u00e1 20 anos no Recife, agregando profissionais e clientes em torno de propostas transformadoras, ricas em criatividade, sa\u00fade, harmonia, coletividade e reflex\u00e3o de mundo. A proposta da institui\u00e7\u00e3o envolve a compreens\u00e3o integral do ser humano, considerando a sa\u00fade em sua dimens\u00e3o sist\u00eamica \u2013 f\u00edsica, mental, emocional, social e espiritual.<\/p>\n<p>Refer\u00eancia regional em Sa\u00fade Mental, o Espa\u00e7o Gerar promove sa\u00fade e qualidade de vida, atrav\u00e9s do oferecimento de diversas abordagens terap\u00eauticas, como:<br \/>\n&gt;&gt;&gt; Psicologia (Psicologia Junguiana, Bioenerg\u00e9tica, Gestalt e TCC);<br \/>\n&gt;&gt;&gt; Arteterapia;<br \/>\n&gt;&gt;&gt; Psiquiatria;<br \/>\n&gt;&gt;&gt; Pr\u00e1ticas integrativas (Reiki, Hipnoterapia, Aromaterapia, Terapia Floral, Cristaloterapia, ThetaHealing, Barras de Access, Yogaterapia, Mindfulness, Constela\u00e7\u00e3o Familiar, entre outras).<\/p>\n<p><strong><img decoding=\"async\" loading=\"lazy\" class=\"wp-image-45888 alignright\" src=\"https:\/\/portalfloresnoar.com\/floresnoar\/wp-content\/uploads\/2025\/07\/sublocacao-de-sala-por-hora-para-terapeutas-no-recife-525x700.jpeg\" alt=\"\" width=\"273\" height=\"364\" srcset=\"https:\/\/portalfloresnoar.com\/floresnoar\/wp-content\/uploads\/2025\/07\/sublocacao-de-sala-por-hora-para-terapeutas-no-recife-525x700.jpeg 525w, https:\/\/portalfloresnoar.com\/floresnoar\/wp-content\/uploads\/2025\/07\/sublocacao-de-sala-por-hora-para-terapeutas-no-recife-225x300.jpeg 225w, https:\/\/portalfloresnoar.com\/floresnoar\/wp-content\/uploads\/2025\/07\/sublocacao-de-sala-por-hora-para-terapeutas-no-recife-768x1024.jpeg 768w, https:\/\/portalfloresnoar.com\/floresnoar\/wp-content\/uploads\/2025\/07\/sublocacao-de-sala-por-hora-para-terapeutas-no-recife-1152x1536.jpeg 1152w, https:\/\/portalfloresnoar.com\/floresnoar\/wp-content\/uploads\/2025\/07\/sublocacao-de-sala-por-hora-para-terapeutas-no-recife.jpeg 1200w\" sizes=\"(max-width: 273px) 100vw, 273px\" \/><\/strong><\/p>\n<p>&nbsp;<\/p>\n<p><strong>Vantagens na parceria:<\/strong><br \/>\n\u25cf O uso da logomarca do GERAR Arteterapia e Bem-Estar, desde que seja fornecida pelo grupo gestor;<br \/>\n\u25cf A divulga\u00e7\u00e3o de todo trabalho desenvolvido no Gerar, nas m\u00eddias sociais do Gerar (Blog, Facebook e Instagram);<br \/>\n\u25cf Desconto na divulga\u00e7\u00e3o dos servi\u00e7os oferecidos no Portal Flores no Ar;<br \/>\n\u25cf Gratuidade no uso do data show e tel\u00e3o, a ser utilizado no Gerar, mediante agendamento;<br \/>\n\u25cf Gratuidade no uso da maca, a ser utilizada no Gerar, mediante agendamento;<br \/>\n\u25cf Desconto de 20% no valor da subloca\u00e7\u00e3o do sal\u00e3o\/recep\u00e7\u00e3o em hor\u00e1rio de expediente;<br \/>\n\u25cf Participa\u00e7\u00e3o, opcional, nos projetos do Gerar.<\/p>\n<p><strong>Benef\u00edcios da parceria:<\/strong><br \/>\n\u25cf Atra\u00e7\u00e3o de clientes para o parceiro;<br \/>\n\u25cf Divulga\u00e7\u00e3o do trabalho individual;<br \/>\n\u25cf Fortalecimento das suas a\u00e7\u00f5es a partir da parceria com Gerar;<br \/>\n\u25cf Maior alcance de p\u00fablico e mercado;<br \/>\n\u25cf Compartilhamento de conhecimentos e experi\u00eancias.<\/p>\n<p><strong>&gt;&gt;&gt;<\/strong> Caso haja interesse em conhecer o espa\u00e7o, voc\u00ea pode entrar em contato pelo telefone (81) 99760-6383, de segunda a sexta-feira, no hor\u00e1rio das 8h \u00e0s 12h e de 13h \u00e0s 20h, ou pelo e-mail: gerararte@gmail.com<\/p>\n<p>ESPA\u00c7O GERAR \u2013 PSICOLOGIA, ARTETERAPIA E BEM-ESTAR<br \/>\n<strong>Endere\u00e7o:<\/strong>\u00a0Rua Luiz Guimar\u00e3es, 253, Po\u00e7o da Panela, Recife\/PE<br \/>\n<em>(Mapa com a localiza\u00e7\u00e3o:\u00a0<a href=\"https:\/\/maps.app.goo.gl\/kZCHrg1TKRm8Qhmv9\" target=\"_blank\" rel=\"noopener\">https:\/\/maps.app.goo.gl\/kZCHrg1TKRm8Qhmv9<\/a>)<\/em><br \/>\n<strong>Fone\/WhatsApp:<\/strong>\u00a0(81) 99760.6383<\/p>\n","protected":false},"excerpt":{"rendered":"<p>O Espa\u00e7o Gerar Psicologia Arteterapia e Bem-Estar, localizado no bairro do Po\u00e7o da Panela, no Recife, est\u00e1 disponibilizando subloca\u00e7\u00e3o por hora de sala para atendimentos terap\u00eauticos. O valor inclui apoio de recep\u00e7\u00e3o, internet, ambienta\u00e7\u00e3o e climatiza\u00e7\u00e3o de salas, \u00e1gua e energia. O investimento \u00e9 de R$ 25,00 a hora. O Gerar \u00e9 um espa\u00e7o terap\u00eautico [&hellip;]<\/p>\n","protected":false},"author":1,"featured_media":45890,"comment_status":"open","ping_status":"open","sticky":false,"template":"","format":"standard","meta":{"om_disable_all_campaigns":false,"_monsterinsights_skip_tracking":false,"_monsterinsights_sitenote_active":false,"_monsterinsights_sitenote_note":"","_monsterinsights_sitenote_category":0,"footnotes":""},"categories":[9],"tags":[1057,394,1148],"acf":[],"publishpress_future_action":{"enabled":false,"date":"1969-12-31 21:00:00","action":"","terms":[],"taxonomy":"","browser_timezone_offset":0},"_links":{"self":[{"href":"https:\/\/portalfloresnoar.com\/floresnoar\/wp-json\/wp\/v2\/posts\/45885"}],"collection":[{"href":"https:\/\/portalfloresnoar.com\/floresnoar\/wp-json\/wp\/v2\/posts"}],"about":[{"href":"https:\/\/portalfloresnoar.com\/floresnoar\/wp-json\/wp\/v2\/types\/post"}],"author":[{"embeddable":true,"href":"https:\/\/portalfloresnoar.com\/floresnoar\/wp-json\/wp\/v2\/users\/1"}],"replies":[{"embeddable":true,"href":"https:\/\/portalfloresnoar.com\/floresnoar\/wp-json\/wp\/v2\/comments?post=45885"}],"version-history":[{"count":3,"href":"https:\/\/portalfloresnoar.com\/floresnoar\/wp-json\/wp\/v2\/posts\/45885\/revisions"}],"predecessor-version":[{"id":45892,"href":"https:\/\/portalfloresnoar.com\/floresnoar\/wp-json\/wp\/v2\/posts\/45885\/revisions\/45892"}],"wp:featuredmedia":[{"embeddable":true,"href":"https:\/\/portalfloresnoar.com\/floresnoar\/wp-json\/wp\/v2\/media\/45890"}],"wp:attachment":[{"href":"https:\/\/portalfloresnoar.com\/floresnoar\/wp-json\/wp\/v2\/media?parent=45885"}],"wp:term":[{"taxonomy":"category","embeddable":true,"href":"https:\/\/portalfloresnoar.com\/floresnoar\/wp-json\/wp\/v2\/categories?post=45885"},{"taxonomy":"post_tag","embeddable":true,"href":"https:\/\/portalfloresnoar.com\/floresnoar\/wp-json\/wp\/v2\/tags?post=45885"}],"curies":[{"name":"wp","href":"https:\/\/api.w.org\/{rel}","templated":true}]}}