

{"id":45867,"date":"2025-07-10T05:05:10","date_gmt":"2025-07-10T08:05:10","guid":{"rendered":"https:\/\/portalfloresnoar.com\/floresnoar\/?p=45867"},"modified":"2025-07-17T11:21:15","modified_gmt":"2025-07-17T14:21:15","slug":"canto-de-lu-estagios-e-cordeis","status":"publish","type":"post","link":"https:\/\/portalfloresnoar.com\/floresnoar\/canto-de-lu-estagios-e-cordeis\/","title":{"rendered":"[CANTO DE LU] Est\u00e1gios e Cord\u00e9is"},"content":{"rendered":"<figure id=\"attachment_45909\" aria-describedby=\"caption-attachment-45909\" style=\"width: 289px\" class=\"wp-caption alignleft\"><img decoding=\"async\" loading=\"lazy\" class=\"wp-image-45909\" src=\"https:\/\/portalfloresnoar.com\/floresnoar\/wp-content\/uploads\/2025\/07\/cordel-na-escola-525x700.jpeg\" alt=\"\" width=\"289\" height=\"385\" srcset=\"https:\/\/portalfloresnoar.com\/floresnoar\/wp-content\/uploads\/2025\/07\/cordel-na-escola-525x700.jpeg 525w, https:\/\/portalfloresnoar.com\/floresnoar\/wp-content\/uploads\/2025\/07\/cordel-na-escola-225x300.jpeg 225w, https:\/\/portalfloresnoar.com\/floresnoar\/wp-content\/uploads\/2025\/07\/cordel-na-escola-768x1024.jpeg 768w, https:\/\/portalfloresnoar.com\/floresnoar\/wp-content\/uploads\/2025\/07\/cordel-na-escola-1152x1536.jpeg 1152w, https:\/\/portalfloresnoar.com\/floresnoar\/wp-content\/uploads\/2025\/07\/cordel-na-escola.jpeg 1200w\" sizes=\"(max-width: 289px) 100vw, 289px\" \/><figcaption id=\"caption-attachment-45909\" class=\"wp-caption-text\">Exemplar do folheto artesanal criado durante o est\u00e1gio na Escola T\u00e9cnica Estadual C\u00edcero Dias, no Recife<\/figcaption><\/figure>\n<p>| <em>Por Lu Rabelo<\/em> * |<\/p>\n<p>Quando fiz 50 anos, em 2023, me dei de presente a inscri\u00e7\u00e3o no curso de Licenciatura em Letras\/ L\u00edngua Portuguesa. A decis\u00e3o &#8211; 25 anos depois me graduar em Jornalismo \u2013 veio de uma consulta \u00edntima sobre \u201co que mais devo e quero fazer nesta minha exist\u00eancia, no sentido de contribuir essencialmente na cria\u00e7\u00e3o de uma Na\u00e7\u00e3o justa e democr\u00e1tica\u201d. Em tempos de invas\u00e3o da \u2018extrema direita\u2019 no mundo todo, e aqui neste nosso Pa\u00eds, a resposta veio assim: \u201cV\u00e1 pras bases!\u201d. Topei o desafio de me dedicar a esta trilha. Quero ser professora de L\u00edngua Brasileira, Literatura e Reda\u00e7\u00e3o na Educa\u00e7\u00e3o B\u00e1sica.<\/p>\n<p>Apesar do curso que fiz ter sido na modalidade EAD, foram necess\u00e1rias 440 horas de est\u00e1gio, divididas em dois est\u00e1gios presenciais. A primeira etapa cumpri na <a href=\"https:\/\/ewrturmalina.org\/\" rel=\"noopener\" target=\"_blank\">Escola Waldorf Rural Turmalina<\/a>. Tempo de reencantamento! Em meio \u00e0 natureza da Mata Norte Pernambucana, na zona rural de Paudalho, acompanhei turmas do 6\u00ba, 7\u00ba, 8\u00ba e 9\u00ba anos. E, como cordelista, levei a Literatura de Cordel pra escola, criando, junto com a turma do 8\u00ba ano e a professora Mariana Portella, um cordel sobre os personagens da pe\u00e7a \u201cA megera domada\u201d. A experi\u00eancia de conviver na Turmalina, como m\u00e3e e estagi\u00e1ria\/professora, foi um presente bem vivido.<\/p>\n<figure id=\"attachment_45911\" aria-describedby=\"caption-attachment-45911\" style=\"width: 287px\" class=\"wp-caption alignright\"><img decoding=\"async\" loading=\"lazy\" class=\"wp-image-45911\" src=\"https:\/\/portalfloresnoar.com\/floresnoar\/wp-content\/uploads\/2025\/07\/literatura-de-cordel-e-pedagogia-waldorf-530x700.jpg\" alt=\"\" width=\"287\" height=\"379\" srcset=\"https:\/\/portalfloresnoar.com\/floresnoar\/wp-content\/uploads\/2025\/07\/literatura-de-cordel-e-pedagogia-waldorf-530x700.jpg 530w, https:\/\/portalfloresnoar.com\/floresnoar\/wp-content\/uploads\/2025\/07\/literatura-de-cordel-e-pedagogia-waldorf-227x300.jpg 227w, https:\/\/portalfloresnoar.com\/floresnoar\/wp-content\/uploads\/2025\/07\/literatura-de-cordel-e-pedagogia-waldorf-768x1015.jpg 768w, https:\/\/portalfloresnoar.com\/floresnoar\/wp-content\/uploads\/2025\/07\/literatura-de-cordel-e-pedagogia-waldorf.jpg 789w\" sizes=\"(max-width: 287px) 100vw, 287px\" \/><figcaption id=\"caption-attachment-45911\" class=\"wp-caption-text\">Folheto de Cordel criado com os jovens do 8\u00ba ano da Escola Waldorf Rural Turmalina, em 2024.<\/figcaption><\/figure>\n<p>Agora, no primeiro semestre de 2025, precisei iniciar o II est\u00e1gio obrigat\u00f3rio, e cumprir as outras 220 horas. J\u00e1 estava de volta residindo no Recife e sabia que queria estagiar numa escola p\u00fablica. Decidi procurar a Escola T\u00e9cnica Estadual C\u00edcero Dias, em Boa Viagem, tamb\u00e9m pelo fato da parceria que a escola tem com o Instituto Oi Futuro, que possibilita uma \u00f3tima estrutura f\u00edsica e tecnol\u00f3gica pro aprendizado. Deu certo! Fui acolhida pela professora Patr\u00edcia Oliveira, a quem sou eternamente grata. As trocas com os\/as jovens ainda est\u00e3o pulsantes em mim. Rela\u00e7\u00f5es verdadeiras e animadas. Acompanhei quatro turmas do 2\u00ba ano do Ensino M\u00e9dio, cada uma com cerca de 40 jovens. E, claro, criamos um cordel! :)<\/p>\n<p>As turmas criaram em subgrupos poemas inspirados na Literatura de Cordel, sobre o Romantismo, assunto que estavam estudando. Tamb\u00e9m fizeram gravuras, com a t\u00e9cnica da Isogravura. Juntei tudo e fanzinei num folheto artesanal. Est\u00e1 dispon\u00edvel na biblioteca da escola. Acabei agora de costurar.<\/p>\n<p>Sou muy grata \u00e0 Escola Waldorf Rural Turmalina e \u00e0 ETE C\u00edcero Dias pela acolhida e aprendizados. Estar com a juventude me reanima! <\/p>\n<p>Sigo na miss\u00e3o de decolonizar as pr\u00e1ticas educativas, valorizando as culturas populares e semeando poesia. Avante!<\/p>\n<p>* <a href=\"https:\/\/www.instagram.com\/canto.de.lu\/\" target=\"_blank\" rel=\"noopener\">Lu Rabelo<\/a>, tamb\u00e9m conhecida como Luciana de Z\u00e9 de Joana, \u00e9 cantadeira, educadora, jornalista, arteterapeuta, herbalista, editora e guardi\u00e3 do Portal Flores no Ar.<\/p>\n","protected":false},"excerpt":{"rendered":"<p>| Por Lu Rabelo * | Quando fiz 50 anos, em 2023, me dei de presente a inscri\u00e7\u00e3o no curso de Licenciatura em Letras\/ L\u00edngua Portuguesa. A decis\u00e3o &#8211; 25 anos depois me graduar em Jornalismo \u2013 veio de uma consulta \u00edntima sobre \u201co que mais devo e quero fazer nesta minha exist\u00eancia, no sentido [&hellip;]<\/p>\n","protected":false},"author":1,"featured_media":45908,"comment_status":"open","ping_status":"open","sticky":false,"template":"","format":"standard","meta":{"om_disable_all_campaigns":false,"_monsterinsights_skip_tracking":false,"_monsterinsights_sitenote_active":false,"_monsterinsights_sitenote_note":"","_monsterinsights_sitenote_category":0,"footnotes":""},"categories":[227,220],"tags":[448,19,83,69,1294,461,51],"acf":[],"publishpress_future_action":{"enabled":false,"date":"1969-12-31 21:00:00","action":"","terms":[],"taxonomy":"","browser_timezone_offset":0},"_links":{"self":[{"href":"https:\/\/portalfloresnoar.com\/floresnoar\/wp-json\/wp\/v2\/posts\/45867"}],"collection":[{"href":"https:\/\/portalfloresnoar.com\/floresnoar\/wp-json\/wp\/v2\/posts"}],"about":[{"href":"https:\/\/portalfloresnoar.com\/floresnoar\/wp-json\/wp\/v2\/types\/post"}],"author":[{"embeddable":true,"href":"https:\/\/portalfloresnoar.com\/floresnoar\/wp-json\/wp\/v2\/users\/1"}],"replies":[{"embeddable":true,"href":"https:\/\/portalfloresnoar.com\/floresnoar\/wp-json\/wp\/v2\/comments?post=45867"}],"version-history":[{"count":2,"href":"https:\/\/portalfloresnoar.com\/floresnoar\/wp-json\/wp\/v2\/posts\/45867\/revisions"}],"predecessor-version":[{"id":45912,"href":"https:\/\/portalfloresnoar.com\/floresnoar\/wp-json\/wp\/v2\/posts\/45867\/revisions\/45912"}],"wp:featuredmedia":[{"embeddable":true,"href":"https:\/\/portalfloresnoar.com\/floresnoar\/wp-json\/wp\/v2\/media\/45908"}],"wp:attachment":[{"href":"https:\/\/portalfloresnoar.com\/floresnoar\/wp-json\/wp\/v2\/media?parent=45867"}],"wp:term":[{"taxonomy":"category","embeddable":true,"href":"https:\/\/portalfloresnoar.com\/floresnoar\/wp-json\/wp\/v2\/categories?post=45867"},{"taxonomy":"post_tag","embeddable":true,"href":"https:\/\/portalfloresnoar.com\/floresnoar\/wp-json\/wp\/v2\/tags?post=45867"}],"curies":[{"name":"wp","href":"https:\/\/api.w.org\/{rel}","templated":true}]}}