

{"id":45760,"date":"2025-05-01T19:27:59","date_gmt":"2025-05-01T22:27:59","guid":{"rendered":"https:\/\/portalfloresnoar.com\/floresnoar\/?p=45760"},"modified":"2025-05-16T14:38:36","modified_gmt":"2025-05-16T17:38:36","slug":"agenda-pe-cantor-e-poeta-paraibano-juze-faz-show-nesta-sexta-no-recife","status":"publish","type":"post","link":"https:\/\/portalfloresnoar.com\/floresnoar\/agenda-pe-cantor-e-poeta-paraibano-juze-faz-show-nesta-sexta-no-recife\/","title":{"rendered":"[AGENDA PE] Cantor e poeta paraibano Juz\u00e9 faz show no Recife"},"content":{"rendered":"<p><img decoding=\"async\" loading=\"lazy\" class=\"aligncenter size-large wp-image-45761\" src=\"https:\/\/portalfloresnoar.com\/floresnoar\/wp-content\/uploads\/2025\/05\/show-de-juze-no-recife-560x700.jpeg\" alt=\"\" width=\"560\" height=\"700\" srcset=\"https:\/\/portalfloresnoar.com\/floresnoar\/wp-content\/uploads\/2025\/05\/show-de-juze-no-recife-560x700.jpeg 560w, https:\/\/portalfloresnoar.com\/floresnoar\/wp-content\/uploads\/2025\/05\/show-de-juze-no-recife-240x300.jpeg 240w, https:\/\/portalfloresnoar.com\/floresnoar\/wp-content\/uploads\/2025\/05\/show-de-juze-no-recife-768x960.jpeg 768w, https:\/\/portalfloresnoar.com\/floresnoar\/wp-content\/uploads\/2025\/05\/show-de-juze-no-recife.jpeg 1102w\" sizes=\"(max-width: 560px) 100vw, 560px\" \/><\/p>\n<p>&nbsp;<\/p>\n<p>[SHOW CANCELADO POR CONTA DAS CHUVAS NO RECIFE]<\/p>\n<p>O cantor, compositor e poeta paraibano Juz\u00e9 apresentar\u00e1 em primeira m\u00e3o no Recife seu in\u00e9dito show de S\u00e3o Jo\u00e3o &#8216;Morma\u00e7o de Fogueira&#8217;, nesta sexta-feira, dia 16\/05, \u00e0s 21h, no Terra Caf\u00e9 Polo Cultural. A noite contar\u00e1 com participa\u00e7\u00f5es especiais de Liv Moraes, Juba, Bernardo Valen\u00e7a e Charles Theone.<\/p>\n<p>Eleito um dos artistas mais inovadores de 2024 pela revista Rolling Stone, Juz\u00e9 trar\u00e1 sua musicalidade vers\u00e1til e interpreta\u00e7\u00e3o visceral em um show in\u00e9dito, reunindo can\u00e7\u00f5es autorais &#8211; como \u201cNordeste Destino\u201d, \u201cAgarrado\u201d e \u201cDoce Confeito Mel\u201d &#8211; e releituras de artistas que o influenciaram, como Luiz Gonzaga, Jackson do Pandeiro, Alceu Valen\u00e7a, Maciel Melo, Petr\u00facio Amorim e Ant\u00f4nio Barros. O show \u201cMorma\u00e7o de Fogueira\u201d adianta o lan\u00e7amento do EP de mesmo nome, que chegar\u00e1 \u00e0s plataformas digitais dia 6 de junho com can\u00e7\u00f5es autorais e convidados especiais surpresa!<\/p>\n<p><figure id=\"attachment_45762\" aria-describedby=\"caption-attachment-45762\" style=\"width: 352px\" class=\"wp-caption alignleft\"><img decoding=\"async\" loading=\"lazy\" class=\"wp-image-45762\" src=\"https:\/\/portalfloresnoar.com\/floresnoar\/wp-content\/uploads\/2025\/05\/Juze_cred_Brunini-467x700.jpg\" alt=\"\" width=\"352\" height=\"528\" srcset=\"https:\/\/portalfloresnoar.com\/floresnoar\/wp-content\/uploads\/2025\/05\/Juze_cred_Brunini-467x700.jpg 467w, https:\/\/portalfloresnoar.com\/floresnoar\/wp-content\/uploads\/2025\/05\/Juze_cred_Brunini-200x300.jpg 200w, https:\/\/portalfloresnoar.com\/floresnoar\/wp-content\/uploads\/2025\/05\/Juze_cred_Brunini.jpg 679w\" sizes=\"(max-width: 352px) 100vw, 352px\" \/><figcaption id=\"caption-attachment-45762\" class=\"wp-caption-text\">Juz\u00e9 retorna \u00e0 capital pernambucana, ap\u00f3s ter estreado no Carnaval do Recife com show no P\u00e1tio de S\u00e3o Pedro e participa\u00e7\u00f5es no Galo da Madrugada (ao lado de Elba Ramalho), Casa Esta\u00e7\u00e3o da Luz e Marco Zero (ambos com o Maestro Spok). [Foto: Brunini]<\/figcaption><\/figure>\u201cEsse show de S\u00e3o Jo\u00e3o mexe muito comigo porque sou filho do m\u00eas de junho, nasci em 06\/06. O forr\u00f3 j\u00e1 era presente em minha vida desde meus av\u00f3s, que ouviam muito Luiz Gonzaga e Jackson do Pandeiro. Lembro quando eu tinha 7 anos de idade, o cantor e compositor Fl\u00e1vio Jos\u00e9 estourou no Brasil inteiro com a m\u00fasica \u2018Tareco &amp; Mariola\u2019 e acabou virando a trilha sonora de todos os lugares onde eu pisava em Jo\u00e3o Pessoa com meus pais. A\u00ed a m\u00edstica do forr\u00f3 acabou entrando definitivamente dentro de mim\u201d, conta o artista.<\/p>\n<p>\u00c9 neste ambiente festivo e afetivo que Juz\u00e9 prepara o novo trabalho. \u201cA atmosfera junina est\u00e1 sempre na minha m\u00fasica. Trabalhei com alguns artistas do segmento do forr\u00f3, como Os Gonzagas e Lucy Alves, e agora trago para o show com o meu Bando toda a bagagem que tenho da cultura nordestina, com can\u00e7\u00f5es cl\u00e1ssicas e m\u00fasicas tem\u00e1ticas que eu mesmo compus para essa est\u00e9tica\u201d, completa Juz\u00e9.<\/p>\n<p>MAIS SOBRE JUZ\u00c9 &#8211; Escolhido para a lista Future of Music da revista Rolling Stone com os 25 artistas mais inovadores e interessantes de 2024, Juz\u00e9 vem ganhando admira\u00e7\u00e3o do p\u00fablico e da cr\u00edtica com sua musicalidade original. \u201cMinha m\u00fasica \u00e9 do mundo com os p\u00e9s no Brasil, no Nordeste. O palco \u00e9 um lugar de liberta\u00e7\u00e3o onde me sinto inteiro e conectado com o p\u00fablico\u201d, diz ele, que se divide entre a Para\u00edba e o Rio de Janeiro, conciliando a carreira de cantor e ator. O artista ganhou proje\u00e7\u00e3o nacional atuando na Rede Globo, com o carism\u00e1tico personagem Totonho nas novelas Mar do Sert\u00e3o e No Rancho Fundo, escrevendo, cantando e contando as famosas \u2018Cenas do pr\u00f3ximos cap\u00edtulos\u2019. Juz\u00e9 tem mais de 600 obras escritas, 7 trabalhos lan\u00e7ados (entre singles e EPs) e can\u00e7\u00f5es gravadas por nomes como Elba Ramalho, Alok, Juliette e Os Gonzagas. O artista j\u00e1 dividiu o palco com \u00eddolos como Alceu Valen\u00e7a, Elba Ramalho, C\u00e1tia de Fran\u00e7a, Lucy Alves, Pedro Lu\u00eds &amp; Monobloco e Mestre Fuba. Acompanhe Juz\u00e9 nas redes sociais e plataformas digitais: https:\/\/linktr.ee\/Juuzeh<\/p>\n<p>SERVI\u00c7O<br \/>\n<strong>Show &#8216;Morma\u00e7o de Fogueira&#8217;, com Juz\u00e9 e Bando<\/strong><br \/>\n<strong>Data:<\/strong> 16 de Maio (Sexta-feira)<br \/>\n<strong>Local:<\/strong> Terra Caf\u00e9 Polo Cultural &#8211; Rua Bispo Cardoso Ayres, 467, Boa Vista, Recife\/PE<br \/>\n<strong>Hor\u00e1rio:<\/strong> 21h (Abertura da casa: 20h)<\/p>\n<p><strong>Ingressos neste link:<\/strong> <a href=\"https:\/\/www.sympla.com.br\/evento\/juze-apresenta-show-mormaco-de-fogueira\/2937220\" target=\"_blank\" rel=\"noopener\">https:\/\/www.sympla.com.br\/evento\/juze-apresenta-show-mormaco-de-fogueira\/2937220<\/a><\/p>\n<p><strong>Mais informa\u00e7\u00f5es:<\/strong> <a href=\"https:\/\/www.instagram.com\/terra_polocultural\/\" target=\"_blank\" rel=\"noopener\">https:\/\/www.instagram.com\/terra_polocultural\/ <\/a><\/p>\n","protected":false},"excerpt":{"rendered":"<p>&nbsp; [SHOW CANCELADO POR CONTA DAS CHUVAS NO RECIFE] O cantor, compositor e poeta paraibano Juz\u00e9 apresentar\u00e1 em primeira m\u00e3o no Recife seu in\u00e9dito show de S\u00e3o Jo\u00e3o &#8216;Morma\u00e7o de Fogueira&#8217;, nesta sexta-feira, dia 16\/05, \u00e0s 21h, no Terra Caf\u00e9 Polo Cultural. A noite contar\u00e1 com participa\u00e7\u00f5es especiais de Liv Moraes, Juba, Bernardo Valen\u00e7a e [&hellip;]<\/p>\n","protected":false},"author":1,"featured_media":45763,"comment_status":"open","ping_status":"open","sticky":false,"template":"","format":"standard","meta":{"om_disable_all_campaigns":false,"_monsterinsights_skip_tracking":false,"_monsterinsights_sitenote_active":false,"_monsterinsights_sitenote_note":"","_monsterinsights_sitenote_category":0,"footnotes":""},"categories":[8,214],"tags":[31,1284,51],"acf":[],"publishpress_future_action":{"enabled":false,"date":"1969-12-31 21:00:00","action":"","terms":[],"taxonomy":"","browser_timezone_offset":0},"_links":{"self":[{"href":"https:\/\/portalfloresnoar.com\/floresnoar\/wp-json\/wp\/v2\/posts\/45760"}],"collection":[{"href":"https:\/\/portalfloresnoar.com\/floresnoar\/wp-json\/wp\/v2\/posts"}],"about":[{"href":"https:\/\/portalfloresnoar.com\/floresnoar\/wp-json\/wp\/v2\/types\/post"}],"author":[{"embeddable":true,"href":"https:\/\/portalfloresnoar.com\/floresnoar\/wp-json\/wp\/v2\/users\/1"}],"replies":[{"embeddable":true,"href":"https:\/\/portalfloresnoar.com\/floresnoar\/wp-json\/wp\/v2\/comments?post=45760"}],"version-history":[{"count":4,"href":"https:\/\/portalfloresnoar.com\/floresnoar\/wp-json\/wp\/v2\/posts\/45760\/revisions"}],"predecessor-version":[{"id":45767,"href":"https:\/\/portalfloresnoar.com\/floresnoar\/wp-json\/wp\/v2\/posts\/45760\/revisions\/45767"}],"wp:featuredmedia":[{"embeddable":true,"href":"https:\/\/portalfloresnoar.com\/floresnoar\/wp-json\/wp\/v2\/media\/45763"}],"wp:attachment":[{"href":"https:\/\/portalfloresnoar.com\/floresnoar\/wp-json\/wp\/v2\/media?parent=45760"}],"wp:term":[{"taxonomy":"category","embeddable":true,"href":"https:\/\/portalfloresnoar.com\/floresnoar\/wp-json\/wp\/v2\/categories?post=45760"},{"taxonomy":"post_tag","embeddable":true,"href":"https:\/\/portalfloresnoar.com\/floresnoar\/wp-json\/wp\/v2\/tags?post=45760"}],"curies":[{"name":"wp","href":"https:\/\/api.w.org\/{rel}","templated":true}]}}