

{"id":45754,"date":"2026-01-20T11:49:18","date_gmt":"2026-01-20T14:49:18","guid":{"rendered":"https:\/\/portalfloresnoar.com\/floresnoar\/?p=45754"},"modified":"2026-01-21T23:01:09","modified_gmt":"2026-01-22T02:01:09","slug":"documentario-memorias-de-tupanaci","status":"publish","type":"post","link":"https:\/\/portalfloresnoar.com\/floresnoar\/documentario-memorias-de-tupanaci\/","title":{"rendered":"Document\u00e1rio &#8216;Mem\u00f3rias de Tupanaci&#8217;"},"content":{"rendered":"<p><iframe loading=\"lazy\" title=\"YouTube video player\" src=\"https:\/\/www.youtube.com\/embed\/6Q0P-RN6iww?si=xEIsw7J039230hqZ\" width=\"560\" height=\"315\" frameborder=\"0\" allowfullscreen=\"allowfullscreen\"><\/iframe><\/p>\n<p>| <em>Por Luciana de Z\u00e9 de Joana (Lu Rabelo)<\/em> |<\/p>\n<p>Mem\u00f3rias de Tupanaci \u00e9 um document\u00e1rio que conta a hist\u00f3ria do vilarejo de Tupanaci (antiga Vila da Santa Maria), comunidade tradicional caatingueira localizada no munic\u00edpio de Mirandiba, Sert\u00e3o do Paje\u00fa pernambucano.<\/p>\n<p>O v\u00eddeo foi produzido a partir de arquivos audiovisuais de meu acervo, tendo como fio da narrativa entrevistas com Z\u00e9 de Joana, meu pai, nascido e criado no povoado. Z\u00e9 de Joana se encantou no ano de 2020.<\/p>\n<p>O document\u00e1rio foi montado, em maio de 2025, como Trabalho de Conclus\u00e3o da P\u00f3s Gradua\u00e7\u00e3o em Culturas Populares e Tradicionais, realizada pelo Pont\u00e3o de Cultura da Rede de Culturas Populares e Tradicionais e pela ONG Beatos, tendo como parceiros a Universidade Regional do Cariri (URCA) e o Centro Nacional de Folclore e Cultura Popular\/IPHAN. O incentivo foi da Pol\u00edtica Nacional de Cultura Viva\/ Minist\u00e9rio da Cultura\/ Governo Federal.<\/p>\n<p>O acesso \u00e0s filmagens antigas &#8211; registradas entre os anos 2000 e 2010, no formato mini-dv &#8211; s\u00f3 foi poss\u00edvel gra\u00e7as \u00e0 aprova\u00e7\u00e3o do projeto Fitas na Tela, contemplado no Edital de A\u00e7\u00f5es Criativas para o Audiovisual \u2013 Mem\u00f3ria, Preserva\u00e7\u00e3o e Digitaliza\u00e7\u00e3o de Obras \u2013 LPG, com incentivo financeiro do Governo do Estado de Pernambuco, atrav\u00e9s da Secretaria de Cultura do Estado, via Lei Paulo Gustavo, direcionada pelo Minist\u00e9rio da Cultura \u2013 Governo Federal.<\/p>\n<p>CONTATOS<br \/>\n<strong>Luciana de Z\u00e9 de Joana (Lu Rabelo)<\/strong><br \/>\n<strong>Instagram:<\/strong><a href=\"https:\/\/www.instagram.com\/canto.de.lu\/\" target=\"_blank\" rel=\"noopener\"> @canto.de.lu<\/a><br \/>\n<strong>E-mail:<\/strong> cantadeiralu@gmail.com<\/p>\n","protected":false},"excerpt":{"rendered":"<p>| Por Luciana de Z\u00e9 de Joana (Lu Rabelo) | Mem\u00f3rias de Tupanaci \u00e9 um document\u00e1rio que conta a hist\u00f3ria do vilarejo de Tupanaci (antiga Vila da Santa Maria), comunidade tradicional caatingueira localizada no munic\u00edpio de Mirandiba, Sert\u00e3o do Paje\u00fa pernambucano. O v\u00eddeo foi produzido a partir de arquivos audiovisuais de meu acervo, tendo como [&hellip;]<\/p>\n","protected":false},"author":1,"featured_media":45755,"comment_status":"open","ping_status":"open","sticky":false,"template":"","format":"standard","meta":{"om_disable_all_campaigns":false,"_monsterinsights_skip_tracking":false,"_monsterinsights_sitenote_active":false,"_monsterinsights_sitenote_note":"","_monsterinsights_sitenote_category":0,"footnotes":""},"categories":[220,224,14,1232],"tags":[121,1178,1147],"acf":[],"publishpress_future_action":{"enabled":false,"date":"1969-12-31 21:00:00","action":"","terms":[],"taxonomy":"","browser_timezone_offset":0},"_links":{"self":[{"href":"https:\/\/portalfloresnoar.com\/floresnoar\/wp-json\/wp\/v2\/posts\/45754"}],"collection":[{"href":"https:\/\/portalfloresnoar.com\/floresnoar\/wp-json\/wp\/v2\/posts"}],"about":[{"href":"https:\/\/portalfloresnoar.com\/floresnoar\/wp-json\/wp\/v2\/types\/post"}],"author":[{"embeddable":true,"href":"https:\/\/portalfloresnoar.com\/floresnoar\/wp-json\/wp\/v2\/users\/1"}],"replies":[{"embeddable":true,"href":"https:\/\/portalfloresnoar.com\/floresnoar\/wp-json\/wp\/v2\/comments?post=45754"}],"version-history":[{"count":6,"href":"https:\/\/portalfloresnoar.com\/floresnoar\/wp-json\/wp\/v2\/posts\/45754\/revisions"}],"predecessor-version":[{"id":46159,"href":"https:\/\/portalfloresnoar.com\/floresnoar\/wp-json\/wp\/v2\/posts\/45754\/revisions\/46159"}],"wp:featuredmedia":[{"embeddable":true,"href":"https:\/\/portalfloresnoar.com\/floresnoar\/wp-json\/wp\/v2\/media\/45755"}],"wp:attachment":[{"href":"https:\/\/portalfloresnoar.com\/floresnoar\/wp-json\/wp\/v2\/media?parent=45754"}],"wp:term":[{"taxonomy":"category","embeddable":true,"href":"https:\/\/portalfloresnoar.com\/floresnoar\/wp-json\/wp\/v2\/categories?post=45754"},{"taxonomy":"post_tag","embeddable":true,"href":"https:\/\/portalfloresnoar.com\/floresnoar\/wp-json\/wp\/v2\/tags?post=45754"}],"curies":[{"name":"wp","href":"https:\/\/api.w.org\/{rel}","templated":true}]}}