

{"id":45747,"date":"2025-01-12T09:47:45","date_gmt":"2025-01-12T12:47:45","guid":{"rendered":"https:\/\/portalfloresnoar.com\/floresnoar\/?p=45747"},"modified":"2025-06-03T08:24:05","modified_gmt":"2025-06-03T11:24:05","slug":"agenda-pe-vivencia-para-mulheres-com-o-tema-voce-tem-medo-de-que-dia-31-05-no-espaco-gerar","status":"publish","type":"post","link":"https:\/\/portalfloresnoar.com\/floresnoar\/agenda-pe-vivencia-para-mulheres-com-o-tema-voce-tem-medo-de-que-dia-31-05-no-espaco-gerar\/","title":{"rendered":"[AGENDA PE] Viv\u00eancia para mulheres com o tema &#8216;Voc\u00ea tem medo de qu\u00ea?&#8217; dia 31\/05 no Espa\u00e7o Gerar"},"content":{"rendered":"<p><img decoding=\"async\" loading=\"lazy\" class=\"aligncenter size-large wp-image-45748\" src=\"https:\/\/portalfloresnoar.com\/floresnoar\/wp-content\/uploads\/2025\/05\/vivencia-para-mulheres-no-recife-700x700.jpeg\" alt=\"\" width=\"700\" height=\"700\" srcset=\"https:\/\/portalfloresnoar.com\/floresnoar\/wp-content\/uploads\/2025\/05\/vivencia-para-mulheres-no-recife-700x700.jpeg 700w, https:\/\/portalfloresnoar.com\/floresnoar\/wp-content\/uploads\/2025\/05\/vivencia-para-mulheres-no-recife-300x300.jpeg 300w, https:\/\/portalfloresnoar.com\/floresnoar\/wp-content\/uploads\/2025\/05\/vivencia-para-mulheres-no-recife-150x150.jpeg 150w, https:\/\/portalfloresnoar.com\/floresnoar\/wp-content\/uploads\/2025\/05\/vivencia-para-mulheres-no-recife-768x768.jpeg 768w, https:\/\/portalfloresnoar.com\/floresnoar\/wp-content\/uploads\/2025\/05\/vivencia-para-mulheres-no-recife-100x100.jpeg 100w, https:\/\/portalfloresnoar.com\/floresnoar\/wp-content\/uploads\/2025\/05\/vivencia-para-mulheres-no-recife.jpeg 1080w\" sizes=\"(max-width: 700px) 100vw, 700px\" \/><\/p>\n<p>No dia 31 de maio de 2025, as psic\u00f3logas Luciana Absal\u00e3o e Sandra Wanderley facilitam a viv\u00eancia para mulheres &#8216;Voc\u00ea tem medo de qu\u00ea?&#8217;. O encontro ser\u00e1 das 9h \u00e0s 12h, no Espa\u00e7o Gerar, localizado no bairro do Po\u00e7o da Panela, no Recife.<\/p>\n<p>&#8220;Como profissionais de Psicologia, j\u00e1 ouvimos alguns pacientes falarem que querem se livrar do desconforto do medo. Emo\u00e7\u00e3o prim\u00e1ria e universal, o medo nos sugere um est\u00edmulo de defesa, prote\u00e7\u00e3o e que \u00e9 muito importante para nossa sobreviv\u00eancia. \u00c9 verdade tamb\u00e9m que, quando em excesso, \u00e9 uma emo\u00e7\u00e3o que pode paralisar e travar a vida. Nesses momentos, precisamos nos acolher para escutar o que essa emo\u00e7\u00e3o est\u00e1 querendo nos mostrar&#8221;, informam as psic\u00f3logas.<\/p>\n<p>Com a pot\u00eancia do c\u00edrculo feminino, a viv\u00eancia ser\u00e1 conduzida atrav\u00e9s de um processo de psicoeduca\u00e7\u00e3o, autodescoberta, t\u00e9cnicas de regula\u00e7\u00e3o emocional e uso de cartas terap\u00eauticas.<\/p>\n<p>SERVI\u00c7O<br \/>\n<strong>* Viv\u00eancia para Mulheres &#8216;Voc\u00ea tem medo de qu\u00ea?&#8217; *<\/strong><br \/>\n<strong>Data:<\/strong> 31\/05\/2025 (S\u00e1bado)<br \/>\n<strong>Hora:<\/strong> das 9h \u00e0s 12h<br \/>\n<strong>Local:<\/strong> Espa\u00e7o Gerar &#8211; Psicologia, Arteterapia e Bem-Estar: Rua Luiz Guimar\u00e3es, 253, Po\u00e7o da Panela, Recife\/PE. Fone\/WhatsApp: (81) 99760.6383<br \/>\n<em>(Mapa com a localiza\u00e7\u00e3o:\u00a0<a href=\"https:\/\/maps.app.goo.gl\/kZCHrg1TKRm8Qhmv9\" target=\"_blank\" rel=\"noopener\">https:\/\/maps.app.goo.gl\/kZCHrg1TKRm8Qhmv9<\/a>)<\/em><br \/>\n<strong>Investimento: <\/strong>R$ 100,00<\/p>\n<p>CONTATOS E MAIS INFORMA\u00c7\u00d5ES<br \/>\n<strong>WhatsApp:<\/strong> (81) 9 8949 5330 (Luciana Absal\u00e3o)\/ (81) 9 9272 0261 (Sandra Wanderley)<\/p>\n","protected":false},"excerpt":{"rendered":"<p>No dia 31 de maio de 2025, as psic\u00f3logas Luciana Absal\u00e3o e Sandra Wanderley facilitam a viv\u00eancia para mulheres &#8216;Voc\u00ea tem medo de qu\u00ea?&#8217;. O encontro ser\u00e1 das 9h \u00e0s 12h, no Espa\u00e7o Gerar, localizado no bairro do Po\u00e7o da Panela, no Recife. &#8220;Como profissionais de Psicologia, j\u00e1 ouvimos alguns pacientes falarem que querem se [&hellip;]<\/p>\n","protected":false},"author":1,"featured_media":45749,"comment_status":"open","ping_status":"open","sticky":false,"template":"","format":"standard","meta":{"om_disable_all_campaigns":false,"_monsterinsights_skip_tracking":false,"_monsterinsights_sitenote_active":false,"_monsterinsights_sitenote_note":"","_monsterinsights_sitenote_category":0,"footnotes":""},"categories":[8,214],"tags":[358,1581,1582,1144,1264],"acf":[],"publishpress_future_action":{"enabled":false,"date":"1969-12-31 21:00:00","action":"","terms":[],"taxonomy":"","browser_timezone_offset":0},"_links":{"self":[{"href":"https:\/\/portalfloresnoar.com\/floresnoar\/wp-json\/wp\/v2\/posts\/45747"}],"collection":[{"href":"https:\/\/portalfloresnoar.com\/floresnoar\/wp-json\/wp\/v2\/posts"}],"about":[{"href":"https:\/\/portalfloresnoar.com\/floresnoar\/wp-json\/wp\/v2\/types\/post"}],"author":[{"embeddable":true,"href":"https:\/\/portalfloresnoar.com\/floresnoar\/wp-json\/wp\/v2\/users\/1"}],"replies":[{"embeddable":true,"href":"https:\/\/portalfloresnoar.com\/floresnoar\/wp-json\/wp\/v2\/comments?post=45747"}],"version-history":[{"count":4,"href":"https:\/\/portalfloresnoar.com\/floresnoar\/wp-json\/wp\/v2\/posts\/45747\/revisions"}],"predecessor-version":[{"id":45753,"href":"https:\/\/portalfloresnoar.com\/floresnoar\/wp-json\/wp\/v2\/posts\/45747\/revisions\/45753"}],"wp:featuredmedia":[{"embeddable":true,"href":"https:\/\/portalfloresnoar.com\/floresnoar\/wp-json\/wp\/v2\/media\/45749"}],"wp:attachment":[{"href":"https:\/\/portalfloresnoar.com\/floresnoar\/wp-json\/wp\/v2\/media?parent=45747"}],"wp:term":[{"taxonomy":"category","embeddable":true,"href":"https:\/\/portalfloresnoar.com\/floresnoar\/wp-json\/wp\/v2\/categories?post=45747"},{"taxonomy":"post_tag","embeddable":true,"href":"https:\/\/portalfloresnoar.com\/floresnoar\/wp-json\/wp\/v2\/tags?post=45747"}],"curies":[{"name":"wp","href":"https:\/\/api.w.org\/{rel}","templated":true}]}}