

{"id":45735,"date":"2025-05-06T11:21:59","date_gmt":"2025-05-06T14:21:59","guid":{"rendered":"https:\/\/portalfloresnoar.com\/floresnoar\/?p=45735"},"modified":"2025-05-06T11:21:59","modified_gmt":"2025-05-06T14:21:59","slug":"catalogo-do-projeto-fitas-na-tela-ja-esta-disponivel-na-internet","status":"publish","type":"post","link":"https:\/\/portalfloresnoar.com\/floresnoar\/catalogo-do-projeto-fitas-na-tela-ja-esta-disponivel-na-internet\/","title":{"rendered":"Cat\u00e1logo do Projeto Fitas na Tela j\u00e1 est\u00e1 dispon\u00edvel na Internet!"},"content":{"rendered":"<p><iframe loading=\"lazy\" title=\"YouTube video player\" src=\"https:\/\/www.youtube.com\/embed\/hfZLfPSP3Lc?si=9wiQSTNKwlqSVysj\" width=\"560\" height=\"315\" frameborder=\"0\" allowfullscreen=\"allowfullscreen\"><\/iframe><\/p>\n<p>J\u00e1 est\u00e1 dispon\u00edvel para consulta p\u00fablica o cat\u00e1logo do acervo do Fitas na Tela &#8211; projeto de preserva\u00e7\u00e3o e digitaliza\u00e7\u00e3o do acervo da videasta Lu Rabelo. O documento foi lan\u00e7ado na noite de 05 de maio de 2025, durante live no YouTube, com a participa\u00e7\u00e3o de integrantes da equipe do projeto, contando tamb\u00e9m com int\u00e9rprete de Libras.\u00a0 Durante a live de lan\u00e7amento &#8211; que encontra-se gravada no <a href=\"https:\/\/www.youtube.com\/live\/hfZLfPSP3Lc?si=WPomc9vTYFSR5G8B\" target=\"_blank\" rel=\"noopener\">Canal do YouTube do projeto<\/a> &#8211;\u00a0 a equipe compartilhou sobre como foi acessar os arquivos audiovisuais de 20 anos atr\u00e1s, tempos de milit\u00e2ncia pelo direito \u00e0 comunica\u00e7\u00e3o. O cat\u00e1logo pode ser consultado atrav\u00e9s do link: <a href=\"https:\/\/linktr.ee\/fitasnatela\" target=\"_blank\" rel=\"noopener\">https:\/\/linktr.ee\/fitasnatela<\/a>.<\/p>\n<p>O acervo do Fitas na Tela conta com mais de 270 horas de filmagens que registram importantes momentos da hist\u00f3ria de Pernambuco, captadas por Lu Rabelo entre o per\u00edodo de 2004 e 2010. Com o objetivo de salvaguardar essa mem\u00f3ria da cultura pernambucana, o projeto Fitas na Tela viabilizou a digitaliza\u00e7\u00e3o e a decupagem de todo esse acervo contido em fitas Mini DV, resultando na produ\u00e7\u00e3o do cat\u00e1logo. Todos os integrantes da equipe principal do projeto fizeram parte, de alguma forma, da trajet\u00f3ria de constru\u00e7\u00e3o do acervo.<\/p>\n<p>Para facilitar o conhecimento sobre o conte\u00fado das grava\u00e7\u00f5es, as principais informa\u00e7\u00f5es do Cat\u00e1logo Fitas na Tela foram organizadas por categorias, da seguinte forma: Comunica\u00e7\u00e3o; Eventos Culturais; Movimentos Sociais; Poesia; Povos Ind\u00edgenas; Sert\u00e3o; e Diversos. A busca pode ser feita por palavra-chave.<\/p>\n<p>O conte\u00fado do acervo engloba a cobertura de diversos eventos culturais e sociais que comp\u00f5em a mem\u00f3ria do Estado, entre eles o show de Lula C\u00f4rtes, no Tip\u00f3ia Festival (Tracunha\u00e9m, 2005), e a V Assembleia Xukuru do Ororub\u00e1 (Pesqueira, 2005), al\u00e9m de entrevistas com importantes personagens da cultura pernambucana, com destaque para Z\u00e9 da Macuca (j\u00e1 falecido), na comemora\u00e7\u00e3o de 15 anos do Boi da Macuca e 50 anos de Z\u00e9 (Correntes\/PE, 2004), entre outras, incluindo filmagens com mestres e mestras da cultura popular pernambucana. Muitas horas do acervo s\u00e3o registros de a\u00e7\u00f5es pelo direito \u00e0 comunica\u00e7\u00e3o em Pernambuco, e tamb\u00e9m sobre o abandono do pr\u00e9dio da Usina de Algod\u00e3o em S\u00e3o Jos\u00e9 do Egito, que, segundo Lu Rabelo, deveria ser tombado como patrim\u00f4nio hist\u00f3rico do Paje\u00fa.<\/p>\n<p>Lu come\u00e7ou a atuar de forma amadora no audiovisual quando passou a integrar em 2003 a equipe da TV Comunit\u00e1ria Canal Capibaribe. Em 2005, j\u00e1 fora da TV, criou junto com Anderson Lucena e Irma Brown, o Coletivo de M\u00eddia Independente Ventilador Cultural, sediado no Recife\/PE. A videasta, artista e jornalista fez parte tamb\u00e9m de coletivos como o F\u00f3rum Pernambucano de Comunica\u00e7\u00e3o (Fopecom), Centro de M\u00eddia Independente (CMI-Recife) e R\u00e1dio Livre-Se.<\/p>\n<p>Trechos das filmagens do acervo podem ser assistidos no<a href=\"https:\/\/www.youtube.com\/@fitasnatela\" target=\"_blank\" rel=\"noopener\">\u00a0canal do YouTube do projeto<\/a>\u00a0e tamb\u00e9m no perfil do\u00a0<a href=\"https:\/\/www.instagram.com\/fitasnatela\/\" target=\"_blank\" rel=\"noopener\">Instagram @fitasnatela<\/a>. Dentre os v\u00eddeos publicados, Lu selecionou tr\u00eas para ganharem acessibilidade comunicacional, atrav\u00e9s de legendagem e int\u00e9rprete de libras. O conte\u00fado engloba trechos de entrevistas realizadas pela equipe do Centro de Mem\u00f3ria da Iputinga, projeto que fez parte do Programa Multicultural do Recife, em 2008. As filmagens abordam manifesta\u00e7\u00f5es da cultura popular do bairro da Iputinga, sendo elas: A Burra de Coloral; O Pastoril de Dona Ziza, e a tro\u00e7a carnavalesca Meu Urso.<\/p>\n<p>\u201cFoi muito importante termos na Lei Paulo Gustavo Pernambuco um edital espec\u00edfico para mem\u00f3ria, preserva\u00e7\u00e3o e digitaliza\u00e7\u00e3o de acervo. Diante das mudan\u00e7as tecnol\u00f3gicas, eu n\u00e3o estava mais conseguindo capturar as filmagens (gravadas em fitas MiniDV) de forma caseira, e tinha muito receio de perder o material. O incentivo recebido foi fundamental para acessarmos as filmagens em formato digital e salvaguardar a mem\u00f3ria de momentos e pessoas marcantes de nossa cultura\u201d, conta Lu Rabelo.<\/p>\n<p>O projeto Fitas na Tela foi contemplado no Edital de A\u00e7\u00f5es Criativas para o Audiovisual \u2013 Mem\u00f3ria, Preserva\u00e7\u00e3o e Digitaliza\u00e7\u00e3o de Obras \u2013 LPG, com incentivo financeiro do Governo do Estado de Pernambuco, atrav\u00e9s da Secretaria de Cultura do Estado, via Lei Paulo Gustavo, direcionada pelo Minist\u00e9rio da Cultura \u2013 Governo Federal.<\/p>\n<p><strong>Acessibilidade<\/strong> \u2013 A audiodescri\u00e7\u00e3o das imagens do cat\u00e1logo do Fitas na Tela e os \u00e1udios da apresenta\u00e7\u00e3o, sum\u00e1rio e ficha t\u00e9cnica, podem ser acessados no link: <a href=\"https:\/\/linktr.ee\/fitasnatela\" target=\"_blank\" rel=\"noopener\">https:\/\/linktr.ee\/fitasnatela<\/a>. Tamb\u00e9m h\u00e1 uma vers\u00e3o do documento espec\u00edfica para aplicativos leitores de tela. O cat\u00e1logo ainda est\u00e1 dispon\u00edvel numa vers\u00e3o em Braille, que pode ser consultada na biblioteca da Associa\u00e7\u00e3o Pernambucana de Cegos (APEC), de segunda a sexta-feira, das 8h \u00e0s 12h e das 13h \u00e0s 17h. A APEC fica localizada na Rua Conselheiro Silveira de Souza, 85 \u2013 Cordeiro, Recife\/ PE.<\/p>\n<p>FICHA T\u00c9CNICA<br \/>\n<strong>Coordena\u00e7\u00e3o, Produ\u00e7\u00e3o-Executiva e Edi\u00e7\u00e3o:<\/strong>\u00a0Lu Rabelo<br \/>\n<strong>Equipe de Decupagem:<\/strong>\u00a0Ana\u00edra Mahin, Anderson Lucena, Aguinaldo Leonel, Gustavo Melo (Grilowsky), Kelly Saura, Lu Rabelo, Lua, Queops Negronski<br \/>\n<strong>Identidade Visual:<\/strong>\u00a0Lua<br \/>\n<strong>Organiza\u00e7\u00e3o do Conte\u00fado e Diagrama\u00e7\u00e3o:<\/strong>\u00a0Kelly Saura<br \/>\n<strong>Assessoria de Comunica\u00e7\u00e3o:<\/strong>\u00a0Fabiana Jansen<br \/>\n<strong>Acessibilidade:<\/strong>\u00a0Com Acessibilidade Comunicacional<br \/>\n<strong>Digitaliza\u00e7\u00e3o das Fitas:<\/strong>\u00a0Copy Service Recife<\/p>\n","protected":false},"excerpt":{"rendered":"<p>J\u00e1 est\u00e1 dispon\u00edvel para consulta p\u00fablica o cat\u00e1logo do acervo do Fitas na Tela &#8211; projeto de preserva\u00e7\u00e3o e digitaliza\u00e7\u00e3o do acervo da videasta Lu Rabelo. O documento foi lan\u00e7ado na noite de 05 de maio de 2025, durante live no YouTube, com a participa\u00e7\u00e3o de integrantes da equipe do projeto, contando tamb\u00e9m com int\u00e9rprete [&hellip;]<\/p>\n","protected":false},"author":1,"featured_media":45736,"comment_status":"open","ping_status":"open","sticky":false,"template":"","format":"standard","meta":{"om_disable_all_campaigns":false,"_monsterinsights_skip_tracking":false,"_monsterinsights_sitenote_active":false,"_monsterinsights_sitenote_note":"","_monsterinsights_sitenote_category":0,"footnotes":""},"categories":[224,9],"tags":[1579,121,153,373,660],"acf":[],"publishpress_future_action":{"enabled":false,"date":"1969-12-31 21:00:00","action":"","terms":[],"taxonomy":"","browser_timezone_offset":0},"_links":{"self":[{"href":"https:\/\/portalfloresnoar.com\/floresnoar\/wp-json\/wp\/v2\/posts\/45735"}],"collection":[{"href":"https:\/\/portalfloresnoar.com\/floresnoar\/wp-json\/wp\/v2\/posts"}],"about":[{"href":"https:\/\/portalfloresnoar.com\/floresnoar\/wp-json\/wp\/v2\/types\/post"}],"author":[{"embeddable":true,"href":"https:\/\/portalfloresnoar.com\/floresnoar\/wp-json\/wp\/v2\/users\/1"}],"replies":[{"embeddable":true,"href":"https:\/\/portalfloresnoar.com\/floresnoar\/wp-json\/wp\/v2\/comments?post=45735"}],"version-history":[{"count":1,"href":"https:\/\/portalfloresnoar.com\/floresnoar\/wp-json\/wp\/v2\/posts\/45735\/revisions"}],"predecessor-version":[{"id":45737,"href":"https:\/\/portalfloresnoar.com\/floresnoar\/wp-json\/wp\/v2\/posts\/45735\/revisions\/45737"}],"wp:featuredmedia":[{"embeddable":true,"href":"https:\/\/portalfloresnoar.com\/floresnoar\/wp-json\/wp\/v2\/media\/45736"}],"wp:attachment":[{"href":"https:\/\/portalfloresnoar.com\/floresnoar\/wp-json\/wp\/v2\/media?parent=45735"}],"wp:term":[{"taxonomy":"category","embeddable":true,"href":"https:\/\/portalfloresnoar.com\/floresnoar\/wp-json\/wp\/v2\/categories?post=45735"},{"taxonomy":"post_tag","embeddable":true,"href":"https:\/\/portalfloresnoar.com\/floresnoar\/wp-json\/wp\/v2\/tags?post=45735"}],"curies":[{"name":"wp","href":"https:\/\/api.w.org\/{rel}","templated":true}]}}