

{"id":45690,"date":"2026-01-07T05:01:59","date_gmt":"2026-01-07T08:01:59","guid":{"rendered":"https:\/\/portalfloresnoar.com\/floresnoar\/?p=45690"},"modified":"2026-01-09T11:14:08","modified_gmt":"2026-01-09T14:14:08","slug":"espaco-gerar-oferece-sublocacao-de-salao-no-recife-voltado-para-cursos-palestras-aulas-e-vivencias-terapeuticas","status":"publish","type":"post","link":"https:\/\/portalfloresnoar.com\/floresnoar\/espaco-gerar-oferece-sublocacao-de-salao-no-recife-voltado-para-cursos-palestras-aulas-e-vivencias-terapeuticas\/","title":{"rendered":"Espa\u00e7o Gerar oferece subloca\u00e7\u00e3o de sal\u00e3o no Recife, voltado para cursos, palestras, aulas e viv\u00eancias terap\u00eauticas"},"content":{"rendered":"<figure id=\"attachment_45157\" aria-describedby=\"caption-attachment-45157\" style=\"width: 379px\" class=\"wp-caption alignleft\"><img decoding=\"async\" loading=\"lazy\" class=\"wp-image-45157\" src=\"https:\/\/portalfloresnoar.com\/floresnoar\/wp-content\/uploads\/2024\/05\/sala-para-grupos-no-recife-525x700.jpeg\" alt=\"\" width=\"379\" height=\"505\" srcset=\"https:\/\/portalfloresnoar.com\/floresnoar\/wp-content\/uploads\/2024\/05\/sala-para-grupos-no-recife-525x700.jpeg 525w, https:\/\/portalfloresnoar.com\/floresnoar\/wp-content\/uploads\/2024\/05\/sala-para-grupos-no-recife-225x300.jpeg 225w, https:\/\/portalfloresnoar.com\/floresnoar\/wp-content\/uploads\/2024\/05\/sala-para-grupos-no-recife-768x1024.jpeg 768w, https:\/\/portalfloresnoar.com\/floresnoar\/wp-content\/uploads\/2024\/05\/sala-para-grupos-no-recife-1152x1536.jpeg 1152w, https:\/\/portalfloresnoar.com\/floresnoar\/wp-content\/uploads\/2024\/05\/sala-para-grupos-no-recife.jpeg 1200w\" sizes=\"(max-width: 379px) 100vw, 379px\" \/><figcaption id=\"caption-attachment-45157\" class=\"wp-caption-text\">O Sal\u00e3o est\u00e1 dispon\u00edvel para subloca\u00e7\u00e3o de segunda a domingo<\/figcaption><\/figure>\n<p>O Espa\u00e7o Gerar \u2013 Psicologia, Arteterapia e Bem-Estar, localizado no bairro do Po\u00e7o da Panela, no Recife, disponibiliza a subloca\u00e7\u00e3o de um Sal\u00e3o destinado a diversos tipos de eventos, como cursos, palestras, aulas e viv\u00eancias terap\u00eauticas para grupos. O espa\u00e7o \u00e9 climatizado e tem capacidade para at\u00e9 30 pessoas.<\/p>\n<p>Integrado ao jardim do Gerar, o Sal\u00e3o est\u00e1 dispon\u00edvel para realiza\u00e7\u00e3o de trabalhos grupais em diversas abordagens (Arteterapia, Psicologia, Yoga, Reiki, Medita\u00e7\u00e3o, C\u00edrculos de Mulheres\u2026).<\/p>\n<p>A loca\u00e7\u00e3o pode ser realizada em qualquer dia da semana, de segunda a domingo, e inclui apoio de recep\u00e7\u00e3o, internet, datashow (se necess\u00e1rio), \u00e1gua e energia. \u00c9 poss\u00edvel locar por di\u00e1ria, turno ou hora, a depender da agenda do local.<\/p>\n<p>&#8220;Um dos objetivos do Gerar \u00e9 a valoriza\u00e7\u00e3o do trabalho terap\u00eautico voltado para o coletivo, especialmente para as propostas de forma\u00e7\u00e3o continuada. Neste sentido, desde a inaugura\u00e7\u00e3o do Sal\u00e3o Gerar, temos sediado trabalhos bastante relevantes&#8221;, contam as gestoras do espa\u00e7o, Josefina Campos e Patr\u00edcia Mello.<\/p>\n<p>Para agendar uma visita ou obter maiores informa\u00e7\u00f5es, entrar em contato pelo Fone\/ WhatsApp: (81) 99760-6383.<\/p>\n<p><strong>GERAR \u2013 PSICOLOGIA, ARTETERAPIA E BEM-ESTAR<\/strong><br \/>\n<strong>Endere\u00e7o:<\/strong>\u00a0Rua Luiz Guimar\u00e3es, 253, Po\u00e7o da Panela, Recife\/PE<br \/>\n<em>(Mapa com a localiza\u00e7\u00e3o:<a href=\"https:\/\/maps.app.goo.gl\/kZCHrg1TKRm8Qhmv9\" target=\"_blank\" rel=\"noopener\">\u00a0https:\/\/maps.app.goo.gl\/kZCHrg1TKRm8Qhmv9<\/a>)<\/em><br \/>\n<strong>Instagram:<\/strong>\u00a0<a href=\"https:\/\/www.instagram.com\/gerararteterapia\/\" target=\"_blank\" rel=\"noopener\">@gerararteterapia<\/a><br \/>\n<strong>Fone\/WhatsApp:<\/strong>\u00a0(81) 99760.6383<\/p>\n<p>&nbsp;<\/p>\n<p><strong><em>Veja tamb\u00e9m!<\/em><\/strong><\/p>\n<blockquote class=\"wp-embedded-content\" data-secret=\"fVv2AgVFTq\"><p><a href=\"https:\/\/portalfloresnoar.com\/floresnoar\/sublocacao-de-salas-no-recife-por-hora-diaria-ou-turno\/\">Subloca\u00e7\u00e3o de salas no Recife por hora, di\u00e1ria ou turno<\/a><\/p><\/blockquote>\n<p><iframe class=\"wp-embedded-content\" sandbox=\"allow-scripts\" security=\"restricted\" style=\"position: absolute; clip: rect(1px, 1px, 1px, 1px);\" title=\"&#8220;Subloca\u00e7\u00e3o de salas no Recife por hora, di\u00e1ria ou turno&#8221; &#8212; Flores no Ar\" src=\"https:\/\/portalfloresnoar.com\/floresnoar\/sublocacao-de-salas-no-recife-por-hora-diaria-ou-turno\/embed\/#?secret=7fSaJzU0bZ#?secret=fVv2AgVFTq\" data-secret=\"fVv2AgVFTq\" width=\"500\" height=\"282\" frameborder=\"0\" marginwidth=\"0\" marginheight=\"0\" scrolling=\"no\"><\/iframe><\/p>\n<p>&nbsp;<\/p>\n","protected":false},"excerpt":{"rendered":"<p>O Espa\u00e7o Gerar \u2013 Psicologia, Arteterapia e Bem-Estar, localizado no bairro do Po\u00e7o da Panela, no Recife, disponibiliza a subloca\u00e7\u00e3o de um Sal\u00e3o destinado a diversos tipos de eventos, como cursos, palestras, aulas e viv\u00eancias terap\u00eauticas para grupos. O espa\u00e7o \u00e9 climatizado e tem capacidade para at\u00e9 30 pessoas. Integrado ao jardim do Gerar, o [&hellip;]<\/p>\n","protected":false},"author":1,"featured_media":45693,"comment_status":"open","ping_status":"open","sticky":false,"template":"","format":"standard","meta":{"om_disable_all_campaigns":false,"_monsterinsights_skip_tracking":false,"_monsterinsights_sitenote_active":false,"_monsterinsights_sitenote_note":"","_monsterinsights_sitenote_category":0,"footnotes":""},"categories":[224,9],"tags":[1057,1574,1148],"acf":[],"publishpress_future_action":{"enabled":false,"date":"1969-12-31 21:00:00","action":"","terms":[],"taxonomy":"","browser_timezone_offset":0},"_links":{"self":[{"href":"https:\/\/portalfloresnoar.com\/floresnoar\/wp-json\/wp\/v2\/posts\/45690"}],"collection":[{"href":"https:\/\/portalfloresnoar.com\/floresnoar\/wp-json\/wp\/v2\/posts"}],"about":[{"href":"https:\/\/portalfloresnoar.com\/floresnoar\/wp-json\/wp\/v2\/types\/post"}],"author":[{"embeddable":true,"href":"https:\/\/portalfloresnoar.com\/floresnoar\/wp-json\/wp\/v2\/users\/1"}],"replies":[{"embeddable":true,"href":"https:\/\/portalfloresnoar.com\/floresnoar\/wp-json\/wp\/v2\/comments?post=45690"}],"version-history":[{"count":3,"href":"https:\/\/portalfloresnoar.com\/floresnoar\/wp-json\/wp\/v2\/posts\/45690\/revisions"}],"predecessor-version":[{"id":46109,"href":"https:\/\/portalfloresnoar.com\/floresnoar\/wp-json\/wp\/v2\/posts\/45690\/revisions\/46109"}],"wp:featuredmedia":[{"embeddable":true,"href":"https:\/\/portalfloresnoar.com\/floresnoar\/wp-json\/wp\/v2\/media\/45693"}],"wp:attachment":[{"href":"https:\/\/portalfloresnoar.com\/floresnoar\/wp-json\/wp\/v2\/media?parent=45690"}],"wp:term":[{"taxonomy":"category","embeddable":true,"href":"https:\/\/portalfloresnoar.com\/floresnoar\/wp-json\/wp\/v2\/categories?post=45690"},{"taxonomy":"post_tag","embeddable":true,"href":"https:\/\/portalfloresnoar.com\/floresnoar\/wp-json\/wp\/v2\/tags?post=45690"}],"curies":[{"name":"wp","href":"https:\/\/api.w.org\/{rel}","templated":true}]}}