

{"id":45641,"date":"2024-05-18T13:24:42","date_gmt":"2024-05-18T16:24:42","guid":{"rendered":"https:\/\/portalfloresnoar.com\/floresnoar\/?p=45641"},"modified":"2025-03-07T15:46:03","modified_gmt":"2025-03-07T18:46:03","slug":"agenda-pb-retiro-carnaval-com-a-natureza-de-01-a-04-de-marco-no-jardim-alforria","status":"publish","type":"post","link":"https:\/\/portalfloresnoar.com\/floresnoar\/agenda-pb-retiro-carnaval-com-a-natureza-de-01-a-04-de-marco-no-jardim-alforria\/","title":{"rendered":"[AGENDA PB] Retiro &#8216;Carnaval com a Natureza&#8217; de 01 a 04 de mar\u00e7o no Jardim Alforria"},"content":{"rendered":"<p><img decoding=\"async\" loading=\"lazy\" class=\"aligncenter wp-image-45645\" src=\"https:\/\/portalfloresnoar.com\/floresnoar\/wp-content\/uploads\/2025\/02\/retiro-de-carnaval-2025-700x700.jpeg\" alt=\"\" width=\"630\" height=\"630\" srcset=\"https:\/\/portalfloresnoar.com\/floresnoar\/wp-content\/uploads\/2025\/02\/retiro-de-carnaval-2025-700x700.jpeg 700w, https:\/\/portalfloresnoar.com\/floresnoar\/wp-content\/uploads\/2025\/02\/retiro-de-carnaval-2025-300x300.jpeg 300w, https:\/\/portalfloresnoar.com\/floresnoar\/wp-content\/uploads\/2025\/02\/retiro-de-carnaval-2025-150x150.jpeg 150w, https:\/\/portalfloresnoar.com\/floresnoar\/wp-content\/uploads\/2025\/02\/retiro-de-carnaval-2025-100x100.jpeg 100w, https:\/\/portalfloresnoar.com\/floresnoar\/wp-content\/uploads\/2025\/02\/retiro-de-carnaval-2025.jpeg 720w\" sizes=\"(max-width: 630px) 100vw, 630px\" \/><\/p>\n<p>De 01 a 04 de mar\u00e7o de 2025 acontece o retiro &#8216;Carnaval com a Natureza&#8217;, voltado \u00e0s pessoas que querem fugir do agito de Carnaval para descansar e se conectar consigo e com a Natureza. O encontro ser\u00e1 no Jardim Alforria, a 40 Km de Jo\u00e3o Pessoa\/PB e 90 Km do Recife\/PE.<\/p>\n<p>A programa\u00e7\u00e3o conta com viv\u00eancias terap\u00eauticas, caminhadas, medita\u00e7\u00e3o ativa, momentos de pausa para descanso, pr\u00e1ticas de Yoga, sauna de limpeza energ\u00e9tica, banho de riacho, Fogueira Cultural e Bailinho de Carnaval.<\/p>\n<p>&#8220;O retiro visa promover aos participantes momentos de descanso e interconex\u00e3o entre o corpo e a mente, possibilitando a libera\u00e7\u00e3o das tens\u00f5es e sobrecargas de um cotidiano fren\u00e9tico e cheio de compromissos, proporcionando um estado de renovo&#8221;, informam Edna Paiva e Carolina de Paiva, facilitadoras do encontro.<\/p>\n<p>SOBRE AS FACILITADORAS<br \/>\n<strong><img decoding=\"async\" loading=\"lazy\" class=\"wp-image-45650 alignleft\" src=\"https:\/\/portalfloresnoar.com\/floresnoar\/wp-content\/uploads\/2025\/02\/Edna-Paiva.jpeg\" alt=\"\" width=\"178\" height=\"218\" srcset=\"https:\/\/portalfloresnoar.com\/floresnoar\/wp-content\/uploads\/2025\/02\/Edna-Paiva.jpeg 276w, https:\/\/portalfloresnoar.com\/floresnoar\/wp-content\/uploads\/2025\/02\/Edna-Paiva-245x300.jpeg 245w\" sizes=\"(max-width: 178px) 100vw, 178px\" \/><\/strong><\/p>\n<p><strong>Edna Paiva<\/strong> \u00e9 idealizadora do Jardim Alforria, Consteladora Sist\u00eamica Familiar, Moon Mother, Programa\u00e7\u00e3o Neurolingu\u00edstica (PNL) e terapeuta Yoga do Riso.<\/p>\n<p>&nbsp;<\/p>\n<p>&nbsp;<\/p>\n<p>&nbsp;<\/p>\n<p>&nbsp;<\/p>\n<p><strong><img decoding=\"async\" loading=\"lazy\" class=\"wp-image-45651 alignleft\" src=\"https:\/\/portalfloresnoar.com\/floresnoar\/wp-content\/uploads\/2025\/02\/Carolina-de-Paiva.jpeg\" alt=\"\" width=\"175\" height=\"212\" srcset=\"https:\/\/portalfloresnoar.com\/floresnoar\/wp-content\/uploads\/2025\/02\/Carolina-de-Paiva.jpeg 468w, https:\/\/portalfloresnoar.com\/floresnoar\/wp-content\/uploads\/2025\/02\/Carolina-de-Paiva-247x300.jpeg 247w\" sizes=\"(max-width: 175px) 100vw, 175px\" \/><\/strong><\/p>\n<p><strong>Carolina de Paiva<\/strong> \u00e9 idealizadora do Espa\u00e7o Cirandar &#8211; Educa\u00e7\u00e3o e Terapias, psicopedagoga, terapeuta Especialista em Mulheres, mediadora de Rodas de Conversa, facilitadora em Mindfulness e Trainee em Hatha Yoga.<\/p>\n<p>&nbsp;<\/p>\n<p>&nbsp;<\/p>\n<p>&nbsp;<\/p>\n<p>&nbsp;<\/p>\n<p>INVESTIMENTO POR PESSOA<br \/>\n\u2022 <strong>Quarto Triplo:<\/strong> R$ 1.241,00, sendo 50% do valor no ato da inscri\u00e7\u00e3o via Pix ou transfer\u00eancia banc\u00e1ria, e o saldo restante pago at\u00e9 28\/02\/2025, via cart\u00e3o de cr\u00e9dito. Outra op\u00e7\u00e3o \u00e9 parcelar todo o investimento no cart\u00e3o de cr\u00e9dito em at\u00e9 10X.<\/p>\n<p>\u2022 <strong>Quarto Duplo:<\/strong> R$ 1.403,00, sendo 50% do valor no ato da inscri\u00e7\u00e3o via Pix ou transfer\u00eancia banc\u00e1ria, e o saldo restante pago at\u00e9 28\/02\/2025, via cart\u00e3o. Outra op\u00e7\u00e3o \u00e9 parcelar todo o investimento no cart\u00e3o de cr\u00e9dito em at\u00e9<br \/>\n10X.<\/p>\n<p>\u2022 <strong>Quarto Individual:<\/strong> R$ 1.700,00, sendo 50% do valor no ato da inscri\u00e7\u00e3o via Pix ou transfer\u00eancia banc\u00e1ria, e o saldo restante pago at\u00e9 28\/02\/2025, via cart\u00e3o de cr\u00e9dito. Outra op\u00e7\u00e3o \u00e9 parcelar todo o investimento no cart\u00e3o de cr\u00e9dito em at\u00e9 10X.<\/p>\n<p><em><strong>Obs.1:<\/strong> O quarto triplo \u00e9 indicado para quem opta por vir acompanhado (a) com familiares ou com<\/em><br \/>\n<em>amigos (as).<\/em><\/p>\n<p><em><strong>Obs.2:<\/strong> Pets s\u00e3o bem-vindos!<\/em><\/p>\n<p><em><strong>Obs.3:<\/strong> O Jardim Alforria n\u00e3o disp\u00f5e de recreadores para atendimento ao p\u00fablico infantil ou de cuidadores para aten\u00e7\u00e3o \u00e0 pessoa idosa.<\/em><\/p>\n<p>DADOS PARA PAGAMENTO<br \/>\n&#8211; Chave Pix: CNPJ: 14.829.335\/0001-21| Edna Marques Paiva &#8211; ME<br \/>\nou<br \/>\n&#8211; Dep\u00f3sito em conta: Banco do Brasil, Ag\u00eancia: 3396-0, Conta Corrente: 3.206-9<\/p>\n<p><em><strong>Obs.:<\/strong> Para efetivar a sua vaga, realize o pagamento e envie o comprovante para o WhatsApp: (81) 99416-4805<\/em><\/p>\n<p>O QUE EST\u00c1 INCLUSO NO VALOR<br \/>\n&#8211; Quartos confort\u00e1veis, com frigobar, climatizados e com a vista para os jardins<br \/>\n&#8211; Todas as viv\u00eancias<br \/>\n&#8211; Alimenta\u00e7\u00e3o ovolactovegetariana (03 caf\u00e9s da manh\u00e3, 03 jantares e 02 almo\u00e7os)<\/p>\n<p><em><strong>Aten\u00e7\u00e3o:<\/strong> N\u00e3o est\u00e3o inclusos: transporte, traslados, terapias extras e o almo\u00e7o do dia 04\/03\/2025.<\/em><\/p>\n<p>HOR\u00c1RIO<br \/>\n<strong>Check-in:<\/strong> \u00e0s 14h do dia 01\/03<br \/>\n<strong>Chekout:<\/strong> at\u00e9 \u00e0s 12h do dia 04\/03\/25.<\/p>\n<p>LOCAL<br \/>\n<strong>Espa\u00e7o Hol\u00edstico Jardim Alforria<\/strong> \u2013 BR 101 M\u00e1rio Covas, Km 114, Para\u00edba.<br \/>\n<em>Obs.: O Jardim alforria fica a 40km de Jo\u00e3o Pessoa\/PB,90km de Recife\/PE e 190km de Natal\/RN.<\/em><\/p>\n<p>INSCRI\u00c7\u00c3O<br \/>\n<strong>Atrav\u00e9s do formul\u00e1rio dispon\u00edvel no link:<\/strong> <a href=\"https:\/\/forms.gle\/bWRjEgC3SdXRiYy98\" target=\"_blank\" rel=\"noopener\">https:\/\/forms.gle\/bWRjEgC3SdXRiYy98<\/a><br \/>\nou<br \/>\n<strong>Pelo telefone\/whatsapp<\/strong>: (81) 9 9614-4805 (Carolina)<\/p>\n<p>MAIS INFORMA\u00c7\u00d5ES<br \/>\n<strong>Telefone\/WhatsApp:<\/strong> (81) 9 9614-4805 (Carolina)<br \/>\n<strong>Instagram:<\/strong> <a href=\"https:\/\/www.instagram.com\/espaco_cirandar\/\" target=\"_blank\" rel=\"noopener\">@espaco_cirandar<\/a>; <a href=\"https:\/\/www.instagram.com\/alforriajardim\/\" target=\"_blank\" rel=\"noopener\">@alforriajardim<\/a><\/p>\n","protected":false},"excerpt":{"rendered":"<p>De 01 a 04 de mar\u00e7o de 2025 acontece o retiro &#8216;Carnaval com a Natureza&#8217;, voltado \u00e0s pessoas que querem fugir do agito de Carnaval para descansar e se conectar consigo e com a Natureza. O encontro ser\u00e1 no Jardim Alforria, a 40 Km de Jo\u00e3o Pessoa\/PB e 90 Km do Recife\/PE. A programa\u00e7\u00e3o conta [&hellip;]<\/p>\n","protected":false},"author":1,"featured_media":45646,"comment_status":"open","ping_status":"open","sticky":false,"template":"","format":"standard","meta":{"om_disable_all_campaigns":false,"_monsterinsights_skip_tracking":false,"_monsterinsights_sitenote_active":false,"_monsterinsights_sitenote_note":"","_monsterinsights_sitenote_category":0,"footnotes":""},"categories":[8,216],"tags":[108,551,21],"acf":[],"publishpress_future_action":{"enabled":false,"date":"1969-12-31 21:00:00","action":"","terms":[],"taxonomy":"","browser_timezone_offset":0},"_links":{"self":[{"href":"https:\/\/portalfloresnoar.com\/floresnoar\/wp-json\/wp\/v2\/posts\/45641"}],"collection":[{"href":"https:\/\/portalfloresnoar.com\/floresnoar\/wp-json\/wp\/v2\/posts"}],"about":[{"href":"https:\/\/portalfloresnoar.com\/floresnoar\/wp-json\/wp\/v2\/types\/post"}],"author":[{"embeddable":true,"href":"https:\/\/portalfloresnoar.com\/floresnoar\/wp-json\/wp\/v2\/users\/1"}],"replies":[{"embeddable":true,"href":"https:\/\/portalfloresnoar.com\/floresnoar\/wp-json\/wp\/v2\/comments?post=45641"}],"version-history":[{"count":12,"href":"https:\/\/portalfloresnoar.com\/floresnoar\/wp-json\/wp\/v2\/posts\/45641\/revisions"}],"predecessor-version":[{"id":45659,"href":"https:\/\/portalfloresnoar.com\/floresnoar\/wp-json\/wp\/v2\/posts\/45641\/revisions\/45659"}],"wp:featuredmedia":[{"embeddable":true,"href":"https:\/\/portalfloresnoar.com\/floresnoar\/wp-json\/wp\/v2\/media\/45646"}],"wp:attachment":[{"href":"https:\/\/portalfloresnoar.com\/floresnoar\/wp-json\/wp\/v2\/media?parent=45641"}],"wp:term":[{"taxonomy":"category","embeddable":true,"href":"https:\/\/portalfloresnoar.com\/floresnoar\/wp-json\/wp\/v2\/categories?post=45641"},{"taxonomy":"post_tag","embeddable":true,"href":"https:\/\/portalfloresnoar.com\/floresnoar\/wp-json\/wp\/v2\/tags?post=45641"}],"curies":[{"name":"wp","href":"https:\/\/api.w.org\/{rel}","templated":true}]}}