

{"id":45540,"date":"2024-06-24T12:29:04","date_gmt":"2024-06-24T15:29:04","guid":{"rendered":"https:\/\/portalfloresnoar.com\/floresnoar\/?p=45540"},"modified":"2025-01-02T11:24:42","modified_gmt":"2025-01-02T14:24:42","slug":"agenda-pe-inauguracao-do-espaco-golden-prana-acontece-proximo-sabado-no-recife","status":"publish","type":"post","link":"https:\/\/portalfloresnoar.com\/floresnoar\/agenda-pe-inauguracao-do-espaco-golden-prana-acontece-proximo-sabado-no-recife\/","title":{"rendered":"[AGENDA PE] Inaugura\u00e7\u00e3o do espa\u00e7o Golden Prana acontece pr\u00f3ximo s\u00e1bado no Recife"},"content":{"rendered":"<p><figure id=\"attachment_45541\" aria-describedby=\"caption-attachment-45541\" style=\"width: 562px\" class=\"wp-caption aligncenter\"><img decoding=\"async\" loading=\"lazy\" class=\"wp-image-45541\" src=\"https:\/\/portalfloresnoar.com\/floresnoar\/wp-content\/uploads\/2024\/12\/cura-pranica-no-recife-_-imagem-IA-700x466.jpg\" alt=\"Lu_Rabelo_criar_imagem_m\u00e3os_em_medita\u00e7\u00e3o_e0291ae4-ff5e-45b9-b177-8b1c51dce659 (site imagine.art)\" width=\"562\" height=\"374\" srcset=\"https:\/\/portalfloresnoar.com\/floresnoar\/wp-content\/uploads\/2024\/12\/cura-pranica-no-recife-_-imagem-IA-700x466.jpg 700w, https:\/\/portalfloresnoar.com\/floresnoar\/wp-content\/uploads\/2024\/12\/cura-pranica-no-recife-_-imagem-IA-300x200.jpg 300w, https:\/\/portalfloresnoar.com\/floresnoar\/wp-content\/uploads\/2024\/12\/cura-pranica-no-recife-_-imagem-IA-768x511.jpg 768w, https:\/\/portalfloresnoar.com\/floresnoar\/wp-content\/uploads\/2024\/12\/cura-pranica-no-recife-_-imagem-IA.jpg 1024w\" sizes=\"(max-width: 562px) 100vw, 562px\" \/><figcaption id=\"caption-attachment-45541\" class=\"wp-caption-text\">[Imagem criada por IA para Flores no Ar]<\/figcaption><\/figure>No pr\u00f3ximo s\u00e1bado, dia 28\/12\/2024, \u00e0s 16h, acontece a inaugura\u00e7\u00e3o do novo Golden Prana, espa\u00e7o dedicado ao bem-estar, \u00e0 harmonia e ao equil\u00edbrio energ\u00e9tico, localizado no bairro de Boa Viagem, no Recife. A entrada \u00e9 gratuita!<\/p>\n<p>Durante o evento, haver\u00e1 apresenta\u00e7\u00e3o da Cura Pr\u00e2nica, t\u00e9cnica desenvolvida por Master Choa Kok Sui, que utiliza a energia vital para limpar, equilibrar e revitalizar o corpo f\u00edsico e energ\u00e9tico. Em seguida, o instrutor de Cura Pr\u00e2nica Domingos Pereira conduzir\u00e1 a inspiradora &#8216;Medita\u00e7\u00e3o dos Cora\u00e7\u00f5es G\u00eameos&#8217;, uma pr\u00e1tica poderosa para purificar emo\u00e7\u00f5es e trazer paz interior. Ao final, haver\u00e1 um momento l\u00fadico com m\u00fasica ao vivo e participa\u00e7\u00e3o coletiva.<\/p>\n<p>O Golden Prana nasceu do desejo de criar um espa\u00e7o dedicado ao equil\u00edbrio, \u00e0 cura e \u00e0 expans\u00e3o da consci\u00eancia. Inspirado pelos ensinamentos de Master Choa Kok Sui, o Golden Prana foi idealizado para ser um local onde a energia vital flui livremente, promovendo bem-estar e harmonia para todos que o visitam.<\/p>\n<p>Com o prop\u00f3sito de difundir pr\u00e1ticas como a Cura Pr\u00e2nica e a Medita\u00e7\u00e3o dos Cora\u00e7\u00f5es G\u00eameos, o espa\u00e7o se tornou um ref\u00fagio para quem busca paz interior e fortalecimento energ\u00e9tico. &#8220;Aqui, cada detalhe foi pensado para acolher pessoas de todas as idades e hist\u00f3rias, proporcionando experi\u00eancias transformadoras que elevam corpo, mente e esp\u00edrito&#8221;, conta a fundadora do Golden Prana M\u00f4nica Abad, disc\u00edpula direta do Master Choa Kok Sui.<\/p>\n<p>SERVI\u00c7O<br \/>\n<strong>* Inaugura\u00e7\u00e3o do espa\u00e7o Golden Prana *<\/strong><br \/>\n<strong>Data:<\/strong> 28\/12\/2024 (s\u00e1bado)<br \/>\n<strong>Hor\u00e1rio:<\/strong> 16h<br \/>\n<strong>Local: <\/strong>Rua Ernesto de Paula Santos, 1172\/307, Boa Viagem &#8211; Recife<\/p>\n<p><em>Entrada gratuita!<\/em><\/p>\n<p><strong>MAIS INFORMA\u00c7\u00d5ES<\/strong><br \/>\n(81) 99253-1974 (Domingos Pereira)<\/p>\n","protected":false},"excerpt":{"rendered":"<p>No pr\u00f3ximo s\u00e1bado, dia 28\/12\/2024, \u00e0s 16h, acontece a inaugura\u00e7\u00e3o do novo Golden Prana, espa\u00e7o dedicado ao bem-estar, \u00e0 harmonia e ao equil\u00edbrio energ\u00e9tico, localizado no bairro de Boa Viagem, no Recife. A entrada \u00e9 gratuita! Durante o evento, haver\u00e1 apresenta\u00e7\u00e3o da Cura Pr\u00e2nica, t\u00e9cnica desenvolvida por Master Choa Kok Sui, que utiliza a energia [&hellip;]<\/p>\n","protected":false},"author":1,"featured_media":45541,"comment_status":"open","ping_status":"open","sticky":false,"template":"","format":"standard","meta":{"om_disable_all_campaigns":false,"_monsterinsights_skip_tracking":false,"_monsterinsights_sitenote_active":false,"_monsterinsights_sitenote_note":"","_monsterinsights_sitenote_category":0,"footnotes":""},"categories":[8,214],"tags":[731,243,43],"acf":[],"publishpress_future_action":{"enabled":false,"date":"1969-12-31 21:00:00","action":"","terms":[],"taxonomy":"","browser_timezone_offset":0},"_links":{"self":[{"href":"https:\/\/portalfloresnoar.com\/floresnoar\/wp-json\/wp\/v2\/posts\/45540"}],"collection":[{"href":"https:\/\/portalfloresnoar.com\/floresnoar\/wp-json\/wp\/v2\/posts"}],"about":[{"href":"https:\/\/portalfloresnoar.com\/floresnoar\/wp-json\/wp\/v2\/types\/post"}],"author":[{"embeddable":true,"href":"https:\/\/portalfloresnoar.com\/floresnoar\/wp-json\/wp\/v2\/users\/1"}],"replies":[{"embeddable":true,"href":"https:\/\/portalfloresnoar.com\/floresnoar\/wp-json\/wp\/v2\/comments?post=45540"}],"version-history":[{"count":3,"href":"https:\/\/portalfloresnoar.com\/floresnoar\/wp-json\/wp\/v2\/posts\/45540\/revisions"}],"predecessor-version":[{"id":45543,"href":"https:\/\/portalfloresnoar.com\/floresnoar\/wp-json\/wp\/v2\/posts\/45540\/revisions\/45543"}],"wp:featuredmedia":[{"embeddable":true,"href":"https:\/\/portalfloresnoar.com\/floresnoar\/wp-json\/wp\/v2\/media\/45541"}],"wp:attachment":[{"href":"https:\/\/portalfloresnoar.com\/floresnoar\/wp-json\/wp\/v2\/media?parent=45540"}],"wp:term":[{"taxonomy":"category","embeddable":true,"href":"https:\/\/portalfloresnoar.com\/floresnoar\/wp-json\/wp\/v2\/categories?post=45540"},{"taxonomy":"post_tag","embeddable":true,"href":"https:\/\/portalfloresnoar.com\/floresnoar\/wp-json\/wp\/v2\/tags?post=45540"}],"curies":[{"name":"wp","href":"https:\/\/api.w.org\/{rel}","templated":true}]}}