

{"id":45471,"date":"2024-03-30T16:18:12","date_gmt":"2024-03-30T19:18:12","guid":{"rendered":"https:\/\/portalfloresnoar.com\/floresnoar\/?p=45471"},"modified":"2025-01-16T14:46:21","modified_gmt":"2025-01-16T17:46:21","slug":"agenda-pe-primeiro-encontro-do-grupo-terapeutico-ser-pai-nos-dias-de-hoje-acontece-no-dia-05-11-no-recife","status":"publish","type":"post","link":"https:\/\/portalfloresnoar.com\/floresnoar\/agenda-pe-primeiro-encontro-do-grupo-terapeutico-ser-pai-nos-dias-de-hoje-acontece-no-dia-05-11-no-recife\/","title":{"rendered":"[AGENDA PE] Primeiro encontro do Grupo Terap\u00eautico &#8216;Ser pai nos dias de hoje&#8217; acontece no dia 05\/11 no Recife"},"content":{"rendered":"<figure id=\"attachment_45478\" aria-describedby=\"caption-attachment-45478\" style=\"width: 239px\" class=\"wp-caption alignright\"><img decoding=\"async\" loading=\"lazy\" class=\"wp-image-45478\" src=\"https:\/\/portalfloresnoar.com\/floresnoar\/wp-content\/uploads\/2024\/10\/psicologo-diego-oliveira-700x700.jpeg\" alt=\"\" width=\"239\" height=\"239\" srcset=\"https:\/\/portalfloresnoar.com\/floresnoar\/wp-content\/uploads\/2024\/10\/psicologo-diego-oliveira-700x700.jpeg 700w, https:\/\/portalfloresnoar.com\/floresnoar\/wp-content\/uploads\/2024\/10\/psicologo-diego-oliveira-300x300.jpeg 300w, https:\/\/portalfloresnoar.com\/floresnoar\/wp-content\/uploads\/2024\/10\/psicologo-diego-oliveira-150x150.jpeg 150w, https:\/\/portalfloresnoar.com\/floresnoar\/wp-content\/uploads\/2024\/10\/psicologo-diego-oliveira-768x768.jpeg 768w, https:\/\/portalfloresnoar.com\/floresnoar\/wp-content\/uploads\/2024\/10\/psicologo-diego-oliveira-100x100.jpeg 100w, https:\/\/portalfloresnoar.com\/floresnoar\/wp-content\/uploads\/2024\/10\/psicologo-diego-oliveira.jpeg 1280w\" sizes=\"(max-width: 239px) 100vw, 239px\" \/><figcaption id=\"caption-attachment-45478\" class=\"wp-caption-text\">Diego Oliveira \u00e9 pai e psic\u00f3logo clinico, formado pela PUC-SP (CRP06\/138491). \u00c9 amante de M\u00fasica e Literatura.<\/figcaption><\/figure>\n<p>O psic\u00f3logo Diego Oliveira inicia no dia 05 de novembro de 2024, no Espa\u00e7o Gerar, no Recife, o <strong>Grupo Terap\u00eautico &#8216;Ser pai nos dias de hoje&#8217;<\/strong>.<\/p>\n<p>Voltado para pais, o grupo \u00e9 um espa\u00e7o de acolhimento e fortalecimento das quest\u00f5es referentes \u00e0 paternidade, atrav\u00e9s de trocas de experi\u00eancias, e constru\u00e7\u00e3o e amplia\u00e7\u00e3o de rela\u00e7\u00f5es interpessoais. O tema ser\u00e1 abordado com rodas de conversas e atividades guiadas, em encontros mensais.<\/p>\n<p>&#8220;O intuito \u00e9 criar um espa\u00e7o seguro onde diferentes pais possam se expressar, compartilhar e refletir sobre quest\u00f5es atuais da paternidade. Quem escolhe entrar para um grupo com o objetivo de cuidar da paternidade, est\u00e1 escolhendo cuidar de si em um \u00e2mbito que reflete diretamente no cuidado di\u00e1rio com os pr\u00f3prios filhos&#8221;, afirma Diego.<\/p>\n<p>&nbsp;<\/p>\n<p>SERVI\u00c7O<br \/>\n<strong>Grupo Terap\u00eautico &#8216;Ser pai nos dias de hoje&#8217;<\/strong><br \/>\n<strong>In\u00edcio:<\/strong> 05\/11\/2024 (ter\u00e7a-feira)<br \/>\n<strong>Hor\u00e1rio:<\/strong> das 18h \u00e0s 20h<br \/>\n<strong>Local:<\/strong> Gerar \u2013 Psicologia, Arteterapia e Bem-Estar: Rua Luiz Guimar\u00e3es, 253, Po\u00e7o da Panela, Recife\/PE. Fone\/WhatsApp: (81) 99760.6383.<br \/>\n<em>(Mapa com a localiza\u00e7\u00e3o:\u00a0<a href=\"https:\/\/maps.app.goo.gl\/kZCHrg1TKRm8Qhmv9\" target=\"_blank\" rel=\"noopener\">https:\/\/maps.app.goo.gl\/kZCHrg1TKRm8Qhmv9<\/a>)<\/em><br \/>\n<strong>N\u00famero de Vagas:<\/strong> 12<br \/>\n<strong>Investimento:<\/strong> Inteira: R$ 70,00 \/ Social: R$ 20,00<\/p>\n<p><strong>&gt;&gt;&gt; Inscri\u00e7\u00f5es atrav\u00e9s do formul\u00e1rio dispon\u00edvel neste link:<\/strong> <a href=\"https:\/\/docs.google.com\/forms\/d\/e\/1FAIpQLSd19QMo_KriDwEL5lHCj3EfaQoxloqGnNDqoUixxBHIYTZPOA\/viewform\" target=\"_blank\" rel=\"noopener\">https:\/\/docs.google.com\/forms\/d\/e\/1FAIpQLSd19QMo_KriDwEL5lHCj3EfaQoxloqGnNDqoUixxBHIYTZPOA\/viewform<\/a><\/p>\n<p>MAIS INFORMA\u00c7\u00d5ES<br \/>\n<strong>WhatsApp:<\/strong> (11) 98042.6917<\/p>\n","protected":false},"excerpt":{"rendered":"<p>O psic\u00f3logo Diego Oliveira inicia no dia 05 de novembro de 2024, no Espa\u00e7o Gerar, no Recife, o Grupo Terap\u00eautico &#8216;Ser pai nos dias de hoje&#8217;. Voltado para pais, o grupo \u00e9 um espa\u00e7o de acolhimento e fortalecimento das quest\u00f5es referentes \u00e0 paternidade, atrav\u00e9s de trocas de experi\u00eancias, e constru\u00e7\u00e3o e amplia\u00e7\u00e3o de rela\u00e7\u00f5es interpessoais. [&hellip;]<\/p>\n","protected":false},"author":1,"featured_media":45480,"comment_status":"open","ping_status":"open","sticky":false,"template":"","format":"standard","meta":{"om_disable_all_campaigns":false,"_monsterinsights_skip_tracking":false,"_monsterinsights_sitenote_active":false,"_monsterinsights_sitenote_note":"","_monsterinsights_sitenote_category":0,"footnotes":""},"categories":[8,214],"tags":[136,828,137,237,1537,1536],"acf":[],"publishpress_future_action":{"enabled":false,"date":"1969-12-31 21:00:00","action":"","terms":[],"taxonomy":"","browser_timezone_offset":0},"_links":{"self":[{"href":"https:\/\/portalfloresnoar.com\/floresnoar\/wp-json\/wp\/v2\/posts\/45471"}],"collection":[{"href":"https:\/\/portalfloresnoar.com\/floresnoar\/wp-json\/wp\/v2\/posts"}],"about":[{"href":"https:\/\/portalfloresnoar.com\/floresnoar\/wp-json\/wp\/v2\/types\/post"}],"author":[{"embeddable":true,"href":"https:\/\/portalfloresnoar.com\/floresnoar\/wp-json\/wp\/v2\/users\/1"}],"replies":[{"embeddable":true,"href":"https:\/\/portalfloresnoar.com\/floresnoar\/wp-json\/wp\/v2\/comments?post=45471"}],"version-history":[{"count":4,"href":"https:\/\/portalfloresnoar.com\/floresnoar\/wp-json\/wp\/v2\/posts\/45471\/revisions"}],"predecessor-version":[{"id":45484,"href":"https:\/\/portalfloresnoar.com\/floresnoar\/wp-json\/wp\/v2\/posts\/45471\/revisions\/45484"}],"wp:featuredmedia":[{"embeddable":true,"href":"https:\/\/portalfloresnoar.com\/floresnoar\/wp-json\/wp\/v2\/media\/45480"}],"wp:attachment":[{"href":"https:\/\/portalfloresnoar.com\/floresnoar\/wp-json\/wp\/v2\/media?parent=45471"}],"wp:term":[{"taxonomy":"category","embeddable":true,"href":"https:\/\/portalfloresnoar.com\/floresnoar\/wp-json\/wp\/v2\/categories?post=45471"},{"taxonomy":"post_tag","embeddable":true,"href":"https:\/\/portalfloresnoar.com\/floresnoar\/wp-json\/wp\/v2\/tags?post=45471"}],"curies":[{"name":"wp","href":"https:\/\/api.w.org\/{rel}","templated":true}]}}