

{"id":45454,"date":"2024-10-11T11:57:38","date_gmt":"2024-10-11T14:57:38","guid":{"rendered":"https:\/\/portalfloresnoar.com\/floresnoar\/?p=45454"},"modified":"2024-10-11T11:57:38","modified_gmt":"2024-10-11T14:57:38","slug":"espaco-gerar-comemora-20-anos","status":"publish","type":"post","link":"https:\/\/portalfloresnoar.com\/floresnoar\/espaco-gerar-comemora-20-anos\/","title":{"rendered":"Espa\u00e7o Gerar comemora 20 anos!"},"content":{"rendered":"<p><img decoding=\"async\" loading=\"lazy\" class=\"aligncenter size-large wp-image-45464\" src=\"https:\/\/portalfloresnoar.com\/floresnoar\/wp-content\/uploads\/2024\/10\/20-anos-gerar-700x235.jpg\" alt=\"\" width=\"700\" height=\"235\" srcset=\"https:\/\/portalfloresnoar.com\/floresnoar\/wp-content\/uploads\/2024\/10\/20-anos-gerar-700x235.jpg 700w, https:\/\/portalfloresnoar.com\/floresnoar\/wp-content\/uploads\/2024\/10\/20-anos-gerar-300x101.jpg 300w, https:\/\/portalfloresnoar.com\/floresnoar\/wp-content\/uploads\/2024\/10\/20-anos-gerar-768x258.jpg 768w, https:\/\/portalfloresnoar.com\/floresnoar\/wp-content\/uploads\/2024\/10\/20-anos-gerar-1536x517.jpg 1536w, https:\/\/portalfloresnoar.com\/floresnoar\/wp-content\/uploads\/2024\/10\/20-anos-gerar-2048x689.jpg 2048w, https:\/\/portalfloresnoar.com\/floresnoar\/wp-content\/uploads\/2024\/10\/20-anos-gerar-330x110.jpg 330w\" sizes=\"(max-width: 700px) 100vw, 700px\" \/><\/p>\n<p>No dia 12 de outubro de 2004, teve in\u00edcio a hist\u00f3ria do Gerar &#8211; Psicologia, Arteterapia e Bem-Estar, espa\u00e7o terap\u00eautico, localizado no Recife, que est\u00e1 comemorando 20 anos, agregando profissionais e clientes em torno de propostas transformadoras, ricas em criatividade, sa\u00fade, harmonia, coletividade e reflex\u00e3o de mundo.<\/p>\n<p>&#8220;O Gerar \u00e9 fruto de um sonho feminino, um sonho de v\u00e1rias mulheres, que, juntas, buscaram oferecer e desfrutar do poder da Arteterapia, do cuidado e do bem-estar. A nossa proposta envolve a compreens\u00e3o integral do ser humano, considerando a sa\u00fade em sua dimens\u00e3o sist\u00eamica \u2013 f\u00edsica, mental, emocional, social e espiritual. Nossa trajet\u00f3ria traduz pioneirismo, hospitalidade, excel\u00eancia, confiabilidade e simplicidade&#8221;, afirmam Josefina Campos e Patr\u00edcia Mello, gestoras do espa\u00e7o, que atualmente \u00e9 composto por 36 profissionais.<\/p>\n<p>Localizado no bairro do Po\u00e7o da Panela, zona norte da capital pernambucana, o Gerar \u00e9 refer\u00eancia regional em Sa\u00fade Mental, promovendo sa\u00fade e qualidade de vida, atrav\u00e9s do oferecimento de diversas abordagens terap\u00eauticas, como:<br \/>\n&gt;&gt;&gt; Psicologia (Psicologia Junguiana, Bioenerg\u00e9tica, Gestalt e TCC);<br \/>\n&gt;&gt;&gt; Arteterapia;<br \/>\n&gt;&gt;&gt; Psiquiatria;<br \/>\n&gt;&gt;&gt; Pr\u00e1ticas integrativas (Reiki, Hipnoterapia, Aromaterapia, Terapia Floral, Cristaloterapia, ThetaHealing, Barras de Access, Yogaterapia, Mindfulness, Constela\u00e7\u00e3o Familiar, entre outras).<\/p>\n<p>O espa\u00e7o oferece <a href=\"https:\/\/portalfloresnoar.com\/floresnoar\/noticias-espaco-gerar-oferece-salas-para-sublocacao-na-zona-norte-do-recife\/\" target=\"_blank\" rel=\"noopener\"><strong>salas para subloca\u00e7\u00e3o<\/strong><\/a> voltadas a atendimentos individuais, e tamb\u00e9m subloca\u00e7\u00e3o de sal\u00e3o para atividades em grupo. O Gerar conta, ainda, com alguns projetos, como o \u2018Gerando Cuidado\u2019 e o \u2018Gerar nas Empresas\u2019.<\/p>\n<p>O \u2018Gerando Cuidado\u2019 disponibiliza atendimentos terap\u00eauticos com valor social, visando beneficiar pessoas que n\u00e3o est\u00e3o em condi\u00e7\u00f5es financeiras de pagar o valor integral.<\/p>\n<p>J\u00e1 o \u2018Gerar nas Empresas\u2019, atrav\u00e9s de parcerias, oferta viv\u00eancias em grupo, consultoria em desenvolvimento humano, atendimentos terap\u00eauticos com valores diferenciados e sele\u00e7\u00e3o de pessoal, a partir de entrevistas e processos criativos. Mais informa\u00e7\u00f5es, <strong><a href=\"https:\/\/portalfloresnoar.com\/floresnoar\/espaco-gerar-lanca-o-projeto-gerar-nas-empresas\/\" target=\"_blank\" rel=\"noopener\">neste link<\/a><\/strong>!!<\/p>\n<p><strong>On-line<\/strong> &#8211; Em 2023 foi lan\u00e7ado o site \u00a0<strong><a href=\"https:\/\/www.gerarterapias.com.br\/\" target=\"_blank\" rel=\"noopener\">Gerar Terapias<\/a><\/strong>, marcando a exist\u00eancia do Gerar tamb\u00e9m no espa\u00e7o digital. No site, podem ser acessados v\u00e1rios profissionais, de abordagens diversas. A plataforma conta com recursos de acessibilidade digital, melhorando a usabilidade e experi\u00eancia dos usu\u00e1rios que t\u00eam necessidades especiais. Uma outra funcionalidade do site, \u00e9 a possibilidade de busca de terapeutas por especialidade, demanda, e\/ou tipo de servi\u00e7o (presencial ou on-line).<\/p>\n<p>\u201cO Gerar Terapias surge da vontade de estender os atributos diferenciados de acolhimento e gest\u00e3o humanizada do Gerar f\u00edsico para o mundo do atendimento virtual&#8221;, contam informam as gestoras do Gerar Josefina Campos e Patr\u00edcia Mello.<\/p>\n<p><strong><em>&gt;&gt;&gt; As pessoas interessadas em conhecer o espa\u00e7o, podem entrar em contato pelo telefone (81) 99760-6383, de segunda a sexta-feira, no hor\u00e1rio das 8h \u00e0s 12h e de 13h \u00e0s 20h, ou pelo e-mail: gerararte@gmail.com , e agendar uma visita!<\/em><\/strong><\/p>\n<p>ESPA\u00c7O GERAR \u2013 PSICOLOGIA, ARTETERAPIA E BEM-ESTAR<br \/>\n<strong>Endere\u00e7o:<\/strong>\u00a0Rua Luiz Guimar\u00e3es, 253, Po\u00e7o da Panela, Recife\/PE<br \/>\n<em>(Mapa com a localiza\u00e7\u00e3o:\u00a0<a href=\"https:\/\/maps.app.goo.gl\/kZCHrg1TKRm8Qhmv9\" target=\"_blank\" rel=\"noopener\">https:\/\/maps.app.goo.gl\/kZCHrg1TKRm8Qhmv9<\/a>)<\/em><br \/>\n<strong>Fone\/WhatsApp:<\/strong>\u00a0(81) 99760.6383<\/p>\n","protected":false},"excerpt":{"rendered":"<p>No dia 12 de outubro de 2004, teve in\u00edcio a hist\u00f3ria do Gerar &#8211; Psicologia, Arteterapia e Bem-Estar, espa\u00e7o terap\u00eautico, localizado no Recife, que est\u00e1 comemorando 20 anos, agregando profissionais e clientes em torno de propostas transformadoras, ricas em criatividade, sa\u00fade, harmonia, coletividade e reflex\u00e3o de mundo. &#8220;O Gerar \u00e9 fruto de um sonho feminino, [&hellip;]<\/p>\n","protected":false},"author":1,"featured_media":45462,"comment_status":"open","ping_status":"open","sticky":false,"template":"","format":"standard","meta":{"om_disable_all_campaigns":false,"_monsterinsights_skip_tracking":false,"_monsterinsights_sitenote_active":false,"_monsterinsights_sitenote_note":"","_monsterinsights_sitenote_category":0,"footnotes":""},"categories":[9],"tags":[34,136,48,243,1057,81,1020,41,127],"acf":[],"publishpress_future_action":{"enabled":false,"date":"1969-12-31 21:00:00","action":"","terms":[],"taxonomy":"","browser_timezone_offset":0},"_links":{"self":[{"href":"https:\/\/portalfloresnoar.com\/floresnoar\/wp-json\/wp\/v2\/posts\/45454"}],"collection":[{"href":"https:\/\/portalfloresnoar.com\/floresnoar\/wp-json\/wp\/v2\/posts"}],"about":[{"href":"https:\/\/portalfloresnoar.com\/floresnoar\/wp-json\/wp\/v2\/types\/post"}],"author":[{"embeddable":true,"href":"https:\/\/portalfloresnoar.com\/floresnoar\/wp-json\/wp\/v2\/users\/1"}],"replies":[{"embeddable":true,"href":"https:\/\/portalfloresnoar.com\/floresnoar\/wp-json\/wp\/v2\/comments?post=45454"}],"version-history":[{"count":2,"href":"https:\/\/portalfloresnoar.com\/floresnoar\/wp-json\/wp\/v2\/posts\/45454\/revisions"}],"predecessor-version":[{"id":45465,"href":"https:\/\/portalfloresnoar.com\/floresnoar\/wp-json\/wp\/v2\/posts\/45454\/revisions\/45465"}],"wp:featuredmedia":[{"embeddable":true,"href":"https:\/\/portalfloresnoar.com\/floresnoar\/wp-json\/wp\/v2\/media\/45462"}],"wp:attachment":[{"href":"https:\/\/portalfloresnoar.com\/floresnoar\/wp-json\/wp\/v2\/media?parent=45454"}],"wp:term":[{"taxonomy":"category","embeddable":true,"href":"https:\/\/portalfloresnoar.com\/floresnoar\/wp-json\/wp\/v2\/categories?post=45454"},{"taxonomy":"post_tag","embeddable":true,"href":"https:\/\/portalfloresnoar.com\/floresnoar\/wp-json\/wp\/v2\/tags?post=45454"}],"curies":[{"name":"wp","href":"https:\/\/api.w.org\/{rel}","templated":true}]}}