

{"id":45426,"date":"2024-09-26T10:42:35","date_gmt":"2024-09-26T13:42:35","guid":{"rendered":"https:\/\/portalfloresnoar.com\/floresnoar\/?p=45426"},"modified":"2024-09-27T19:44:52","modified_gmt":"2024-09-27T22:44:52","slug":"flores-no-ar-comemora-15-anos-de-existencia","status":"publish","type":"post","link":"https:\/\/portalfloresnoar.com\/floresnoar\/flores-no-ar-comemora-15-anos-de-existencia\/","title":{"rendered":"[EDITORIAL] Flores no Ar comemora 15 anos de exist\u00eancia!"},"content":{"rendered":"<figure id=\"attachment_45428\" aria-describedby=\"caption-attachment-45428\" style=\"width: 700px\" class=\"wp-caption aligncenter\"><img decoding=\"async\" loading=\"lazy\" class=\"wp-image-45428 size-large\" src=\"https:\/\/portalfloresnoar.com\/floresnoar\/wp-content\/uploads\/2024\/09\/Flores-no-Ar-15-anos-700x700.jpg\" alt=\"\" width=\"700\" height=\"700\" srcset=\"https:\/\/portalfloresnoar.com\/floresnoar\/wp-content\/uploads\/2024\/09\/Flores-no-Ar-15-anos-700x700.jpg 700w, https:\/\/portalfloresnoar.com\/floresnoar\/wp-content\/uploads\/2024\/09\/Flores-no-Ar-15-anos-300x300.jpg 300w, https:\/\/portalfloresnoar.com\/floresnoar\/wp-content\/uploads\/2024\/09\/Flores-no-Ar-15-anos-150x150.jpg 150w, https:\/\/portalfloresnoar.com\/floresnoar\/wp-content\/uploads\/2024\/09\/Flores-no-Ar-15-anos-768x768.jpg 768w, https:\/\/portalfloresnoar.com\/floresnoar\/wp-content\/uploads\/2024\/09\/Flores-no-Ar-15-anos-1536x1536.jpg 1536w, https:\/\/portalfloresnoar.com\/floresnoar\/wp-content\/uploads\/2024\/09\/Flores-no-Ar-15-anos-100x100.jpg 100w, https:\/\/portalfloresnoar.com\/floresnoar\/wp-content\/uploads\/2024\/09\/Flores-no-Ar-15-anos.jpg 1543w\" sizes=\"(max-width: 700px) 100vw, 700px\" \/><figcaption id=\"caption-attachment-45428\" class=\"wp-caption-text\">Arte: Lua (inspirada em Hilma af Klint)<\/figcaption><\/figure>\n<p>| <em>Por Lu Rabelo<\/em>* |<\/p>\n<p>O Flores no Ar celebra 15 anos neste dia 26 de setembro de 2024. E, adolescente que \u00e9, vem sentindo um tanto de rebeldia. A come\u00e7ar pelo cansa\u00e7o com as redes sociais. Quando o Flores nasceu, ainda como blog, em 2009, os tempos eram outros, o Facebook rec\u00e9m tinha chegado no Brasil. Viv\u00edamos bem mais a vida fora das telas.<\/p>\n<p>Honro muito sermos um ve\u00edculo independente e contra-hegem\u00f4nico, mas com o desafio que \u00e9 mant\u00ea-lo neste sistema capitalista, \u00e0s vezes d\u00e1 uma moleza, um des\u00e2nimo, principalmente com a falta de entendimento de muites que nos procuram querendo que a gente divulgue seus eventos (muitos deles pagos ou patrocinados) de forma gratuita. Vale lembrar que &#8211; al\u00e9m de todo o servi\u00e7o de cria\u00e7\u00e3o, edi\u00e7\u00e3o e publica\u00e7\u00e3o &#8211; existem custos financeiros mensais para manter o site no ar.<\/p>\n<p>Ent\u00e3o, uma das decis\u00f5es tomadas neste anivers\u00e1rio \u00e9 presentear o Flores no Ar aumentando o valor da divulga\u00e7\u00e3o. Pois \u00e9, desta vez n\u00e3o daremos \u2018descontos de anivers\u00e1rio\u2019, mas sim iremos valorizar o nosso trabalho, passando a cobrar um pre\u00e7o mais justo pelas divulga\u00e7\u00f5es.<\/p>\n<p>J\u00e1 contabilizamos mais de 6 mil postagens em nosso site (www.portalfloresnoar.com), vistas por mais de 2 milh\u00f5es de usu\u00e1rios. Al\u00e9m das frequentes atualiza\u00e7\u00f5es, somos um importante reposit\u00f3rio nordestino de conte\u00fado sobre autoconhecimento, autocuidado, espiritualidade, direitos humanos, sa\u00fade, ecologia e cultura brasileira, entre outros importantes temas. \u00c9 s\u00f3 dar uma navegada no Portal pra constatar a imensa quantidade de boas postagens que mantemos no ar. E n\u00e3o \u00e9 s\u00f3 not\u00edcias n\u00e3o, temos contos, cr\u00f4nicas, poesias, v\u00eddeos, artes pl\u00e1sticas, receitas&#8230;<\/p>\n<p>Agrade\u00e7o imensamente a todas as parceiras e parceiros que passaram pelo Flores no Ar nesses 15 anos, e aos que continuam junto. Gostaria de registrar um agradecimento especial ao Espa\u00e7o Gerar @gerararteterapia , nosso parceiro durante todo este tempo. Foi Patr\u00edcia Mello @patriciamellopati , uma das gestoras do Gerar, a primeira pessoa que acreditou na pot\u00eancia do Flores no Ar. Grata minha par\u00eaa amada!<\/p>\n<p>Pois bem, enquanto tivermos \u00e2nimo e gente junto que acredita e valoriza o Flores no Ar, seguiremos firmes no caminho do bem viver!<\/p>\n<p>&nbsp;<\/p>\n<p><em>* Lu Rabelo \u00e9 jornalista, arteterapeuta, poeta, cantadeira e editora do Portal Flores no Ar<\/em><\/p>\n","protected":false},"excerpt":{"rendered":"<p>| Por Lu Rabelo* | O Flores no Ar celebra 15 anos neste dia 26 de setembro de 2024. E, adolescente que \u00e9, vem sentindo um tanto de rebeldia. A come\u00e7ar pelo cansa\u00e7o com as redes sociais. Quando o Flores nasceu, ainda como blog, em 2009, os tempos eram outros, o Facebook rec\u00e9m tinha chegado [&hellip;]<\/p>\n","protected":false},"author":1,"featured_media":45433,"comment_status":"open","ping_status":"open","sticky":false,"template":"","format":"standard","meta":{"om_disable_all_campaigns":false,"_monsterinsights_skip_tracking":false,"_monsterinsights_sitenote_active":false,"_monsterinsights_sitenote_note":"","_monsterinsights_sitenote_category":0,"footnotes":""},"categories":[10,224],"tags":[49,1222],"acf":[],"publishpress_future_action":{"enabled":false,"date":"1969-12-31 21:00:00","action":"","terms":[],"taxonomy":"","browser_timezone_offset":0},"_links":{"self":[{"href":"https:\/\/portalfloresnoar.com\/floresnoar\/wp-json\/wp\/v2\/posts\/45426"}],"collection":[{"href":"https:\/\/portalfloresnoar.com\/floresnoar\/wp-json\/wp\/v2\/posts"}],"about":[{"href":"https:\/\/portalfloresnoar.com\/floresnoar\/wp-json\/wp\/v2\/types\/post"}],"author":[{"embeddable":true,"href":"https:\/\/portalfloresnoar.com\/floresnoar\/wp-json\/wp\/v2\/users\/1"}],"replies":[{"embeddable":true,"href":"https:\/\/portalfloresnoar.com\/floresnoar\/wp-json\/wp\/v2\/comments?post=45426"}],"version-history":[{"count":3,"href":"https:\/\/portalfloresnoar.com\/floresnoar\/wp-json\/wp\/v2\/posts\/45426\/revisions"}],"predecessor-version":[{"id":45432,"href":"https:\/\/portalfloresnoar.com\/floresnoar\/wp-json\/wp\/v2\/posts\/45426\/revisions\/45432"}],"wp:featuredmedia":[{"embeddable":true,"href":"https:\/\/portalfloresnoar.com\/floresnoar\/wp-json\/wp\/v2\/media\/45433"}],"wp:attachment":[{"href":"https:\/\/portalfloresnoar.com\/floresnoar\/wp-json\/wp\/v2\/media?parent=45426"}],"wp:term":[{"taxonomy":"category","embeddable":true,"href":"https:\/\/portalfloresnoar.com\/floresnoar\/wp-json\/wp\/v2\/categories?post=45426"},{"taxonomy":"post_tag","embeddable":true,"href":"https:\/\/portalfloresnoar.com\/floresnoar\/wp-json\/wp\/v2\/tags?post=45426"}],"curies":[{"name":"wp","href":"https:\/\/api.w.org\/{rel}","templated":true}]}}