

{"id":45357,"date":"2024-11-15T06:02:00","date_gmt":"2024-11-15T09:02:00","guid":{"rendered":"https:\/\/portalfloresnoar.com\/floresnoar\/?p=45357"},"modified":"2024-11-15T17:37:34","modified_gmt":"2024-11-15T20:37:34","slug":"caderno-da-semana-dos-povos-indigenas-2024-esta-disponivel-para-download-gratuito","status":"publish","type":"post","link":"https:\/\/portalfloresnoar.com\/floresnoar\/caderno-da-semana-dos-povos-indigenas-2024-esta-disponivel-para-download-gratuito\/","title":{"rendered":"&#8216;Caderno da Semana dos Povos Ind\u00edgenas 2024&#8217; est\u00e1 dispon\u00edvel para download gratuito"},"content":{"rendered":"<p><img decoding=\"async\" loading=\"lazy\" class=\" wp-image-45358 alignleft\" src=\"https:\/\/portalfloresnoar.com\/floresnoar\/wp-content\/uploads\/2024\/09\/caderno-indigena-emergencia-climatica-502x700.jpg\" alt=\"\" width=\"301\" height=\"420\" srcset=\"https:\/\/portalfloresnoar.com\/floresnoar\/wp-content\/uploads\/2024\/09\/caderno-indigena-emergencia-climatica-502x700.jpg 502w, https:\/\/portalfloresnoar.com\/floresnoar\/wp-content\/uploads\/2024\/09\/caderno-indigena-emergencia-climatica-215x300.jpg 215w, https:\/\/portalfloresnoar.com\/floresnoar\/wp-content\/uploads\/2024\/09\/caderno-indigena-emergencia-climatica.jpg 648w\" sizes=\"(max-width: 301px) 100vw, 301px\" \/><\/p>\n<p>O Conselho de Miss\u00e3o entre Povos Ind\u00edgenas (COMIN) est\u00e1 disponibilizando para download gratuito o &#8216;Caderno da Semana dos Povos Ind\u00edgenas 2024&#8217;, onde s\u00e3o abordadas as consequ\u00eancias da emerg\u00eancia clim\u00e1tica, mostrando que todas as pessoas j\u00e1 est\u00e3o sendo impactadas.<\/p>\n<p>O material \u00e9 tamb\u00e9m um chamado de apoio, evidenciando que a demarca\u00e7\u00e3o dos territ\u00f3rios ind\u00edgenas e o respeito aos seus modos de vida s\u00e3o fundamentais para o enfrentamento \u00e0 emerg\u00eancia clim\u00e1tica.<\/p>\n<p>O caderno \u00e9 uma produ\u00e7\u00e3o da FLD-COMIN ( @fld_act @comin.oficial ), escrito por Juliana Kerexu ( @jukerexu ) e Cristiane Juli\u00e3o ( @juliao.pankararu ), e ilustrado por Wanessa Ribeiro ( @dewaneios_ ).<\/p>\n<p><strong>&gt;&gt;&gt; O caderno, em formato pdf, pode ser baixado trav\u00e9s deste link: <a href=\"https:\/\/comin.org.br\/publicacao\/semana-dos-povos-indigenas-2024\/\" target=\"_blank\" rel=\"noopener\">https:\/\/comin.org.br\/publicacao\/semana-dos-povos-indigenas-2024\/<\/a><\/strong><\/p>\n","protected":false},"excerpt":{"rendered":"<p>O Conselho de Miss\u00e3o entre Povos Ind\u00edgenas (COMIN) est\u00e1 disponibilizando para download gratuito o &#8216;Caderno da Semana dos Povos Ind\u00edgenas 2024&#8217;, onde s\u00e3o abordadas as consequ\u00eancias da emerg\u00eancia clim\u00e1tica, mostrando que todas as pessoas j\u00e1 est\u00e3o sendo impactadas. O material \u00e9 tamb\u00e9m um chamado de apoio, evidenciando que a demarca\u00e7\u00e3o dos territ\u00f3rios ind\u00edgenas e o [&hellip;]<\/p>\n","protected":false},"author":1,"featured_media":45359,"comment_status":"open","ping_status":"open","sticky":false,"template":"","format":"standard","meta":{"om_disable_all_campaigns":false,"_monsterinsights_skip_tracking":false,"_monsterinsights_sitenote_active":false,"_monsterinsights_sitenote_note":"","_monsterinsights_sitenote_category":0,"footnotes":""},"categories":[9],"tags":[1238,26,1531,1194,170,1246,1048],"acf":[],"publishpress_future_action":{"enabled":false,"date":"1969-12-31 21:00:00","action":"","terms":[],"taxonomy":"","browser_timezone_offset":0},"_links":{"self":[{"href":"https:\/\/portalfloresnoar.com\/floresnoar\/wp-json\/wp\/v2\/posts\/45357"}],"collection":[{"href":"https:\/\/portalfloresnoar.com\/floresnoar\/wp-json\/wp\/v2\/posts"}],"about":[{"href":"https:\/\/portalfloresnoar.com\/floresnoar\/wp-json\/wp\/v2\/types\/post"}],"author":[{"embeddable":true,"href":"https:\/\/portalfloresnoar.com\/floresnoar\/wp-json\/wp\/v2\/users\/1"}],"replies":[{"embeddable":true,"href":"https:\/\/portalfloresnoar.com\/floresnoar\/wp-json\/wp\/v2\/comments?post=45357"}],"version-history":[{"count":1,"href":"https:\/\/portalfloresnoar.com\/floresnoar\/wp-json\/wp\/v2\/posts\/45357\/revisions"}],"predecessor-version":[{"id":45360,"href":"https:\/\/portalfloresnoar.com\/floresnoar\/wp-json\/wp\/v2\/posts\/45357\/revisions\/45360"}],"wp:featuredmedia":[{"embeddable":true,"href":"https:\/\/portalfloresnoar.com\/floresnoar\/wp-json\/wp\/v2\/media\/45359"}],"wp:attachment":[{"href":"https:\/\/portalfloresnoar.com\/floresnoar\/wp-json\/wp\/v2\/media?parent=45357"}],"wp:term":[{"taxonomy":"category","embeddable":true,"href":"https:\/\/portalfloresnoar.com\/floresnoar\/wp-json\/wp\/v2\/categories?post=45357"},{"taxonomy":"post_tag","embeddable":true,"href":"https:\/\/portalfloresnoar.com\/floresnoar\/wp-json\/wp\/v2\/tags?post=45357"}],"curies":[{"name":"wp","href":"https:\/\/api.w.org\/{rel}","templated":true}]}}