

{"id":45342,"date":"2024-09-04T14:02:24","date_gmt":"2024-09-04T17:02:24","guid":{"rendered":"https:\/\/portalfloresnoar.com\/floresnoar\/?p=45342"},"modified":"2024-09-04T14:04:22","modified_gmt":"2024-09-04T17:04:22","slug":"poeta-lara-se-encantou","status":"publish","type":"post","link":"https:\/\/portalfloresnoar.com\/floresnoar\/poeta-lara-se-encantou\/","title":{"rendered":"Poeta Lara se encantou"},"content":{"rendered":"<p><img decoding=\"async\" loading=\"lazy\" class=\" wp-image-45343 alignleft\" src=\"https:\/\/portalfloresnoar.com\/floresnoar\/wp-content\/uploads\/2024\/09\/poeta-lara-525x700.jpg\" alt=\"\" width=\"412\" height=\"550\" srcset=\"https:\/\/portalfloresnoar.com\/floresnoar\/wp-content\/uploads\/2024\/09\/poeta-lara-525x700.jpg 525w, https:\/\/portalfloresnoar.com\/floresnoar\/wp-content\/uploads\/2024\/09\/poeta-lara-225x300.jpg 225w, https:\/\/portalfloresnoar.com\/floresnoar\/wp-content\/uploads\/2024\/09\/poeta-lara-768x1024.jpg 768w, https:\/\/portalfloresnoar.com\/floresnoar\/wp-content\/uploads\/2024\/09\/poeta-lara-1152x1536.jpg 1152w, https:\/\/portalfloresnoar.com\/floresnoar\/wp-content\/uploads\/2024\/09\/poeta-lara.jpg 1179w\" sizes=\"(max-width: 412px) 100vw, 412px\" \/>E mais um poeta pernambucano foi-se da Terra. Lara era conhecido n\u00e3o s\u00f3 no meio liter\u00e1rio, como tamb\u00e9m por sua atua\u00e7\u00e3o nas lutas sociais. Foi um dos incentivadores\u00a0 da cria\u00e7\u00e3o da R\u00e1dio Livre-Se, nos princ\u00edpios dos anos 2000.<\/p>\n<p>Jos\u00e9 Lu\u00eds Miranda nasceu em 01\/12\/60, no munic\u00edpio de Bom Conselho\/PE. Residia no Recife desde meados de 1979. Participou, informalmente, do Movimento de Escritores Independentes em Pernambuco (MEI-PE). Foi escritor, recitador e participou de in\u00fameros recitais desde o in\u00edcio da d\u00e9cada de 80. Era t\u00e9cnico administrativo aposentado da UFPE, tendo atuado por muitos anos no Departamento de Ci\u00eancia da Informa\u00e7\u00e3o.<\/p>\n<p>Em entrevista concedida ao site \u2018Domingo com Poesia\u2019, em 2020, Lara reponde:<\/p>\n<p><em>O que nos ensina a poesia?<\/em><br \/>\n\u201cA poesia \u00e9 mais \u2018saborosa\u2019 que a prosa. Por conta, principalmente, de estar impregnada de ritmo, m\u00e9trica, harmonia, rima, melodia, etc. Tudo isso pode atuar como alguma esp\u00e9cie de \u201cisca\u201d para pr\u00e9-adolescentes desenvolverem o gosto pela leitura. Come\u00e7arem a sentir um \u201csabor\u201d no ato de ler. Da\u00ed ent\u00e3o \u00e9 que vem a enorme import\u00e2ncia de usar a poesia em sala de aula. E tem tamb\u00e9m a parte mais especificamente \u201cexistencial\u201d, onde, desde a antiguidade, os poetas, na maioria dos casos, estiveram sempre na contram\u00e3o da postura \u201cpan-racional\u201d de uma vis\u00e3o-de-mundo \u201cproto-cartesiana\u201d, por assim dizer. Orfeu e Dion\u00edsio contra Arist\u00f3teles e Comte.\u201d<\/p>\n<p><em>Na sua vis\u00e3o, qual seria a fun\u00e7\u00e3o social do poeta?<\/em><br \/>\n\u201c A fun\u00e7\u00e3o do poeta \u00e9 uma fun\u00e7\u00e3o dupla: sint\u00e1tica e \u201cideol\u00f3gica\u201d. Fon\u00e9tica e sintaxe. Arte e sociedade. Est\u00e9tica e pol\u00edtica&#8230; econ\u00f4mica. Mas a po\u00e9tica politizada ainda \u00e9 um tabu para a mente ocidentalesca tupiniquim do \u201caqui-e-agora\u201d: vampiresca e \u201cneocon\u201d. Ginsberg ainda \u00e9 um \u201cpapa-figo\u201d para o patriarcado sertanejo\u00a0d\u2019antanho.\u201d<\/p>\n<p>Algumas das obras do poeta Lara podem ser baixadas e compartilhadas gratuitamente atrav\u00e9s do endere\u00e7o: <a href=\"https:\/\/www.yumpu.com\/pt\/document\/view\/12876899\/contos-sorumbaticos-interpoetica\" target=\"_blank\" rel=\"noopener\">tinyurl.com\/5yvysuxn<\/a><\/p>\n<p>S\u00e3o elas:<br \/>\n&#8211; &#8220;Contos Sorumb\u00e1ticos, Desvarios Po\u00e9ticos e mais Prosa Confenssional&#8221;<br \/>\n&#8211; &#8220;Seleta da Literatura Visceral de Lara&#8221;<br \/>\n&#8211; &#8220;Lix\u00e3o&#8221; (raspando o tacho)<br \/>\n&#8211; &#8220;Boi de Piranha&#8221; (cr\u00f4nicas)<\/p>\n<p><em>Abaixo, um poema de Lara:<\/em><\/p>\n<p>PAT\u00c9TICO<br \/>\nS\u00f3 sei que<br \/>\nanalistas e gurus<br \/>\ntentaram,<br \/>\nem v\u00e3o,<br \/>\ncurar-me.<\/p>\n<p>Passei,<br \/>\nent\u00e3o,<br \/>\na garimpar<br \/>\nraras rimas internas<br \/>\npara dedicar-te.<\/p>\n<p>Como esquecer-te<br \/>\nno abandono<br \/>\ndessa escurid\u00e3o?<\/p>\n<p>Bem que me avisaram:<br \/>\n&#8220;o amor \u00e9 maior<br \/>\nque a filosofia&#8221;.<\/p>\n<p>Agora, ensandecido,<br \/>\nimploro<br \/>\nmigalhas de ti<br \/>\nque desmoronaram<br \/>\npat\u00e9ticas<br \/>\nem mim,<br \/>\nlouco,<br \/>\nmais uma vez,<br \/>\nlouco<br \/>\n(mais um &#8211; dir\u00e3o).<\/p>\n<p>Hoje percorro<br \/>\nruas de sombras<br \/>\nsem fim&#8230;<br \/>\ne volto<br \/>\n\u00e0 velha<br \/>\ne tr\u00f4pega<br \/>\nancestral<br \/>\nsolid\u00e3o.<\/p>\n<p>O que direi<br \/>\ndos erros de macho<br \/>\nque exerci?<\/p>\n<p>Que arrependimentos<br \/>\nassinarei<br \/>\naos teu p\u00e9s?<\/p>\n<p>Que consolos<br \/>\nme restar\u00e3o,<br \/>\nsem ti,<br \/>\nnestas noites<br \/>\ninsones?<\/p>\n<p>Em v\u00e3o<br \/>\napelo a<br \/>\ncapengas muletas<br \/>\nespirituais.<\/p>\n<p>Mas nada<br \/>\nsubstitui<br \/>\nteus sais.<\/p>\n","protected":false},"excerpt":{"rendered":"<p>E mais um poeta pernambucano foi-se da Terra. Lara era conhecido n\u00e3o s\u00f3 no meio liter\u00e1rio, como tamb\u00e9m por sua atua\u00e7\u00e3o nas lutas sociais. Foi um dos incentivadores\u00a0 da cria\u00e7\u00e3o da R\u00e1dio Livre-Se, nos princ\u00edpios dos anos 2000. Jos\u00e9 Lu\u00eds Miranda nasceu em 01\/12\/60, no munic\u00edpio de Bom Conselho\/PE. Residia no Recife desde meados de [&hellip;]<\/p>\n","protected":false},"author":1,"featured_media":45344,"comment_status":"open","ping_status":"open","sticky":false,"template":"","format":"standard","meta":{"om_disable_all_campaigns":false,"_monsterinsights_skip_tracking":false,"_monsterinsights_sitenote_active":false,"_monsterinsights_sitenote_note":"","_monsterinsights_sitenote_category":0,"footnotes":""},"categories":[9],"tags":[79,1530,69,51,1503,1332],"acf":[],"publishpress_future_action":{"enabled":false,"date":"1969-12-31 21:00:00","action":"","terms":[],"taxonomy":"","browser_timezone_offset":0},"_links":{"self":[{"href":"https:\/\/portalfloresnoar.com\/floresnoar\/wp-json\/wp\/v2\/posts\/45342"}],"collection":[{"href":"https:\/\/portalfloresnoar.com\/floresnoar\/wp-json\/wp\/v2\/posts"}],"about":[{"href":"https:\/\/portalfloresnoar.com\/floresnoar\/wp-json\/wp\/v2\/types\/post"}],"author":[{"embeddable":true,"href":"https:\/\/portalfloresnoar.com\/floresnoar\/wp-json\/wp\/v2\/users\/1"}],"replies":[{"embeddable":true,"href":"https:\/\/portalfloresnoar.com\/floresnoar\/wp-json\/wp\/v2\/comments?post=45342"}],"version-history":[{"count":2,"href":"https:\/\/portalfloresnoar.com\/floresnoar\/wp-json\/wp\/v2\/posts\/45342\/revisions"}],"predecessor-version":[{"id":45346,"href":"https:\/\/portalfloresnoar.com\/floresnoar\/wp-json\/wp\/v2\/posts\/45342\/revisions\/45346"}],"wp:featuredmedia":[{"embeddable":true,"href":"https:\/\/portalfloresnoar.com\/floresnoar\/wp-json\/wp\/v2\/media\/45344"}],"wp:attachment":[{"href":"https:\/\/portalfloresnoar.com\/floresnoar\/wp-json\/wp\/v2\/media?parent=45342"}],"wp:term":[{"taxonomy":"category","embeddable":true,"href":"https:\/\/portalfloresnoar.com\/floresnoar\/wp-json\/wp\/v2\/categories?post=45342"},{"taxonomy":"post_tag","embeddable":true,"href":"https:\/\/portalfloresnoar.com\/floresnoar\/wp-json\/wp\/v2\/tags?post=45342"}],"curies":[{"name":"wp","href":"https:\/\/api.w.org\/{rel}","templated":true}]}}