

{"id":45322,"date":"2024-02-27T08:54:22","date_gmt":"2024-02-27T11:54:22","guid":{"rendered":"https:\/\/portalfloresnoar.com\/floresnoar\/?p=45322"},"modified":"2024-09-30T13:47:04","modified_gmt":"2024-09-30T16:47:04","slug":"agenda-pe-espaco-gerar-promove-em-setembro-um-ciclo-de-palestras-sobre-suicidologia","status":"publish","type":"post","link":"https:\/\/portalfloresnoar.com\/floresnoar\/agenda-pe-espaco-gerar-promove-em-setembro-um-ciclo-de-palestras-sobre-suicidologia\/","title":{"rendered":"[AGENDA PE] Espa\u00e7o Gerar promove em setembro um ciclo de palestras sobre Suicidologia"},"content":{"rendered":"<p><img decoding=\"async\" loading=\"lazy\" class=\"aligncenter wp-image-45323\" src=\"https:\/\/portalfloresnoar.com\/floresnoar\/wp-content\/uploads\/2024\/08\/Suicidologia-1-560x700.jpeg\" alt=\"\" width=\"550\" height=\"688\" srcset=\"https:\/\/portalfloresnoar.com\/floresnoar\/wp-content\/uploads\/2024\/08\/Suicidologia-1-560x700.jpeg 560w, https:\/\/portalfloresnoar.com\/floresnoar\/wp-content\/uploads\/2024\/08\/Suicidologia-1-240x300.jpeg 240w, https:\/\/portalfloresnoar.com\/floresnoar\/wp-content\/uploads\/2024\/08\/Suicidologia-1-768x960.jpeg 768w, https:\/\/portalfloresnoar.com\/floresnoar\/wp-content\/uploads\/2024\/08\/Suicidologia-1.jpeg 1024w\" sizes=\"(max-width: 550px) 100vw, 550px\" \/><\/p>\n<p>Dentro da programa\u00e7\u00e3o em comemora\u00e7\u00e3o aos 20 anos do Espa\u00e7o Gerar \u2013 Psicologia, Arteterapia e Bem-Estar, ser\u00e1 realizada, neste m\u00eas de setembro, a partir do dia 04\/09, uma s\u00e9rie de palestras do projeto &#8216;<strong>Suicidologia &#8211; Gerando orienta\u00e7\u00f5es e cuidados para a vida&#8217;<\/strong>, facilitadas pela terapeuta integrativa e suicidologista Leta Vasconcelos. Os encontros ser\u00e3o no Espa\u00e7o Gerar, localizado no bairro do Po\u00e7o da Panela, no Recife.<\/p>\n<p>Ser\u00e3o quatro palestras e \u00e9 poss\u00edvel participar de forma avulsa, ou adquirir o combo incluindo os quatro encontros. As palestras ser\u00e3o realizadas no hor\u00e1rio das 19h \u00e0s 20h30 e \u00e9 aberta a todas as pessoas interessadas.<\/p>\n<p>O suic\u00eddio \u00e9 uma ocorr\u00eancia complexa, influenciada por fatores psicol\u00f3gicos, biol\u00f3gicos, sociais e culturais. <a href=\"https:\/\/www.who.int\/publications\/i\/item\/9789240026643\" target=\"_blank\" rel=\"noopener\">Segundo dados da Organiza\u00e7\u00e3o Mundial da Sa\u00fade<\/a>, em 2019 mais de 700 mil pessoas morreram por suic\u00eddio. De acordo com Leta Vasconcelos, a Suicidologia \u00e9 o estudo do comportamento e causas suicidas, e atua na preven\u00e7\u00e3o, a\u00e7\u00e3o e p\u00f3sven\u00e7\u00e3o do suic\u00eddio.<\/p>\n<p>SOBRE A FACILITADORA<br \/>\n<strong>Leta Vasconcelos<\/strong> &#8211; Possui Gradua\u00e7\u00e3o e P\u00f3s-Gradua\u00e7\u00e3o no Ensino da Arte\/Artes Visuais pela UFPE; Forma\u00e7\u00f5es em Terapias Integrativas e Complementares (Arteterapia, Yogaterapia, Aromaterapia, Dan\u00e7aterapia, Musicoterapia) e Preven\u00e7\u00e3o a Inc\u00eandios e Primeiros Socorros. Atua\u00e7\u00e3o e experi\u00eancia na Sa\u00fade Mental em depend\u00eancias, transtornos, comportamentos suicidas e de autoles\u00f5es. Tem forma\u00e7\u00e3o e \u00e9 integrante do Guardi\u00f5es da Vida &#8211; Grupo Nacional de Preven\u00e7\u00e3o e P\u00f3sven\u00e7\u00e3o do Suic\u00eddio, pelo Corpo de Bombeiros Militar do Cear\u00e1. Est\u00e1 em forma\u00e7\u00e3o pelo IPPES (Instituto de Pesquisa, Preven\u00e7\u00e3o e Estudos em Suic\u00eddio).<\/p>\n<p>PROGRAMA\u00c7\u00c3O<br \/>\n<strong>Dia 04\/09 <\/strong>&#8211; Conceitos e Identifica\u00e7\u00e3o do Comportamento Suicida<br \/>\n<strong>Dia 11\/09 <\/strong>&#8211; Preven\u00e7\u00e3o do Suic\u00eddio<br \/>\n<strong>Dia 18\/09<\/strong> &#8211; Avalia\u00e7\u00e3o do risco suicida; fatores protetivos e de risco<br \/>\n<strong>Dia 25\/09<\/strong> &#8211; P\u00f3sven\u00e7\u00e3o<\/p>\n<p><strong>Hor\u00e1rio:<\/strong> 19h \u00e0s 20h30<\/p>\n<p><strong>Investimento:<\/strong> Valor por palestra &#8211; R$ 25,00 \/\u00a0Valor do Combo (incluindo as 4 palestras): R$ 80,00<\/p>\n<p><strong>Local:<\/strong> Gerar &#8211; Psicologia, Arteterapia e Bem-Estar &#8211; \u00a0Rua Luiz Guimar\u00e3es, 253, Po\u00e7o da Panela, Recife\/PE<br \/>\n<em>(Mapa com a localiza\u00e7\u00e3o:\u00a0<a href=\"https:\/\/maps.app.goo.gl\/kZCHrg1TKRm8Qhmv9\" target=\"_blank\" rel=\"noopener\">https:\/\/maps.app.goo.gl\/kZCHrg1TKRm8Qhmv9<\/a>)<\/em><\/p>\n<p>INSCRI\u00c7\u00d5ES E MAIS INFORMA\u00c7\u00d5ES<br \/>\n<strong>Espa\u00e7o Gerar <\/strong>&#8211; (81) 997606383 (Fone\/ WhatsApp)<br \/>\n<strong>Leta Vasconcelos<\/strong> &#8211; (81) 998319292 (Fone\/ WhatsApp)<\/p>\n<p>&nbsp;<\/p>\n<p><strong><em>SOBRE O ESPA\u00c7O GERAR<\/em><\/strong><br \/>\n<em>Localizado na capital pernambucana, o Gerar \u2013 Psicologia, Arteterapia e Bem-Estar celebra 20 anos no dia 12 de outubro de 2024. O Gerar \u00e9 refer\u00eancia regional em Sa\u00fade Mental, promovendo sa\u00fade e qualidade de vida, atrav\u00e9s do oferecimento de diversas abordagens terap\u00eauticas, como:<\/em><br \/>\n<em>&gt;&gt;&gt; Psicologia (Psicologia Junguiana, Bioenerg\u00e9tica, Gestalt e TCC)<\/em><br \/>\n<em>&gt;&gt;&gt; Arteterapia<\/em><br \/>\n<em>&gt;&gt;&gt; Psiquiatria<\/em><br \/>\n<em>&gt;&gt;&gt; Pr\u00e1ticas integrativas (Reiki, Hipnoterapia, Aromaterapia, Terapia Floral, Cristaloterapia, ThetaHealing, Barras de Access, Yogaterapia, Mindfulness, entre outras).<\/em><\/p>\n<p><em><strong>Mais informa\u00e7\u00f5es sobre o Espa\u00e7o Gerar:<\/strong>\u00a0<a href=\"https:\/\/www.gerarterapias.com.br\/\" target=\"_blank\" rel=\"noopener\">www.gerarterapias.com.br<\/a><\/em><\/p>\n","protected":false},"excerpt":{"rendered":"<p>Dentro da programa\u00e7\u00e3o em comemora\u00e7\u00e3o aos 20 anos do Espa\u00e7o Gerar \u2013 Psicologia, Arteterapia e Bem-Estar, ser\u00e1 realizada, neste m\u00eas de setembro, a partir do dia 04\/09, uma s\u00e9rie de palestras do projeto &#8216;Suicidologia &#8211; Gerando orienta\u00e7\u00f5es e cuidados para a vida&#8217;, facilitadas pela terapeuta integrativa e suicidologista Leta Vasconcelos. Os encontros ser\u00e3o no Espa\u00e7o [&hellip;]<\/p>\n","protected":false},"author":1,"featured_media":45324,"comment_status":"open","ping_status":"open","sticky":false,"template":"","format":"standard","meta":{"om_disable_all_campaigns":false,"_monsterinsights_skip_tracking":false,"_monsterinsights_sitenote_active":false,"_monsterinsights_sitenote_note":"","_monsterinsights_sitenote_category":0,"footnotes":""},"categories":[8,214],"tags":[305,1473],"acf":[],"publishpress_future_action":{"enabled":false,"date":"1969-12-31 21:00:00","action":"","terms":[],"taxonomy":"","browser_timezone_offset":0},"_links":{"self":[{"href":"https:\/\/portalfloresnoar.com\/floresnoar\/wp-json\/wp\/v2\/posts\/45322"}],"collection":[{"href":"https:\/\/portalfloresnoar.com\/floresnoar\/wp-json\/wp\/v2\/posts"}],"about":[{"href":"https:\/\/portalfloresnoar.com\/floresnoar\/wp-json\/wp\/v2\/types\/post"}],"author":[{"embeddable":true,"href":"https:\/\/portalfloresnoar.com\/floresnoar\/wp-json\/wp\/v2\/users\/1"}],"replies":[{"embeddable":true,"href":"https:\/\/portalfloresnoar.com\/floresnoar\/wp-json\/wp\/v2\/comments?post=45322"}],"version-history":[{"count":7,"href":"https:\/\/portalfloresnoar.com\/floresnoar\/wp-json\/wp\/v2\/posts\/45322\/revisions"}],"predecessor-version":[{"id":45332,"href":"https:\/\/portalfloresnoar.com\/floresnoar\/wp-json\/wp\/v2\/posts\/45322\/revisions\/45332"}],"wp:featuredmedia":[{"embeddable":true,"href":"https:\/\/portalfloresnoar.com\/floresnoar\/wp-json\/wp\/v2\/media\/45324"}],"wp:attachment":[{"href":"https:\/\/portalfloresnoar.com\/floresnoar\/wp-json\/wp\/v2\/media?parent=45322"}],"wp:term":[{"taxonomy":"category","embeddable":true,"href":"https:\/\/portalfloresnoar.com\/floresnoar\/wp-json\/wp\/v2\/categories?post=45322"},{"taxonomy":"post_tag","embeddable":true,"href":"https:\/\/portalfloresnoar.com\/floresnoar\/wp-json\/wp\/v2\/tags?post=45322"}],"curies":[{"name":"wp","href":"https:\/\/api.w.org\/{rel}","templated":true}]}}