

{"id":45318,"date":"2024-08-26T18:26:33","date_gmt":"2024-08-26T21:26:33","guid":{"rendered":"https:\/\/portalfloresnoar.com\/floresnoar\/?p=45318"},"modified":"2024-08-26T18:32:13","modified_gmt":"2024-08-26T21:32:13","slug":"puc-rs-oferece-curso-on-line-gratuito-de-comunicacao-nao-violenta","status":"publish","type":"post","link":"https:\/\/portalfloresnoar.com\/floresnoar\/puc-rs-oferece-curso-on-line-gratuito-de-comunicacao-nao-violenta\/","title":{"rendered":"PUC RS oferece curso on-line gratuito de Comunica\u00e7\u00e3o N\u00e3o Violenta"},"content":{"rendered":"<p><img decoding=\"async\" loading=\"lazy\" class=\"aligncenter size-large wp-image-45319\" src=\"https:\/\/portalfloresnoar.com\/floresnoar\/wp-content\/uploads\/2024\/08\/curso-comunicacao-nao-violenta-700x441.png\" alt=\"\" width=\"700\" height=\"441\" srcset=\"https:\/\/portalfloresnoar.com\/floresnoar\/wp-content\/uploads\/2024\/08\/curso-comunicacao-nao-violenta-700x441.png 700w, https:\/\/portalfloresnoar.com\/floresnoar\/wp-content\/uploads\/2024\/08\/curso-comunicacao-nao-violenta-300x189.png 300w, https:\/\/portalfloresnoar.com\/floresnoar\/wp-content\/uploads\/2024\/08\/curso-comunicacao-nao-violenta-768x483.png 768w, https:\/\/portalfloresnoar.com\/floresnoar\/wp-content\/uploads\/2024\/08\/curso-comunicacao-nao-violenta-1536x967.png 1536w, https:\/\/portalfloresnoar.com\/floresnoar\/wp-content\/uploads\/2024\/08\/curso-comunicacao-nao-violenta.png 1584w\" sizes=\"(max-width: 700px) 100vw, 700px\" \/><\/p>\n<p>Entre os v\u00e1rios bons cursos gratuitos oferecidos pela Pontif\u00edcia Universidade Cat\u00f3lica do Rio Grande do Sul, est\u00e1 dispon\u00edvel o curso &#8216;Comunica\u00e7\u00e3o N\u00e3o Violenta, Empatia e Coopera\u00e7\u00e3o&#8217;, ministrado pela mediadora de conflitos, e fundadora do Instituto Ti\u00ea, Carolina Nalon, e Val\u00e9ria Santoro, professora da PUCRS.<\/p>\n<p>O curso aborda a comunica\u00e7\u00e3o emp\u00e1tica e cooperativa, a express\u00e3o de sentimentos e necessidades, o uso incorreto do medo, da vergonha, da acusa\u00e7\u00e3o, do erro, da coer\u00e7\u00e3o, das exig\u00eancias ou amea\u00e7as no processo comunicacional e as estrat\u00e9gias para uma comunica\u00e7\u00e3o n\u00e3o violenta.<\/p>\n<p>O curso tem carga hor\u00e1ria de 10 horas, \u00e9 totalmente on-line, e confere certificado.<\/p>\n<p><strong>Inscri\u00e7\u00f5es gratuitas no link:<\/strong><br \/>\n<a href=\"https:\/\/online.pucrs.br\/formacao-gratuita\/comunicacao-nao-violenta-empatia-e-cooperacao\" target=\"_blank\" rel=\"noopener\">https:\/\/online.pucrs.br\/formacao-gratuita\/comunicacao-nao-violenta-empatia-e-cooperacaohttps:\/\/online.pucrs.br\/formacao-gratuita<\/a><\/p>\n","protected":false},"excerpt":{"rendered":"<p>Entre os v\u00e1rios bons cursos gratuitos oferecidos pela Pontif\u00edcia Universidade Cat\u00f3lica do Rio Grande do Sul, est\u00e1 dispon\u00edvel o curso &#8216;Comunica\u00e7\u00e3o N\u00e3o Violenta, Empatia e Coopera\u00e7\u00e3o&#8217;, ministrado pela mediadora de conflitos, e fundadora do Instituto Ti\u00ea, Carolina Nalon, e Val\u00e9ria Santoro, professora da PUCRS. O curso aborda a comunica\u00e7\u00e3o emp\u00e1tica e cooperativa, a express\u00e3o de [&hellip;]<\/p>\n","protected":false},"author":1,"featured_media":45319,"comment_status":"open","ping_status":"open","sticky":false,"template":"","format":"standard","meta":{"om_disable_all_campaigns":false,"_monsterinsights_skip_tracking":false,"_monsterinsights_sitenote_active":false,"_monsterinsights_sitenote_note":"","_monsterinsights_sitenote_category":0,"footnotes":""},"categories":[9],"tags":[1529,49,1528,167,1085],"acf":[],"publishpress_future_action":{"enabled":false,"date":"1969-12-31 21:00:00","action":"","terms":[],"taxonomy":"","browser_timezone_offset":0},"_links":{"self":[{"href":"https:\/\/portalfloresnoar.com\/floresnoar\/wp-json\/wp\/v2\/posts\/45318"}],"collection":[{"href":"https:\/\/portalfloresnoar.com\/floresnoar\/wp-json\/wp\/v2\/posts"}],"about":[{"href":"https:\/\/portalfloresnoar.com\/floresnoar\/wp-json\/wp\/v2\/types\/post"}],"author":[{"embeddable":true,"href":"https:\/\/portalfloresnoar.com\/floresnoar\/wp-json\/wp\/v2\/users\/1"}],"replies":[{"embeddable":true,"href":"https:\/\/portalfloresnoar.com\/floresnoar\/wp-json\/wp\/v2\/comments?post=45318"}],"version-history":[{"count":2,"href":"https:\/\/portalfloresnoar.com\/floresnoar\/wp-json\/wp\/v2\/posts\/45318\/revisions"}],"predecessor-version":[{"id":45321,"href":"https:\/\/portalfloresnoar.com\/floresnoar\/wp-json\/wp\/v2\/posts\/45318\/revisions\/45321"}],"wp:featuredmedia":[{"embeddable":true,"href":"https:\/\/portalfloresnoar.com\/floresnoar\/wp-json\/wp\/v2\/media\/45319"}],"wp:attachment":[{"href":"https:\/\/portalfloresnoar.com\/floresnoar\/wp-json\/wp\/v2\/media?parent=45318"}],"wp:term":[{"taxonomy":"category","embeddable":true,"href":"https:\/\/portalfloresnoar.com\/floresnoar\/wp-json\/wp\/v2\/categories?post=45318"},{"taxonomy":"post_tag","embeddable":true,"href":"https:\/\/portalfloresnoar.com\/floresnoar\/wp-json\/wp\/v2\/tags?post=45318"}],"curies":[{"name":"wp","href":"https:\/\/api.w.org\/{rel}","templated":true}]}}