

{"id":45311,"date":"2025-08-03T07:04:30","date_gmt":"2025-08-03T10:04:30","guid":{"rendered":"https:\/\/portalfloresnoar.com\/floresnoar\/?p=45311"},"modified":"2025-08-07T13:10:23","modified_gmt":"2025-08-07T16:10:23","slug":"agenda-pe-sessoes-de-arteterapia-em-boa-viagem-com-lu-rabelo","status":"publish","type":"post","link":"https:\/\/portalfloresnoar.com\/floresnoar\/agenda-pe-sessoes-de-arteterapia-em-boa-viagem-com-lu-rabelo\/","title":{"rendered":"[AGENDA PE] Sess\u00f5es de Arteterapia on-line com Lu Rabelo"},"content":{"rendered":"<p><img decoding=\"async\" loading=\"lazy\" class=\"aligncenter size-large wp-image-45312\" src=\"https:\/\/portalfloresnoar.com\/floresnoar\/wp-content\/uploads\/2024\/08\/arteterapia-em-setubal-boa-viagem-recife-edit-560x700.jpg\" alt=\"\" width=\"560\" height=\"700\" srcset=\"https:\/\/portalfloresnoar.com\/floresnoar\/wp-content\/uploads\/2024\/08\/arteterapia-em-setubal-boa-viagem-recife-edit-560x700.jpg 560w, https:\/\/portalfloresnoar.com\/floresnoar\/wp-content\/uploads\/2024\/08\/arteterapia-em-setubal-boa-viagem-recife-edit-240x300.jpg 240w, https:\/\/portalfloresnoar.com\/floresnoar\/wp-content\/uploads\/2024\/08\/arteterapia-em-setubal-boa-viagem-recife-edit-768x960.jpg 768w, https:\/\/portalfloresnoar.com\/floresnoar\/wp-content\/uploads\/2024\/08\/arteterapia-em-setubal-boa-viagem-recife-edit.jpg 1080w\" sizes=\"(max-width: 560px) 100vw, 560px\" \/>A arteterapeuta e cantadeira Lu Rabelo est\u00e1 oferecendo viv\u00eancias arteterap\u00eauticas individuais voltadas para jovens e adultos, de modo on-line.<\/p>\n<p>As pessoas interessadas podem optar tanto pelo formato de terapia breve, onde no primeiro atendimento \u00e9 combinado um pacote de sess\u00f5es, de acordo com a necessidade de cada cliente; e tamb\u00e9m de forma continuada.<\/p>\n<p>\u201cNos encontros estimulo a express\u00e3o criativa e a movimenta\u00e7\u00e3o corporal, visando a conex\u00e3o com as emo\u00e7\u00f5es, e o aprofundamento no autoconhecimento e no autocuidado\u201d, explica Lu, que utiliza, al\u00e9m das t\u00e9cnicas arteterap\u00eauticas, lan\u00e7a m\u00e3o tamb\u00e9m de pr\u00e1ticas de Yogaterapia e recursos da Aromaterapia e do Herbalismo.<\/p>\n<p>A arteterapeuta informa que s\u00e3o utilizadas v\u00e1rias linguagens art\u00edsticas nos atendimentos, a depender de cada pessoa. Ela lembra, ainda, que na Arteterapia o foco \u00e9 a sa\u00fade, n\u00e3o sendo necess\u00e1ria a preocupa\u00e7\u00e3o com a est\u00e9tica art\u00edstica, e sim com o livre fluir da express\u00e3o.<\/p>\n<p>CONHE\u00c7A UM POUCO DAS TERAPIAS UTILIZADAS!<\/p>\n<p><strong>Arteterapia<\/strong>\u00a0\u2013 A Arteterapia faz uso das diversas linguagens art\u00edsticas (pintura, desenho, colagem, dan\u00e7a, m\u00fasica, teatro, modelagem, fotografia, escrita criativa, costura\u2026), estimulando a express\u00e3o criativa, tendo como foco a sa\u00fade, n\u00e3o havendo preocupa\u00e7\u00e3o com a est\u00e9tica art\u00edstica, mas sim com o conte\u00fado simb\u00f3lico que aparece. \u201cNa Arteterapia n\u00e3o tem certo nem errado, feio nem bonito. O que vale \u00e9 a express\u00e3o,\u201d explica Lu.<\/p>\n<p><strong>Yogaterapia<\/strong> \u2013 A partir dos fundamentos do Yoga, s\u00e3o praticados terap\u00eauticamente os \u00e1sanas (posturas), pranayamas (exerc\u00edcios respirat\u00f3rios), mantras e medita\u00e7\u00e3o, com o intuito de promover a autoescuta, o movimento corporal, e o equil\u00edbrio energ\u00e9tico, emocional e mental.<\/p>\n<p><strong>Aromaterapia e Herbalismo<\/strong>\u00a0\u2013 A terapeuta orienta sobre o uso de plantas e \u00f3leos medicinais, atrav\u00e9s de banhos de assento, escalda-p\u00e9s, banhos de ervas, vaporiza\u00e7\u00e3o do \u00fatero, automassagem, uso de ch\u00e1s, temperos, perfumes naturais e defuma\u00e7\u00e3o, entre outras pr\u00e1ticas em comunh\u00e3o com a Natureza.<\/p>\n<p><strong>SOBRE A TERAPEUTA<\/strong><\/p>\n<p><img decoding=\"async\" loading=\"lazy\" class=\"size-full wp-image-45020 alignleft\" src=\"https:\/\/portalfloresnoar.com\/floresnoar\/wp-content\/uploads\/2023\/08\/Lu-Rabelo-arteterapeuta-foto-Andre-Occenstein-2.png\" sizes=\"(max-width: 300px) 100vw, 300px\" srcset=\"https:\/\/portalfloresnoar.com\/floresnoar\/wp-content\/uploads\/2023\/08\/Lu-Rabelo-arteterapeuta-foto-Andre-Occenstein-2.png 300w, https:\/\/portalfloresnoar.com\/floresnoar\/wp-content\/uploads\/2023\/08\/Lu-Rabelo-arteterapeuta-foto-Andre-Occenstein-2-150x150.png 150w, https:\/\/portalfloresnoar.com\/floresnoar\/wp-content\/uploads\/2023\/08\/Lu-Rabelo-arteterapeuta-foto-Andre-Occenstein-2-100x100.png 100w\" alt=\"\" width=\"300\" height=\"300\" \/><\/p>\n<p>&nbsp;<\/p>\n<p><strong>Lu Rabelo<\/strong>\u00a0\u00e9 m\u00e3e de Luana e Ravi. Canta, escreve, declama, reza, planta, dan\u00e7a. Estuda Herbalismo, Tarot, Sonhos, Astrologia, Palha\u00e7aria\u2026 \u00c9 formada em Jornalismo, p\u00f3s-graduada em Arteterapia, e tem forma\u00e7\u00e3o em Yogaterapia, Aromaterapia e Reiki. \u00c9 docente da disciplina de Cultura Popular nas Forma\u00e7\u00f5es em Arteterapia pela Tra\u00e7os \u2013 Estudos em Arteterapia e pela Terapiarte\/ Faculdade Unyp\u00fablica, ambas no Recife. \u00c9 guardi\u00e3 do\u00a0<a href=\"https:\/\/portalfloresnoar.com\/floresnoar\" target=\"_blank\" rel=\"noopener\">Portal Flores no Ar,<\/a>\u00a0brincante em\u00a0<a href=\"https:\/\/www.instagram.com\/as_cumade\/\" target=\"_blank\" rel=\"noopener\">As Cumade<\/a>, herbalista no\u00a0<a href=\"https:\/\/www.instagram.com\/feitiolunar\/\" target=\"_blank\" rel=\"noopener\">Feitio Lunar<\/a>\u00a0e poeta no projeto\u00a0<a href=\"https:\/\/www.instagram.com\/cordeldotarot\/\" target=\"_blank\" rel=\"noopener\">Cordel do Tarot<\/a>.<\/p>\n<p>&nbsp;<\/p>\n<p>&nbsp;<\/p>\n<p>&nbsp;<\/p>\n<p>INVESTIMENTO<br \/>\n<strong>Valor da sess\u00e3o:<\/strong>\u00a0R$ 150,00 (sess\u00e3o de 60 minutos)<\/p>\n<p><strong>AGENDAMENTOS E MAIS INFORMA\u00c7\u00d5ES<\/strong><br \/>\n<strong>WhatsApp<\/strong>: <a href=\"https:\/\/api.whatsapp.com\/send\/?phone=558199669188&amp;type=phone_number&amp;app_absent=0\" target=\"_blank\" rel=\"noopener\">(81) 999669188<\/a><br \/>\n<strong>Instagram<\/strong>:\u00a0<a href=\"https:\/\/www.instagram.com\/jardimarteterapeutico\/\" target=\"_blank\" rel=\"noopener\">@jardim.arteterapeutico<\/a><br \/>\n<strong>Local de atendimento:<\/strong> On-line e no Recife (presencial)<\/p>\n","protected":false},"excerpt":{"rendered":"<p>A arteterapeuta e cantadeira Lu Rabelo est\u00e1 oferecendo viv\u00eancias arteterap\u00eauticas individuais voltadas para jovens e adultos, de modo on-line. As pessoas interessadas podem optar tanto pelo formato de terapia breve, onde no primeiro atendimento \u00e9 combinado um pacote de sess\u00f5es, de acordo com a necessidade de cada cliente; e tamb\u00e9m de forma continuada. \u201cNos encontros [&hellip;]<\/p>\n","protected":false},"author":1,"featured_media":43892,"comment_status":"open","ping_status":"open","sticky":false,"template":"","format":"standard","meta":{"om_disable_all_campaigns":false,"_monsterinsights_skip_tracking":false,"_monsterinsights_sitenote_active":false,"_monsterinsights_sitenote_note":"","_monsterinsights_sitenote_category":0,"footnotes":""},"categories":[8,214],"tags":[73,34,127,165],"acf":[],"publishpress_future_action":{"enabled":false,"date":"1969-12-31 21:00:00","action":"","terms":[],"taxonomy":"","browser_timezone_offset":0},"_links":{"self":[{"href":"https:\/\/portalfloresnoar.com\/floresnoar\/wp-json\/wp\/v2\/posts\/45311"}],"collection":[{"href":"https:\/\/portalfloresnoar.com\/floresnoar\/wp-json\/wp\/v2\/posts"}],"about":[{"href":"https:\/\/portalfloresnoar.com\/floresnoar\/wp-json\/wp\/v2\/types\/post"}],"author":[{"embeddable":true,"href":"https:\/\/portalfloresnoar.com\/floresnoar\/wp-json\/wp\/v2\/users\/1"}],"replies":[{"embeddable":true,"href":"https:\/\/portalfloresnoar.com\/floresnoar\/wp-json\/wp\/v2\/comments?post=45311"}],"version-history":[{"count":6,"href":"https:\/\/portalfloresnoar.com\/floresnoar\/wp-json\/wp\/v2\/posts\/45311\/revisions"}],"predecessor-version":[{"id":45988,"href":"https:\/\/portalfloresnoar.com\/floresnoar\/wp-json\/wp\/v2\/posts\/45311\/revisions\/45988"}],"wp:featuredmedia":[{"embeddable":true,"href":"https:\/\/portalfloresnoar.com\/floresnoar\/wp-json\/wp\/v2\/media\/43892"}],"wp:attachment":[{"href":"https:\/\/portalfloresnoar.com\/floresnoar\/wp-json\/wp\/v2\/media?parent=45311"}],"wp:term":[{"taxonomy":"category","embeddable":true,"href":"https:\/\/portalfloresnoar.com\/floresnoar\/wp-json\/wp\/v2\/categories?post=45311"},{"taxonomy":"post_tag","embeddable":true,"href":"https:\/\/portalfloresnoar.com\/floresnoar\/wp-json\/wp\/v2\/tags?post=45311"}],"curies":[{"name":"wp","href":"https:\/\/api.w.org\/{rel}","templated":true}]}}