

{"id":45308,"date":"2024-08-21T16:21:52","date_gmt":"2024-08-21T19:21:52","guid":{"rendered":"https:\/\/portalfloresnoar.com\/floresnoar\/?p=45308"},"modified":"2025-01-16T20:46:11","modified_gmt":"2025-01-16T23:46:11","slug":"video-documentario-mulher-sagrada-compartilha-os-saberes-e-a-ancestralidade-feminina","status":"publish","type":"post","link":"https:\/\/portalfloresnoar.com\/floresnoar\/video-documentario-mulher-sagrada-compartilha-os-saberes-e-a-ancestralidade-feminina\/","title":{"rendered":"Document\u00e1rio &#8216;Mulher Sagrada&#8217; compartilha os saberes e a ancestralidade feminina"},"content":{"rendered":"<p><iframe loading=\"lazy\" title=\"YouTube video player\" src=\"https:\/\/www.youtube.com\/embed\/1vgf9NR3M2U?si=EL3MHKccAc3v_iMv\" width=\"560\" height=\"315\" frameborder=\"0\" allowfullscreen=\"allowfullscreen\"><\/iframe><\/p>\n<p>O processo imersivo de oito mulheres multiartistas em seus sagrados, saberes e ancestralidades \u00e9 compartilhado no document\u00e1rio MULHER SAGRADA. O filme \u00e9 dirigido e produzido por Naiara Gramacho, e tem dire\u00e7\u00e3o de fotografia, grava\u00e7\u00e3o, edi\u00e7\u00e3o e finaliza\u00e7\u00e3o de Mariana Cabral.<\/p>\n<p>As artistas que participam do document\u00e1rio e que contam sobre os seus floresceres s\u00e3o: Naiara Gramacho, Adriana Gabriela, Ana Diniz, Thainara Sena, Adriana Duchat, Mariane Nunes, Paula Pereira e S\u00e1via Luz Cabocla.<\/p>\n<p>O document\u00e1rio contou com o incentivo financeiro do Governo do Estado da Bahia, atrav\u00e9s da Secretaria de Cultura via Lei Paulo Gustavo, direcionada pelo Minist\u00e9rio da Cultura.<\/p>\n<p><strong>Mais informa\u00e7\u00f5es sobre o projeto no perfil do Instagram:<\/strong> <a href=\"https:\/\/www.instagram.com\/_mulher.sagrada\/\" target=\"_blank\" rel=\"noopener\">@_mulher.sagrada<\/a><\/p>\n","protected":false},"excerpt":{"rendered":"<p>O processo imersivo de oito mulheres multiartistas em seus sagrados, saberes e ancestralidades \u00e9 compartilhado no document\u00e1rio MULHER SAGRADA. O filme \u00e9 dirigido e produzido por Naiara Gramacho, e tem dire\u00e7\u00e3o de fotografia, grava\u00e7\u00e3o, edi\u00e7\u00e3o e finaliza\u00e7\u00e3o de Mariana Cabral. As artistas que participam do document\u00e1rio e que contam sobre os seus floresceres s\u00e3o: Naiara [&hellip;]<\/p>\n","protected":false},"author":1,"featured_media":45309,"comment_status":"open","ping_status":"open","sticky":false,"template":"","format":"standard","meta":{"om_disable_all_campaigns":false,"_monsterinsights_skip_tracking":false,"_monsterinsights_sitenote_active":false,"_monsterinsights_sitenote_note":"","_monsterinsights_sitenote_category":0,"footnotes":""},"categories":[224,14],"tags":[172,121,1178,22,238],"acf":[],"publishpress_future_action":{"enabled":false,"date":"1969-12-31 21:00:00","action":"","terms":[],"taxonomy":"","browser_timezone_offset":0},"_links":{"self":[{"href":"https:\/\/portalfloresnoar.com\/floresnoar\/wp-json\/wp\/v2\/posts\/45308"}],"collection":[{"href":"https:\/\/portalfloresnoar.com\/floresnoar\/wp-json\/wp\/v2\/posts"}],"about":[{"href":"https:\/\/portalfloresnoar.com\/floresnoar\/wp-json\/wp\/v2\/types\/post"}],"author":[{"embeddable":true,"href":"https:\/\/portalfloresnoar.com\/floresnoar\/wp-json\/wp\/v2\/users\/1"}],"replies":[{"embeddable":true,"href":"https:\/\/portalfloresnoar.com\/floresnoar\/wp-json\/wp\/v2\/comments?post=45308"}],"version-history":[{"count":3,"href":"https:\/\/portalfloresnoar.com\/floresnoar\/wp-json\/wp\/v2\/posts\/45308\/revisions"}],"predecessor-version":[{"id":45581,"href":"https:\/\/portalfloresnoar.com\/floresnoar\/wp-json\/wp\/v2\/posts\/45308\/revisions\/45581"}],"wp:featuredmedia":[{"embeddable":true,"href":"https:\/\/portalfloresnoar.com\/floresnoar\/wp-json\/wp\/v2\/media\/45309"}],"wp:attachment":[{"href":"https:\/\/portalfloresnoar.com\/floresnoar\/wp-json\/wp\/v2\/media?parent=45308"}],"wp:term":[{"taxonomy":"category","embeddable":true,"href":"https:\/\/portalfloresnoar.com\/floresnoar\/wp-json\/wp\/v2\/categories?post=45308"},{"taxonomy":"post_tag","embeddable":true,"href":"https:\/\/portalfloresnoar.com\/floresnoar\/wp-json\/wp\/v2\/tags?post=45308"}],"curies":[{"name":"wp","href":"https:\/\/api.w.org\/{rel}","templated":true}]}}