

{"id":45303,"date":"2024-08-20T17:58:05","date_gmt":"2024-08-20T20:58:05","guid":{"rendered":"https:\/\/portalfloresnoar.com\/floresnoar\/?p=45303"},"modified":"2024-08-20T17:58:05","modified_gmt":"2024-08-20T20:58:05","slug":"a-historia-da-maestrina-rosa-pau-ferro-e-contada-em-filme","status":"publish","type":"post","link":"https:\/\/portalfloresnoar.com\/floresnoar\/a-historia-da-maestrina-rosa-pau-ferro-e-contada-em-filme\/","title":{"rendered":"A hist\u00f3ria da maestrina Rosa Pau-ferro \u00e9 contada em filme"},"content":{"rendered":"<p><iframe loading=\"lazy\" title=\"YouTube video player\" src=\"https:\/\/www.youtube.com\/embed\/9WP3gJApouk?si=BoHrUqV0wm8dC7tc\" width=\"560\" height=\"315\" frameborder=\"0\" allowfullscreen=\"allowfullscreen\"><span data-mce-type=\"bookmark\" style=\"display: inline-block; width: 0px; overflow: hidden; line-height: 0;\" class=\"mce_SELRES_start\">\ufeff<\/span><\/iframe><\/p>\n<p>Est\u00e1 no ar o filme <a href=\"https:\/\/www.youtube.com\/watch?v=9WP3gJApouk\" target=\"_blank\" rel=\"noopener\">&#8216;Tia Preta, A Rosa da Serra&#8217;<\/a>, que narra a trajet\u00f3ria de Rosa Pau-ferro e sua contribui\u00e7\u00e3o no desenvolvimento de Serra Talhada, como maestrina e professora de m\u00fasica aclamada. O filme foi idealizado e dirigido por Carlos Sett e produzido pela ETEAST Produ\u00e7\u00f5es, contando com o incentivo da Lei Paulo Gustavo\/ Serra Palhada\/PE \u2013 Edital Oliveiro Burrego de Audiovisual.<\/p>\n<p>&#8220;A maestrina Rosa Pau-ferro do Nascimento &#8211; mulher negra, franzina e de poucas posses &#8211; possu\u00eda uma aura angelical e sempre trazia um sorriso iluminado na face. Conhecida carinhosamente por &#8216;Tia Preta&#8217;, ela foi uma pessoa de intelig\u00eancia admir\u00e1vel e que muito fez pela m\u00fasica, e pelos menos favorecidos atrav\u00e9s de seu trabalho volunt\u00e1rio na Casa dos Pobres, localizada no munic\u00edpio de Serra Talhada, no Sert\u00e3o pernambucano. Rosa Pau-ferro veio ao mundo em 17 de agosto de 1903, na Fazenda Ic\u00f3, zona rural do munic\u00edpio de Triunfo, para se tornar, por talento e esfor\u00e7os magistrais, uma maestrina conceituada e respeitada&#8221;, conta Carlos Sett, informando que a maestrina faleceu no dia 02 de agosto de 1994.<\/p>\n<p>O filme \u00e9 composto de apresenta\u00e7\u00e3o biogr\u00e1fica, dramatiza\u00e7\u00e3o de cenas, entrevistas e fotografias. &#8220;Todos os envolvidos na realiza\u00e7\u00e3o da obra &#8211; roteiristas, entrevistados, elenco, dire\u00e7\u00e3o de fotografia, e demais profissionais &#8211; s\u00e3o serra-talhadenses, transformando a obra audiovisual numa singela homenagem \u00e0 mem\u00f3ria de Rosa Pau-ferro, uma hero\u00edna de seu tempo, que merece ser conhecida e reverenciada pelas novas gera\u00e7\u00f5es&#8221;, ressalta Sett.<\/p>\n<p>Assista ao filme completo acima deste texto, ou atrav\u00e9s deste link: <a href=\"https:\/\/youtu.be\/9WP3gJApouk?si=SLEU3opTAJSvYM_G\" target=\"_blank\" rel=\"noopener\">https:\/\/youtu.be\/9WP3gJApouk?si=SLEU3opTAJSvYM_G<\/a><\/p>\n","protected":false},"excerpt":{"rendered":"<p>\ufeff Est\u00e1 no ar o filme &#8216;Tia Preta, A Rosa da Serra&#8217;, que narra a trajet\u00f3ria de Rosa Pau-ferro e sua contribui\u00e7\u00e3o no desenvolvimento de Serra Talhada, como maestrina e professora de m\u00fasica aclamada. O filme foi idealizado e dirigido por Carlos Sett e produzido pela ETEAST Produ\u00e7\u00f5es, contando com o incentivo da Lei Paulo [&hellip;]<\/p>\n","protected":false},"author":1,"featured_media":45306,"comment_status":"open","ping_status":"open","sticky":false,"template":"","format":"standard","meta":{"om_disable_all_campaigns":false,"_monsterinsights_skip_tracking":false,"_monsterinsights_sitenote_active":false,"_monsterinsights_sitenote_note":"","_monsterinsights_sitenote_category":0,"footnotes":""},"categories":[14],"tags":[121,123,426],"acf":[],"publishpress_future_action":{"enabled":false,"date":"1969-12-31 21:00:00","action":"","terms":[],"taxonomy":"","browser_timezone_offset":0},"_links":{"self":[{"href":"https:\/\/portalfloresnoar.com\/floresnoar\/wp-json\/wp\/v2\/posts\/45303"}],"collection":[{"href":"https:\/\/portalfloresnoar.com\/floresnoar\/wp-json\/wp\/v2\/posts"}],"about":[{"href":"https:\/\/portalfloresnoar.com\/floresnoar\/wp-json\/wp\/v2\/types\/post"}],"author":[{"embeddable":true,"href":"https:\/\/portalfloresnoar.com\/floresnoar\/wp-json\/wp\/v2\/users\/1"}],"replies":[{"embeddable":true,"href":"https:\/\/portalfloresnoar.com\/floresnoar\/wp-json\/wp\/v2\/comments?post=45303"}],"version-history":[{"count":3,"href":"https:\/\/portalfloresnoar.com\/floresnoar\/wp-json\/wp\/v2\/posts\/45303\/revisions"}],"predecessor-version":[{"id":45307,"href":"https:\/\/portalfloresnoar.com\/floresnoar\/wp-json\/wp\/v2\/posts\/45303\/revisions\/45307"}],"wp:featuredmedia":[{"embeddable":true,"href":"https:\/\/portalfloresnoar.com\/floresnoar\/wp-json\/wp\/v2\/media\/45306"}],"wp:attachment":[{"href":"https:\/\/portalfloresnoar.com\/floresnoar\/wp-json\/wp\/v2\/media?parent=45303"}],"wp:term":[{"taxonomy":"category","embeddable":true,"href":"https:\/\/portalfloresnoar.com\/floresnoar\/wp-json\/wp\/v2\/categories?post=45303"},{"taxonomy":"post_tag","embeddable":true,"href":"https:\/\/portalfloresnoar.com\/floresnoar\/wp-json\/wp\/v2\/tags?post=45303"}],"curies":[{"name":"wp","href":"https:\/\/api.w.org\/{rel}","templated":true}]}}