

{"id":45279,"date":"2024-02-15T10:41:00","date_gmt":"2024-02-15T13:41:00","guid":{"rendered":"https:\/\/portalfloresnoar.com\/floresnoar\/?p=45279"},"modified":"2024-09-23T19:56:27","modified_gmt":"2024-09-23T22:56:27","slug":"agenda-pe-nova-turma-do-curso-on-line-de-teoria-e-pratica-do-tarot-comeca-em-setembro","status":"publish","type":"post","link":"https:\/\/portalfloresnoar.com\/floresnoar\/agenda-pe-nova-turma-do-curso-on-line-de-teoria-e-pratica-do-tarot-comeca-em-setembro\/","title":{"rendered":"[AGENDA PE] Nova turma do \u2018Curso On-line de Teoria e Pr\u00e1tica do Tarot\u2019 come\u00e7a em setembro"},"content":{"rendered":"<figure id=\"attachment_39670\" aria-describedby=\"caption-attachment-39670\" style=\"width: 630px\" class=\"wp-caption aligncenter\"><img decoding=\"async\" loading=\"lazy\" class=\"wp-image-39670 \" src=\"https:\/\/portalfloresnoar.com\/floresnoar\/wp-content\/uploads\/2021\/05\/tarot-no-recife-700x700.jpeg\" alt=\"\" width=\"630\" height=\"630\" srcset=\"https:\/\/portalfloresnoar.com\/floresnoar\/wp-content\/uploads\/2021\/05\/tarot-no-recife-700x700.jpeg 700w, https:\/\/portalfloresnoar.com\/floresnoar\/wp-content\/uploads\/2021\/05\/tarot-no-recife-150x150.jpeg 150w, https:\/\/portalfloresnoar.com\/floresnoar\/wp-content\/uploads\/2021\/05\/tarot-no-recife-300x300.jpeg 300w, https:\/\/portalfloresnoar.com\/floresnoar\/wp-content\/uploads\/2021\/05\/tarot-no-recife-768x768.jpeg 768w, https:\/\/portalfloresnoar.com\/floresnoar\/wp-content\/uploads\/2021\/05\/tarot-no-recife-100x100.jpeg 100w, https:\/\/portalfloresnoar.com\/floresnoar\/wp-content\/uploads\/2021\/05\/tarot-no-recife.jpeg 1280w\" sizes=\"(max-width: 630px) 100vw, 630px\" \/><figcaption id=\"caption-attachment-39670\" class=\"wp-caption-text\">O curso \u00e9 ministrado pela tar\u00f3loga Sabrina Carvalho.<\/figcaption><\/figure>\n<p>A\u00a0<a href=\"https:\/\/www.instagram.com\/carcaratarot\/\" target=\"_blank\" rel=\"noopener\">Carcar\u00e1 \u2013 Escola de Tarot<\/a> inicia no dia 14 de setembro de 2024 uma nova turma do Curso On-line de Teoria e Pr\u00e1tica do Tarot. As aulas ser\u00e3o ministradas pela tar\u00f3loga Sabrina Carvalho, durante seis meses, aos s\u00e1bados pela manh\u00e3, das 10h \u00e0s 12h.<\/p>\n<p>O curso \u00e9 voltado tanto para quem quer exercer a profiss\u00e3o de tar\u00f3loga(o), como tamb\u00e9m para as pessoas que desejam apenas se aprofundar nos conhecimentos do Tarot.<\/p>\n<p>Entendendo o Tarot como um instrumento sagrado de autoconhecimento e desenvolvimento pessoal, as aulas visam introduzir e aprofundar o tema, a partir de mergulho na hist\u00f3ria do Tarot e nas variantes te\u00f3ricas que acercam o universo tarol\u00f3gico, enfatizando a simbologia das 78 cartas (Arcanos Maiores e Menores), al\u00e9m da realiza\u00e7\u00e3o de exerc\u00edcios pr\u00e1ticos, com m\u00e9todos de tiragens.<\/p>\n<p>As aulas s\u00e3o ao vivo, semanalmente, e acontecem atrav\u00e9s da plataforma de videoconfer\u00eancia Zoom. Mas quem n\u00e3o conseguir assistir ao vivo, tem acesso \u00e0s aulas gravadas pelo per\u00edodo de 1 ano. O curso tamb\u00e9m conta com uma biblioteca virtual com livros cl\u00e1ssicos e contempor\u00e2neos para apoiar no aprofundamento dos estudos.<\/p>\n<p>SERVI\u00c7O<br \/>\n<strong>Curso On-line de Teoria e Pr\u00e1tica do Tarot<\/strong><br \/>\n<strong>In\u00edcio:<\/strong> 14\/09\/2024 (S\u00e1bado)<br \/>\n<strong>Dura\u00e7\u00e3o do curso:<\/strong>\u00a06 meses<br \/>\n<strong>Dia\/Hor\u00e1rio das aulas:<\/strong>\u00a0S\u00e1bados, das 10h \u00e0s 12h<br \/>\n<strong>Local:<\/strong>\u00a0Plataforma de videoconfer\u00eancia Zoom<br \/>\nInvestimento: 6x de R$ 350,00* (boleto)<br \/>\n<em>* Pagamento do valor completo tem desconto!<\/em><\/p>\n<p><em>Obs.1: Todas as aulas ser\u00e3o gravadas, e o acesso \u00e0 biblioteca virtual e \u00e0s aulas gravadas fica dispon\u00edvel pelo per\u00edodo de 1 ano.<\/em><\/p>\n<p><em>Obs.2: O curso fornece certificado!<\/em><\/p>\n<p>INSCRI\u00c7\u00d5ES E MAIS INFORMA\u00c7\u00d5ES<br \/>\n<strong>Fone\/ WhatsApp:<\/strong>\u00a0(81) 99965.4458<br \/>\n<strong>E-mail:<\/strong>\u00a0carcaratarot@gmail.com<br \/>\n<strong>Instagram:<\/strong>\u00a0<a href=\"https:\/\/www.instagram.com\/carcaratarot\/\">@carcaratarot<\/a><\/p>\n<p>&nbsp;<\/p>\n<div class=\"fb-like-wrp\">\n<div class=\"fb-like fb_iframe_widget\" data-href=\"https:\/\/portalfloresnoar.com\/floresnoar\/agenda-pe-nova-turma-do-curso-on-line-de-teoria-e-pratica-do-tarot-comeca-em-agosto\/\" data-layout=\"standard\" data-action=\"like\" data-size=\"small\" data-show-faces=\"true\" data-share=\"true\"><\/div>\n<\/div>\n","protected":false},"excerpt":{"rendered":"<p>A\u00a0Carcar\u00e1 \u2013 Escola de Tarot inicia no dia 14 de setembro de 2024 uma nova turma do Curso On-line de Teoria e Pr\u00e1tica do Tarot. As aulas ser\u00e3o ministradas pela tar\u00f3loga Sabrina Carvalho, durante seis meses, aos s\u00e1bados pela manh\u00e3, das 10h \u00e0s 12h. O curso \u00e9 voltado tanto para quem quer exercer a profiss\u00e3o [&hellip;]<\/p>\n","protected":false},"author":1,"featured_media":31983,"comment_status":"open","ping_status":"open","sticky":false,"template":"","format":"standard","meta":{"om_disable_all_campaigns":false,"_monsterinsights_skip_tracking":false,"_monsterinsights_sitenote_active":false,"_monsterinsights_sitenote_note":"","_monsterinsights_sitenote_category":0,"footnotes":""},"categories":[8,214],"tags":[136,167,33,390,77,296,86],"acf":[],"publishpress_future_action":{"enabled":false,"date":"1969-12-31 21:00:00","action":"","terms":[],"taxonomy":"","browser_timezone_offset":0},"_links":{"self":[{"href":"https:\/\/portalfloresnoar.com\/floresnoar\/wp-json\/wp\/v2\/posts\/45279"}],"collection":[{"href":"https:\/\/portalfloresnoar.com\/floresnoar\/wp-json\/wp\/v2\/posts"}],"about":[{"href":"https:\/\/portalfloresnoar.com\/floresnoar\/wp-json\/wp\/v2\/types\/post"}],"author":[{"embeddable":true,"href":"https:\/\/portalfloresnoar.com\/floresnoar\/wp-json\/wp\/v2\/users\/1"}],"replies":[{"embeddable":true,"href":"https:\/\/portalfloresnoar.com\/floresnoar\/wp-json\/wp\/v2\/comments?post=45279"}],"version-history":[{"count":1,"href":"https:\/\/portalfloresnoar.com\/floresnoar\/wp-json\/wp\/v2\/posts\/45279\/revisions"}],"predecessor-version":[{"id":45280,"href":"https:\/\/portalfloresnoar.com\/floresnoar\/wp-json\/wp\/v2\/posts\/45279\/revisions\/45280"}],"wp:featuredmedia":[{"embeddable":true,"href":"https:\/\/portalfloresnoar.com\/floresnoar\/wp-json\/wp\/v2\/media\/31983"}],"wp:attachment":[{"href":"https:\/\/portalfloresnoar.com\/floresnoar\/wp-json\/wp\/v2\/media?parent=45279"}],"wp:term":[{"taxonomy":"category","embeddable":true,"href":"https:\/\/portalfloresnoar.com\/floresnoar\/wp-json\/wp\/v2\/categories?post=45279"},{"taxonomy":"post_tag","embeddable":true,"href":"https:\/\/portalfloresnoar.com\/floresnoar\/wp-json\/wp\/v2\/tags?post=45279"}],"curies":[{"name":"wp","href":"https:\/\/api.w.org\/{rel}","templated":true}]}}