

{"id":45269,"date":"2024-02-15T09:59:22","date_gmt":"2024-02-15T12:59:22","guid":{"rendered":"https:\/\/portalfloresnoar.com\/floresnoar\/?p=45269"},"modified":"2024-08-29T09:53:35","modified_gmt":"2024-08-29T12:53:35","slug":"agenda-pe-curso-introdutorio-em-soulcollage-dias-24-e-30-de-agosto-no-espaco-gerar","status":"publish","type":"post","link":"https:\/\/portalfloresnoar.com\/floresnoar\/agenda-pe-curso-introdutorio-em-soulcollage-dias-24-e-30-de-agosto-no-espaco-gerar\/","title":{"rendered":"[AGENDA PE] Curso Introdut\u00f3rio em Soulcollage\u00ae dias 24 e 30 de agosto no Espa\u00e7o Gerar"},"content":{"rendered":"<p><img decoding=\"async\" loading=\"lazy\" class=\"aligncenter size-large wp-image-45276\" src=\"https:\/\/portalfloresnoar.com\/floresnoar\/wp-content\/uploads\/2024\/08\/curso-soulcollage-recife-1-559x700.jpeg\" alt=\"\" width=\"559\" height=\"700\" srcset=\"https:\/\/portalfloresnoar.com\/floresnoar\/wp-content\/uploads\/2024\/08\/curso-soulcollage-recife-1-559x700.jpeg 559w, https:\/\/portalfloresnoar.com\/floresnoar\/wp-content\/uploads\/2024\/08\/curso-soulcollage-recife-1-239x300.jpeg 239w, https:\/\/portalfloresnoar.com\/floresnoar\/wp-content\/uploads\/2024\/08\/curso-soulcollage-recife-1-768x962.jpeg 768w, https:\/\/portalfloresnoar.com\/floresnoar\/wp-content\/uploads\/2024\/08\/curso-soulcollage-recife-1.jpeg 1079w\" sizes=\"(max-width: 559px) 100vw, 559px\" \/><\/p>\n<p>Nos dias 24 e 30 de agosto ser\u00e1 realizado no Espa\u00e7o Gerar, no Recife, o Curso Introdut\u00f3rio em Soulcollage\u00ae, ministrado pelas facilitadoras da t\u00e9cnica Josefina Campos e Nat\u00e1lia Marinho. As aulas ser\u00e3o no hor\u00e1rio das 8h \u00e0s 12h e das14h \u00e0s 18h.<\/p>\n<p>O SoulCollage\u00ae (colagem da alma) \u00e9 um m\u00e9todo terap\u00eautico criativo, prazeroso e profundo de autoconhecimento, que possibilita o contato e o di\u00e1logo com as imagens interiores, atrav\u00e9s da colagem, permitindo o acesso ao inconsciente e \u00e0 sabedoria interior.<\/p>\n<p>A partir de imagens de fontes diversas (revistas, jornais, fotografias&#8230;), recortadas e coladas conforme a intui\u00e7\u00e3o e imagina\u00e7\u00e3o pessoal. Os recortes s\u00e3o colados em cart\u00f5es, formando-se assim um baralho pessoal, que pode ser utilizado como ferramenta de autoconhecimento e express\u00e3o criativa.<\/p>\n<p>&#8220;A pr\u00e1tica de constru\u00e7\u00e3o, di\u00e1logo e rela\u00e7\u00e3o com os cart\u00f5es de Soulcollage\u00ae funciona como guia numa jornada de autodescoberta. O SoulCollage\u00ae \u00e9 acess\u00edvel a qualquer um que tenha interesse em iniciar ou aprofundar a conex\u00e3o com seu mundo interno e de vivenciar algo artesanal e prazeroso&#8221;, informam as facilitadoras.<\/p>\n<p>O m\u00e9todo SoulCollage\u00ae foi criado pela norte-americana Senna Frost, te\u00f3loga e mestra em Psicologia, no final dos anos 80, \u00e9poca em que ela estava imersa no mundo dos mitos e arqu\u00e9tipos, e explorando diversos caminhos espirituais. Frost acreditava que a cria\u00e7\u00e3o de colagens pessoais poderia ser uma forma poderosa de autoexpress\u00e3o e autoexplora\u00e7\u00e3o.<\/p>\n<p>SERVI\u00c7O<br \/>\n<strong>Curso Introdut\u00f3rio em Soulcollage\u00ae<\/strong><br \/>\n<strong>Data:<\/strong> 24 e 30 de agosto de 2024<br \/>\n<strong>Hor\u00e1rio:<\/strong> das 8h \u00e0s 12h e 14h \u00e0s 18h<br \/>\n<strong>Local: <\/strong>Espa\u00e7o Gerar \u2013 Psicologia, Arteterapia e Bem-Estar, localizado na Rua Luiz Guimar\u00e3es, 253, Po\u00e7o da Panela, Recife\/PE. Fone\/WhatsApp: (81) 99760.6383<br \/>\n<strong>Investimento:<\/strong> R$ 380,00 (\u00e0 vista) [ou em 2x de R$ 200,00]<\/p>\n<p><em><strong>Obs.:<\/strong> Est\u00e3o sendo disponibilizadas duas bolsas gratuitas para pessoas negras, ind\u00edgenas e LGBTQIA+.<\/em><\/p>\n<p><strong>INSCRI\u00c7\u00d5ES E MAIS INFORMA\u00c7\u00d5ES:<\/strong><br \/>\n(81) 99726-6076 \/ 99827-9010<\/p>\n","protected":false},"excerpt":{"rendered":"<p>Nos dias 24 e 30 de agosto ser\u00e1 realizado no Espa\u00e7o Gerar, no Recife, o Curso Introdut\u00f3rio em Soulcollage\u00ae, ministrado pelas facilitadoras da t\u00e9cnica Josefina Campos e Nat\u00e1lia Marinho. As aulas ser\u00e3o no hor\u00e1rio das 8h \u00e0s 12h e das14h \u00e0s 18h. O SoulCollage\u00ae (colagem da alma) \u00e9 um m\u00e9todo terap\u00eautico criativo, prazeroso e profundo [&hellip;]<\/p>\n","protected":false},"author":1,"featured_media":45273,"comment_status":"open","ping_status":"open","sticky":false,"template":"","format":"standard","meta":{"om_disable_all_campaigns":false,"_monsterinsights_skip_tracking":false,"_monsterinsights_sitenote_active":false,"_monsterinsights_sitenote_note":"","_monsterinsights_sitenote_category":0,"footnotes":""},"categories":[8,214],"tags":[1523,257,167,672,233],"acf":[],"publishpress_future_action":{"enabled":false,"date":"1969-12-31 21:00:00","action":"","terms":[],"taxonomy":"","browser_timezone_offset":0},"_links":{"self":[{"href":"https:\/\/portalfloresnoar.com\/floresnoar\/wp-json\/wp\/v2\/posts\/45269"}],"collection":[{"href":"https:\/\/portalfloresnoar.com\/floresnoar\/wp-json\/wp\/v2\/posts"}],"about":[{"href":"https:\/\/portalfloresnoar.com\/floresnoar\/wp-json\/wp\/v2\/types\/post"}],"author":[{"embeddable":true,"href":"https:\/\/portalfloresnoar.com\/floresnoar\/wp-json\/wp\/v2\/users\/1"}],"replies":[{"embeddable":true,"href":"https:\/\/portalfloresnoar.com\/floresnoar\/wp-json\/wp\/v2\/comments?post=45269"}],"version-history":[{"count":4,"href":"https:\/\/portalfloresnoar.com\/floresnoar\/wp-json\/wp\/v2\/posts\/45269\/revisions"}],"predecessor-version":[{"id":45278,"href":"https:\/\/portalfloresnoar.com\/floresnoar\/wp-json\/wp\/v2\/posts\/45269\/revisions\/45278"}],"wp:featuredmedia":[{"embeddable":true,"href":"https:\/\/portalfloresnoar.com\/floresnoar\/wp-json\/wp\/v2\/media\/45273"}],"wp:attachment":[{"href":"https:\/\/portalfloresnoar.com\/floresnoar\/wp-json\/wp\/v2\/media?parent=45269"}],"wp:term":[{"taxonomy":"category","embeddable":true,"href":"https:\/\/portalfloresnoar.com\/floresnoar\/wp-json\/wp\/v2\/categories?post=45269"},{"taxonomy":"post_tag","embeddable":true,"href":"https:\/\/portalfloresnoar.com\/floresnoar\/wp-json\/wp\/v2\/tags?post=45269"}],"curies":[{"name":"wp","href":"https:\/\/api.w.org\/{rel}","templated":true}]}}