

{"id":45258,"date":"2024-08-05T09:26:03","date_gmt":"2024-08-05T12:26:03","guid":{"rendered":"https:\/\/portalfloresnoar.com\/floresnoar\/?p=45258"},"modified":"2024-08-05T09:26:03","modified_gmt":"2024-08-05T12:26:03","slug":"coluna-do-scalambrini-eleicoes-municipais-e-mudancas-climaticas","status":"publish","type":"post","link":"https:\/\/portalfloresnoar.com\/floresnoar\/coluna-do-scalambrini-eleicoes-municipais-e-mudancas-climaticas\/","title":{"rendered":"[COLUNA DO SCALAMBRINI] Elei\u00e7\u00f5es municipais e mudan\u00e7as clim\u00e1ticas"},"content":{"rendered":"<p>| <em>Por Heitor Scalambrini Costa*<\/em> |<\/p>\n<p>O aquecimento global \u00e9 uma consequ\u00eancia direta do modo de vida que os seres humanos impuseram ao planeta. O modo de produzir e o modo\/h\u00e1bitos perdul\u00e1rios de consumo provocam, com maior intensidade e frequ\u00eancia, cat\u00e1strofes e eventos clim\u00e1ticos extremos em v\u00e1rias partes do mundo, com ondas de calor e frio, chuvas torrenciais (desmoronamentos e inunda\u00e7\u00f5es), secas, inc\u00eandios florestais de grande magnitude e aumento do n\u00edvel do mar.<\/p>\n<p>Do ponto de vista cient\u00edfico, n\u00e3o existem mais d\u00favidas que tais fen\u00f4menos ocorrem devido \u00e0 a\u00e7\u00e3o humana, elevando o aumento m\u00e9dio da temperatura do planeta. Principalmente pelo uso de fontes energ\u00e9ticas f\u00f3sseis (petr\u00f3leo e derivados, carv\u00e3o mineral e g\u00e1s natural), desmatamento desenfreado e da agropecu\u00e1ria extensiva.<\/p>\n<p>Se n\u00e3o evitarmos as causas do aquecimento nos pr\u00f3ximos anos, as mudan\u00e7as no clima continuar\u00e3o a causar cat\u00e1strofes, colocando em risco a pr\u00f3pria sobreviv\u00eancia da vida na Terra. Banir os combust\u00edveis f\u00f3sseis e conter o desmatamento s\u00e3o tarefas priorit\u00e1rias. A natureza nunca foi inimiga, e sem ela n\u00e3o existir\u00e1 vida em nossa Casa Comum.<\/p>\n<p>No Brasil, um dos mais ricos pa\u00edses em abund\u00e2ncia de fauna e flora, avan\u00e7amos na gera\u00e7\u00e3o de energia el\u00e9trica com fontes renov\u00e1veis (sol, vento, biomassa), mas infelizmente ainda n\u00e3o adotamos as medidas necess\u00e1rias para conter o desmatamento em todos os biomas. A gan\u00e2ncia incentivada pelo capitalismo, pelos meros interesses econ\u00f4micos, tem reduzido drasticamente a vegeta\u00e7\u00e3o e as florestas.<\/p>\n<p>Logo mais teremos elei\u00e7\u00f5es que v\u00e3o escolher novos (as) prefeitos (as) e parlamentares, para compor os legislativos municipais em mais de 5.000 munic\u00edpios. \u00c9 um momento prop\u00edcio para a reflex\u00e3o acerca das quest\u00f5es ambientais e para debater propostas de como enfrentar os desafios da crise clim\u00e1tica. Sem a consci\u00eancia das pessoas sobre a import\u00e2ncia da conserva\u00e7\u00e3o e da preserva\u00e7\u00e3o ambiental, estamos fadados \u00e0 derrota.<\/p>\n<p>A Constitui\u00e7\u00e3o Cidad\u00e3 de 1988 estabelece que todas as esferas do Poder P\u00fablico \u2013 federal, estadual, municipal &#8211; devem promover o equil\u00edbrio ambiental como garantia para as gera\u00e7\u00f5es futuras. O papel dos munic\u00edpios \u00e9 fundamental no desenvolvimento e implementa\u00e7\u00e3o de pol\u00edticas p\u00fablicas ambientais de enfrentamento \u00e0s causas e efeitos das mudan\u00e7as clim\u00e1ticas.<\/p>\n<p>Ningu\u00e9m mora na Uni\u00e3o, nos Estados. As pessoas moram nos munic\u00edpios. \u00c9 neles, que os servi\u00e7os s\u00e3o prestados, as crian\u00e7as estudam, os adultos trabalham, os alimentos s\u00e3o produzidos, a vida acontece. Da\u00ed a import\u00e2ncia de comprometer as autoridades executivas e legislativas com a defesa da M\u00e3e Terra. J\u00e1 os mun\u00edcipes, precisam fazer a escolha certa dos homens e mulheres que governar\u00e3o pelos pr\u00f3ximos 4 anos.<\/p>\n<p>O Nordeste semi\u00e1rido, o mais populoso do mundo, com 30 milh\u00f5es de moradores, \u00e9 um dos locais mais vulner\u00e1veis \u00e0s mudan\u00e7as clim\u00e1ticas. Estudos, com o uso de sat\u00e9lites, indicam a redu\u00e7\u00e3o dr\u00e1stica da vegeta\u00e7\u00e3o no bioma Caatinga, que diminui de tamanho, ano a ano, favorecendo a redu\u00e7\u00e3o das chuvas, com diminui\u00e7\u00e3o da produ\u00e7\u00e3o de alimentos e aumento das temperaturas. Isto afeta diretamente seus habitantes.<\/p>\n<p>Logo, nas elei\u00e7\u00f5es municipais \u00e9 fundamental que o debate tamb\u00e9m seja pautado na quest\u00e3o ambiental, pois a realidade do dia a dia ocorre na esfera municipal. Um dos aspectos mais importantes para tornar uma cidade saud\u00e1vel, sustent\u00e1vel, e assim melhorar a qualidade de vida das pessoas, na \u00e1rea urbana e rural, \u00e9 a participa\u00e7\u00e3o social, que se d\u00e1 tamb\u00e9m nas elei\u00e7\u00f5es.<\/p>\n<p>A pergunta que n\u00e3o quer calar \u00e9 \u201cAt\u00e9 quando esperar para come\u00e7ar as mudan\u00e7as t\u00e3o necess\u00e1rias?&#8221;<\/p>\n<p>Escolher prefeitos (as) vereadores (as) comprometidos em mudar a atual realidade contribuir\u00e1 para melhorar a qualidade de vida nos munic\u00edpios, cujo papel \u00e9 fundamental no enfrentamento da crise clim\u00e1tica e ambiental. Da\u00ed voc\u00ea eleitor (a):<\/p>\n<p>&#8211; Procure conhecer o passado e a biografia do candidato (a) e a trajet\u00f3ria de seu partido na defesa do meio ambiente e das causas populares.<\/p>\n<p>&#8211; Investigue as alian\u00e7as do partido do candidato (a) e seus projetos, quais os interesses que defende e quem financia.<\/p>\n<p>&#8211; Confronte o discurso e a pr\u00e1tica do candidato (a). N\u00e3o vote nos negacionistas que negam a crise clim\u00e1tica. Nem naqueles que usam as redes sociais para mentir e propagar o \u00f3dio. N\u00e3o vote em mentirosos, demagogos e postulantes burgueses, ou apadrinhados por bancos e latifundi\u00e1rios.<\/p>\n<p>&#8211; N\u00e3o se venda por nada. Analise a campanha do candidato, n\u00e3o confie em palavras vazias. Olho nos oportunistas que fazem da pol\u00edtica trampolim para enriquecerem. Vote em candidatos a prefeito (a) e vereador (a) comprometidos com as lutas populares.<\/p>\n<p>&#8211; Fuja do cabresto. N\u00e3o vote em quem o padre, patr\u00e3o, pastor manda votar.<\/p>\n<p>&#8211; N\u00e3o vote em quem ataca os grupos, associa\u00e7\u00f5es, sindicatos, organiza\u00e7\u00f5es n\u00e3o governamentais que defendem os pobres.<\/p>\n<p>&#8211; Procure conhecer as propostas. Se s\u00e3o fact\u00edveis, ou meras promessas. No passado fez o que pelos pobres e vulner\u00e1veis\/ Como prop\u00f5em estimular maior participa\u00e7\u00e3o social no seu governo?<\/p>\n<p>&#8211; Discuta com seu candidato (a) algumas propostas que devem estar presentes no processo eleitoral e integrar o programa de governo, sua atua\u00e7\u00e3o parlamentar. Sugest\u00e3o:<\/p>\n<p>\u00b7 Promover a\u00e7\u00f5es de preven\u00e7\u00e3o, prote\u00e7\u00e3o e recupera\u00e7\u00e3o ambiental, como a cria\u00e7\u00e3o e incentivo a viveiros com distribui\u00e7\u00e3o de mudas nativas e frut\u00edferas para a popula\u00e7\u00e3o.<\/p>\n<p>\u00b7 Incentivar a agricultura familiar no munic\u00edpio, com distribui\u00e7\u00e3o de insumos necess\u00e1rios no contexto de pr\u00e1ticas agroecol\u00f3gicas.<\/p>\n<p>\u00b7 Combater o desmatamento regional.<\/p>\n<p>\u00b7 Atender \u00e0s melhorias reivindicadas pelas popula\u00e7\u00f5es rurais, incentivando a perman\u00eancia no campo (ilumina\u00e7\u00e3o, recupera\u00e7\u00e3o de estradas, transporte, internet, saneamento, &#8230;).<\/p>\n<p>\u00b7 Fortalecer e potencializar os Conselhos Municipais de Defesa do Meio Ambiente.<\/p>\n<p>\u00b7 Criar os Conselhos Municipais de Educa\u00e7\u00e3o Ambiental, instituindo nas escolas (urbanas e rurais) temas relacionados \u00e0s mudan\u00e7as clim\u00e1ticas, \u00e0 preserva\u00e7\u00e3o e import\u00e2ncia da natureza na vida das pessoas.<\/p>\n<p>\u00b7 Combater as \u201cfake news\u201d, o negacionismo ambiental, com estrat\u00e9gias institucionais de checagem, al\u00e9m de informa\u00e7\u00e3o direta em sites institucionais sobre a situa\u00e7\u00e3o clim\u00e1tica e seus impactos.<\/p>\n<p>\u00b7 Fortalecer a governan\u00e7a e a gest\u00e3o dos bens comuns da natureza, do financiamento, prote\u00e7\u00e3o e recupera\u00e7\u00e3o dos mananciais.<\/p>\n<p>\u00b7 Garantir recursos no planejamento or\u00e7ament\u00e1rio para a gest\u00e3o h\u00eddrica e do meio ambiente, com ampla participa\u00e7\u00e3o e controle social.<\/p>\n<p>Recente pesquisa, promovida pela Confedera\u00e7\u00e3o Nacional dos Munic\u00edpios, registrou que s\u00f3 2 em cada 10 munic\u00edpios est\u00e3o preparados para enfrentar os impactos das mudan\u00e7as clim\u00e1ticas. Esta situa\u00e7\u00e3o imp\u00f5e a intensifica\u00e7\u00e3o de estrat\u00e9gias e a\u00e7\u00f5es urgentes para evitar que a popula\u00e7\u00e3o sofra mais.<\/p>\n<p>Devemos aproveitar o processo eleitoral em curso como um momento auspicioso para a discuss\u00e3o, conscientiza\u00e7\u00e3o e proposi\u00e7\u00e3o de pol\u00edticas p\u00fablicas sociais, rumo a conquista de munic\u00edpios sustent\u00e1veis e resilientes diante do aquecimento global, maior desafio j\u00e1 enfrentado pela humanidade!<\/p>\n<p>____________________________<\/p>\n<p>*<em>Heitor Scalambrini Costa \u00e9 professor associado aposentado da Universidade Federal de Pernambuco (UFPE). Graduado em F\u00edsica, Mestrado em Ci\u00eancias e Tecnologias Nucleares e Doutorado em Energ\u00e9tica. Membro da Articula\u00e7\u00e3o Antinuclear Brasileira.<\/em><\/p>\n<pre><em>[O conte\u00fado dos artigos publicados na se\u00e7\u00e3o COLUNAS do Portal Flores no Ar \u00e9 de responsabilidade \r\ndos autores.]<\/em><\/pre>\n","protected":false},"excerpt":{"rendered":"<p>| Por Heitor Scalambrini Costa* | O aquecimento global \u00e9 uma consequ\u00eancia direta do modo de vida que os seres humanos impuseram ao planeta. O modo de produzir e o modo\/h\u00e1bitos perdul\u00e1rios de consumo provocam, com maior intensidade e frequ\u00eancia, cat\u00e1strofes e eventos clim\u00e1ticos extremos em v\u00e1rias partes do mundo, com ondas de calor e [&hellip;]<\/p>\n","protected":false},"author":1,"featured_media":45260,"comment_status":"open","ping_status":"open","sticky":false,"template":"","format":"standard","meta":{"om_disable_all_campaigns":false,"_monsterinsights_skip_tracking":false,"_monsterinsights_sitenote_active":false,"_monsterinsights_sitenote_note":"","_monsterinsights_sitenote_category":0,"footnotes":""},"categories":[1289,220],"tags":[1521,499,1238,26,1243,170],"acf":[],"publishpress_future_action":{"enabled":false,"date":"1969-12-31 21:00:00","action":"","terms":[],"taxonomy":"","browser_timezone_offset":0},"_links":{"self":[{"href":"https:\/\/portalfloresnoar.com\/floresnoar\/wp-json\/wp\/v2\/posts\/45258"}],"collection":[{"href":"https:\/\/portalfloresnoar.com\/floresnoar\/wp-json\/wp\/v2\/posts"}],"about":[{"href":"https:\/\/portalfloresnoar.com\/floresnoar\/wp-json\/wp\/v2\/types\/post"}],"author":[{"embeddable":true,"href":"https:\/\/portalfloresnoar.com\/floresnoar\/wp-json\/wp\/v2\/users\/1"}],"replies":[{"embeddable":true,"href":"https:\/\/portalfloresnoar.com\/floresnoar\/wp-json\/wp\/v2\/comments?post=45258"}],"version-history":[{"count":1,"href":"https:\/\/portalfloresnoar.com\/floresnoar\/wp-json\/wp\/v2\/posts\/45258\/revisions"}],"predecessor-version":[{"id":45261,"href":"https:\/\/portalfloresnoar.com\/floresnoar\/wp-json\/wp\/v2\/posts\/45258\/revisions\/45261"}],"wp:featuredmedia":[{"embeddable":true,"href":"https:\/\/portalfloresnoar.com\/floresnoar\/wp-json\/wp\/v2\/media\/45260"}],"wp:attachment":[{"href":"https:\/\/portalfloresnoar.com\/floresnoar\/wp-json\/wp\/v2\/media?parent=45258"}],"wp:term":[{"taxonomy":"category","embeddable":true,"href":"https:\/\/portalfloresnoar.com\/floresnoar\/wp-json\/wp\/v2\/categories?post=45258"},{"taxonomy":"post_tag","embeddable":true,"href":"https:\/\/portalfloresnoar.com\/floresnoar\/wp-json\/wp\/v2\/tags?post=45258"}],"curies":[{"name":"wp","href":"https:\/\/api.w.org\/{rel}","templated":true}]}}