

{"id":45252,"date":"2024-08-04T09:29:36","date_gmt":"2024-08-04T12:29:36","guid":{"rendered":"https:\/\/portalfloresnoar.com\/floresnoar\/?p=45252"},"modified":"2024-08-04T09:31:44","modified_gmt":"2024-08-04T12:31:44","slug":"canto-de-lu-diarios-agendas-e-cadernos","status":"publish","type":"post","link":"https:\/\/portalfloresnoar.com\/floresnoar\/canto-de-lu-diarios-agendas-e-cadernos\/","title":{"rendered":"[CANTO DE LU] Di\u00e1rios, agendas e cadernos"},"content":{"rendered":"<p><img decoding=\"async\" loading=\"lazy\" class=\" wp-image-45253 alignleft\" src=\"https:\/\/portalfloresnoar.com\/floresnoar\/wp-content\/uploads\/2024\/08\/habito-da-escrita-560x700.jpeg\" alt=\"\" width=\"361\" height=\"451\" srcset=\"https:\/\/portalfloresnoar.com\/floresnoar\/wp-content\/uploads\/2024\/08\/habito-da-escrita-560x700.jpeg 560w, https:\/\/portalfloresnoar.com\/floresnoar\/wp-content\/uploads\/2024\/08\/habito-da-escrita-240x300.jpeg 240w, https:\/\/portalfloresnoar.com\/floresnoar\/wp-content\/uploads\/2024\/08\/habito-da-escrita-768x960.jpeg 768w, https:\/\/portalfloresnoar.com\/floresnoar\/wp-content\/uploads\/2024\/08\/habito-da-escrita-1229x1536.jpeg 1229w, https:\/\/portalfloresnoar.com\/floresnoar\/wp-content\/uploads\/2024\/08\/habito-da-escrita.jpeg 1280w\" sizes=\"(max-width: 361px) 100vw, 361px\" \/>|\u00a0<em>Por Lu Rabelo*<\/em>\u00a0|<\/p>\n<p>Desde crian\u00e7a escrevo di\u00e1rios. Na adolesc\u00eancia veio a onda das agendas, onde col\u00e1vamos desde o bilhete de cinema \u00e0 conchinha coletada naquele passeio especial. A partir da \u00e9poca da faculdade (Jornalismo) comecei a ter cadernos pra tudo (poesias, pautas, sonhos, viagens, projetos&#8230;). Sempre ando com pelo menos uma caderneta na bolsa. Nesta minha nova mudan\u00e7a de casa, me deparando com a imensa quantidade de pap\u00e9is, livros e cadernos, estou me dispondo a uma nova miss\u00e3o:<\/p>\n<p>1. ir lendo os livros (ao menos um por semana), e dar um destino a cada um, seja presentear uma amiga(o), doar a uma biblioteca ou continuar com ele perto de mim;<\/p>\n<p>2. olhar todos os cadernos, registrando digitalmente as anota\u00e7\u00f5es mais relevantes.<\/p>\n<p>Que assim seja!<\/p>\n<p><em>* Lu Rabelo \u00e9\u00a0<a href=\"https:\/\/www.instagram.com\/canto.de.lu\" target=\"_blank\" rel=\"noopener\">cantadeira<\/a><a href=\"https:\/\/www.facebook.com\/cantodelu7\/\" target=\"_blank\" rel=\"noopener noreferrer\">,<\/a>\u00a0jornalista, arteterapeuta, herbalista, editora e guardi\u00e3 do\u00a0<a href=\"http:\/\/portalfloresnoar.com\/\" target=\"_blank\" rel=\"noopener noreferrer\">Portal Flores no Ar<\/a>.\u00a0<\/em><\/p>\n","protected":false},"excerpt":{"rendered":"<p>|\u00a0Por Lu Rabelo*\u00a0| Desde crian\u00e7a escrevo di\u00e1rios. Na adolesc\u00eancia veio a onda das agendas, onde col\u00e1vamos desde o bilhete de cinema \u00e0 conchinha coletada naquele passeio especial. A partir da \u00e9poca da faculdade (Jornalismo) comecei a ter cadernos pra tudo (poesias, pautas, sonhos, viagens, projetos&#8230;). Sempre ando com pelo menos uma caderneta na bolsa. Nesta [&hellip;]<\/p>\n","protected":false},"author":1,"featured_media":45254,"comment_status":"open","ping_status":"open","sticky":false,"template":"","format":"standard","meta":{"om_disable_all_campaigns":false,"_monsterinsights_skip_tracking":false,"_monsterinsights_sitenote_active":false,"_monsterinsights_sitenote_note":"","_monsterinsights_sitenote_category":0,"footnotes":""},"categories":[227,220],"tags":[19,1520,69,591,51],"acf":[],"publishpress_future_action":{"enabled":false,"date":"1969-12-31 21:00:00","action":"","terms":[],"taxonomy":"","browser_timezone_offset":0},"_links":{"self":[{"href":"https:\/\/portalfloresnoar.com\/floresnoar\/wp-json\/wp\/v2\/posts\/45252"}],"collection":[{"href":"https:\/\/portalfloresnoar.com\/floresnoar\/wp-json\/wp\/v2\/posts"}],"about":[{"href":"https:\/\/portalfloresnoar.com\/floresnoar\/wp-json\/wp\/v2\/types\/post"}],"author":[{"embeddable":true,"href":"https:\/\/portalfloresnoar.com\/floresnoar\/wp-json\/wp\/v2\/users\/1"}],"replies":[{"embeddable":true,"href":"https:\/\/portalfloresnoar.com\/floresnoar\/wp-json\/wp\/v2\/comments?post=45252"}],"version-history":[{"count":2,"href":"https:\/\/portalfloresnoar.com\/floresnoar\/wp-json\/wp\/v2\/posts\/45252\/revisions"}],"predecessor-version":[{"id":45256,"href":"https:\/\/portalfloresnoar.com\/floresnoar\/wp-json\/wp\/v2\/posts\/45252\/revisions\/45256"}],"wp:featuredmedia":[{"embeddable":true,"href":"https:\/\/portalfloresnoar.com\/floresnoar\/wp-json\/wp\/v2\/media\/45254"}],"wp:attachment":[{"href":"https:\/\/portalfloresnoar.com\/floresnoar\/wp-json\/wp\/v2\/media?parent=45252"}],"wp:term":[{"taxonomy":"category","embeddable":true,"href":"https:\/\/portalfloresnoar.com\/floresnoar\/wp-json\/wp\/v2\/categories?post=45252"},{"taxonomy":"post_tag","embeddable":true,"href":"https:\/\/portalfloresnoar.com\/floresnoar\/wp-json\/wp\/v2\/tags?post=45252"}],"curies":[{"name":"wp","href":"https:\/\/api.w.org\/{rel}","templated":true}]}}