

{"id":45237,"date":"2024-01-01T10:29:52","date_gmt":"2024-01-01T13:29:52","guid":{"rendered":"https:\/\/portalfloresnoar.com\/floresnoar\/?p=45237"},"modified":"2024-08-14T11:10:32","modified_gmt":"2024-08-14T14:10:32","slug":"agenda-pe-workshop-degustativo-cozinhaterapia-dia-10-de-agosto-no-espaco-gerar","status":"publish","type":"post","link":"https:\/\/portalfloresnoar.com\/floresnoar\/agenda-pe-workshop-degustativo-cozinhaterapia-dia-10-de-agosto-no-espaco-gerar\/","title":{"rendered":"[AGENDA PE] &#8216;Workshop Degustativo Cozinhaterapia&#8217; dia 10 de agosto no Espa\u00e7o Gerar"},"content":{"rendered":"<p><img decoding=\"async\" loading=\"lazy\" class=\"aligncenter size-large wp-image-45238\" src=\"https:\/\/portalfloresnoar.com\/floresnoar\/wp-content\/uploads\/2024\/08\/cozinhaterapia-no-recife-560x700.jpeg\" alt=\"\" width=\"560\" height=\"700\" srcset=\"https:\/\/portalfloresnoar.com\/floresnoar\/wp-content\/uploads\/2024\/08\/cozinhaterapia-no-recife-560x700.jpeg 560w, https:\/\/portalfloresnoar.com\/floresnoar\/wp-content\/uploads\/2024\/08\/cozinhaterapia-no-recife-240x300.jpeg 240w, https:\/\/portalfloresnoar.com\/floresnoar\/wp-content\/uploads\/2024\/08\/cozinhaterapia-no-recife-768x960.jpeg 768w, https:\/\/portalfloresnoar.com\/floresnoar\/wp-content\/uploads\/2024\/08\/cozinhaterapia-no-recife.jpeg 1024w\" sizes=\"(max-width: 560px) 100vw, 560px\" \/><\/p>\n<p>Como parte da programa\u00e7\u00e3o dos 20 anos do Gerar &#8211; Psicologia, Arteterapia e Bem-Estar, acontece no dia 10 de agosto o Workshop Degustativo Cozinhaterapia, com facilita\u00e7\u00e3o de Carla Sena. O encontro ser\u00e1 das 9h \u00e0s 11h, no Espa\u00e7o Gerar, localizado no bairro do Po\u00e7o da Panela, no Recife.\u00a0\u00a0A entrada \u00e9 gratuita, mas \u00e9 necess\u00e1ria a confirma\u00e7\u00e3o pr\u00e9via.<\/p>\n<p>Carla Sena \u00e9 uma praticante de terapias naturais e influenciadora dedicada a promover uma alimenta\u00e7\u00e3o saud\u00e1vel, sustent\u00e1vel e inclusiva. Seu trabalho enfatiza a utiliza\u00e7\u00e3o de m\u00e9todos tradicionais de cozimento e ingredientes frescos, cultivados de forma ecol\u00f3gica, para criar pratos que nutrem o corpo e respeitam o meio ambiente. Prop\u00f5e em suas viv\u00eancias culin\u00e1rias a terapia e a reeduca\u00e7\u00e3o alimentar, fazendo do alimento o melhor rem\u00e9dio. Nos seus mais de 15 anos de experimentos, prioriza o bem-estar, promovendo o autoconhecimento e o autocuidado.<\/p>\n<p>&#8220;A Cozinhaterapia \u00e9 a culin\u00e1ria como forma terap\u00eautica, contribuindo na tomada de melhores decis\u00f5es, proporcionando o autoconhecimento e auxiliando os profissionais de sa\u00fade na regenera\u00e7\u00e3o de todos os \u00f3rg\u00e3os vitais. Aliada no combate ao estresse e \u00e0 ansiedade, a Cozinhaterapia \u00e9 a rela\u00e7\u00e3o emocional entre a cozinha e o alimento&#8221;, conta Carla.<\/p>\n<p>SOBRE O ESPA\u00c7O GERAR<br \/>\nLocalizado na capital pernambucana, o Gerar &#8211; Psicologia, Arteterapia e Bem-Estar celebra 20 anos no dia 12 de outubro de 2024. O Gerar \u00e9 refer\u00eancia regional em Sa\u00fade Mental, promovendo sa\u00fade e qualidade de vida, atrav\u00e9s do oferecimento de diversas abordagens terap\u00eauticas, como:<br \/>\n&gt;&gt;&gt; Psicologia (Psicologia Junguiana, Bioenerg\u00e9tica, Gestalt e TCC)<br \/>\n&gt;&gt;&gt; Arteterapia<br \/>\n&gt;&gt;&gt; Psiquiatria<br \/>\n&gt;&gt;&gt; Pr\u00e1ticas integrativas (Reiki, Hipnoterapia, Aromaterapia, Terapia Floral, Cristaloterapia, ThetaHealing, Barras de Access, Yogaterapia, Mindfulness, entre outras).<\/p>\n<p>Mais informa\u00e7\u00f5es sobre o Espa\u00e7o Gerar: <a href=\"https:\/\/www.gerarterapias.com.br\/\" target=\"_blank\" rel=\"noopener\">www.gerarterapias.com.br<\/a><\/p>\n<p>SERVI\u00c7O<br \/>\n<strong>Workshop Degustativo Cozinhaterapia<\/strong><br \/>\n<strong>Data:<\/strong> 10\/08\/2024 (S\u00e1bado)<br \/>\n<strong>Hora:<\/strong> 9h \u00e0s 11h<br \/>\n<strong>Local:<\/strong> Espa\u00e7o Gerar &#8211; Psicologia, Arteterapia e Bem-Estar: Rua Luiz Guimar\u00e3es, 253, Po\u00e7o da Panela, Recife\/PE<br \/>\n<em>(Mapa com a localiza\u00e7\u00e3o: <a href=\"https:\/\/maps.app.goo.gl\/kZCHrg1TKRm8Qhmv9\" target=\"_blank\" rel=\"noopener\">https:\/\/maps.app.goo.gl\/kZCHrg1TKRm8Qhmv9<\/a>)<\/em><br \/>\n<strong>Valor:<\/strong> Gratuito<\/p>\n<p><strong>Inscri\u00e7\u00f5es antecipadas atrav\u00e9s do WhatsApp:<\/strong> <a href=\"https:\/\/api.whatsapp.com\/send\/?phone=5581997606383&amp;text&amp;type=phone_number&amp;app_absent=0\" target=\"_blank\" rel=\"noopener\">(81) 997606383<\/a> (Espa\u00e7o Gerar)<\/p>\n","protected":false},"excerpt":{"rendered":"<p>Como parte da programa\u00e7\u00e3o dos 20 anos do Gerar &#8211; Psicologia, Arteterapia e Bem-Estar, acontece no dia 10 de agosto o Workshop Degustativo Cozinhaterapia, com facilita\u00e7\u00e3o de Carla Sena. O encontro ser\u00e1 das 9h \u00e0s 11h, no Espa\u00e7o Gerar, localizado no bairro do Po\u00e7o da Panela, no Recife.\u00a0\u00a0A entrada \u00e9 gratuita, mas \u00e9 necess\u00e1ria a [&hellip;]<\/p>\n","protected":false},"author":1,"featured_media":45239,"comment_status":"open","ping_status":"open","sticky":false,"template":"","format":"standard","meta":{"om_disable_all_campaigns":false,"_monsterinsights_skip_tracking":false,"_monsterinsights_sitenote_active":false,"_monsterinsights_sitenote_note":"","_monsterinsights_sitenote_category":0,"footnotes":""},"categories":[8,214],"tags":[241,50,1519,377,127],"acf":[],"publishpress_future_action":{"enabled":false,"date":"1969-12-31 21:00:00","action":"","terms":[],"taxonomy":"","browser_timezone_offset":0},"_links":{"self":[{"href":"https:\/\/portalfloresnoar.com\/floresnoar\/wp-json\/wp\/v2\/posts\/45237"}],"collection":[{"href":"https:\/\/portalfloresnoar.com\/floresnoar\/wp-json\/wp\/v2\/posts"}],"about":[{"href":"https:\/\/portalfloresnoar.com\/floresnoar\/wp-json\/wp\/v2\/types\/post"}],"author":[{"embeddable":true,"href":"https:\/\/portalfloresnoar.com\/floresnoar\/wp-json\/wp\/v2\/users\/1"}],"replies":[{"embeddable":true,"href":"https:\/\/portalfloresnoar.com\/floresnoar\/wp-json\/wp\/v2\/comments?post=45237"}],"version-history":[{"count":4,"href":"https:\/\/portalfloresnoar.com\/floresnoar\/wp-json\/wp\/v2\/posts\/45237\/revisions"}],"predecessor-version":[{"id":45243,"href":"https:\/\/portalfloresnoar.com\/floresnoar\/wp-json\/wp\/v2\/posts\/45237\/revisions\/45243"}],"wp:featuredmedia":[{"embeddable":true,"href":"https:\/\/portalfloresnoar.com\/floresnoar\/wp-json\/wp\/v2\/media\/45239"}],"wp:attachment":[{"href":"https:\/\/portalfloresnoar.com\/floresnoar\/wp-json\/wp\/v2\/media?parent=45237"}],"wp:term":[{"taxonomy":"category","embeddable":true,"href":"https:\/\/portalfloresnoar.com\/floresnoar\/wp-json\/wp\/v2\/categories?post=45237"},{"taxonomy":"post_tag","embeddable":true,"href":"https:\/\/portalfloresnoar.com\/floresnoar\/wp-json\/wp\/v2\/tags?post=45237"}],"curies":[{"name":"wp","href":"https:\/\/api.w.org\/{rel}","templated":true}]}}