

{"id":45232,"date":"2024-07-30T21:14:50","date_gmt":"2024-07-31T00:14:50","guid":{"rendered":"https:\/\/portalfloresnoar.com\/floresnoar\/?p=45232"},"modified":"2024-08-04T09:31:46","modified_gmt":"2024-08-04T12:31:46","slug":"canto-de-lu-voltei-ao-mar","status":"publish","type":"post","link":"https:\/\/portalfloresnoar.com\/floresnoar\/canto-de-lu-voltei-ao-mar\/","title":{"rendered":"[CANTO DE LU] Voltei ao Mar!"},"content":{"rendered":"<figure id=\"attachment_45233\" aria-describedby=\"caption-attachment-45233\" style=\"width: 601px\" class=\"wp-caption aligncenter\"><img decoding=\"async\" loading=\"lazy\" class=\"wp-image-45233 \" src=\"https:\/\/portalfloresnoar.com\/floresnoar\/wp-content\/uploads\/2024\/07\/mudanca-de-casa-para-apartamento-700x525.jpeg\" alt=\"\" width=\"601\" height=\"451\" srcset=\"https:\/\/portalfloresnoar.com\/floresnoar\/wp-content\/uploads\/2024\/07\/mudanca-de-casa-para-apartamento-700x525.jpeg 700w, https:\/\/portalfloresnoar.com\/floresnoar\/wp-content\/uploads\/2024\/07\/mudanca-de-casa-para-apartamento-300x225.jpeg 300w, https:\/\/portalfloresnoar.com\/floresnoar\/wp-content\/uploads\/2024\/07\/mudanca-de-casa-para-apartamento-768x576.jpeg 768w, https:\/\/portalfloresnoar.com\/floresnoar\/wp-content\/uploads\/2024\/07\/mudanca-de-casa-para-apartamento-160x120.jpeg 160w, https:\/\/portalfloresnoar.com\/floresnoar\/wp-content\/uploads\/2024\/07\/mudanca-de-casa-para-apartamento.jpeg 1080w\" sizes=\"(max-width: 601px) 100vw, 601px\" \/><figcaption id=\"caption-attachment-45233\" class=\"wp-caption-text\">Foto: Lu Rabelo<\/figcaption><\/figure>\n<p>| <em>Por Lu Rabelo<\/em>* |<\/p>\n<p>Voltei pro Recife. Estranhamente estou gostando. Me dei conta que os 4 anos e meio em que estive morando em jardins marca exatamente o tempo que painho se foi da Terra. A desorganiza\u00e7\u00e3o externa devido \u00e0 mudan\u00e7a de casa \u00e9 talvez menor do que a de dentro. Um vazio me atravessa. Sei dos projetos que hei de dar conta; no mais sinto uma amplid\u00e3o de possibilidades, ainda que esteja divagando. S\u00f3 hoje afastei as coisas da bancada de meu novo escrit\u00f3rio e liguei o computador. Dias carregando caixas de Paudalho pra c\u00e1. Senti o peso de possuir tanta coisa. Acho que minhas gatas e gato n\u00e3o t\u00e3o entendendo nada, com tanto barulho e falta de terra. Mainha t\u00e1 feliz de estarmos mais perto novamente. Sinto falta das \u00e1rvores e do sil\u00eancio, mas ter o Mar a poucas quadras me alivia. T\u00f4 me reorientando. Gosto de mudan\u00e7as (n\u00e3o de carregar as coisas). T\u00f4 apreciando atos como poder ir comprar p\u00e3o a p\u00e9.<\/p>\n<p><em>* Lu Rabelo \u00e9\u00a0<a href=\"https:\/\/www.instagram.com\/canto.de.lu\" target=\"_blank\" rel=\"noopener\">cantadeira<\/a><a href=\"https:\/\/www.facebook.com\/cantodelu7\/\" target=\"_blank\" rel=\"noopener noreferrer\">,<\/a>\u00a0jornalista, arteterapeuta, herbalista, editora e guardi\u00e3 do\u00a0<a href=\"http:\/\/portalfloresnoar.com\/\" target=\"_blank\" rel=\"noopener noreferrer\">Portal Flores no Ar<\/a>.\u00a0<\/em><\/p>\n","protected":false},"excerpt":{"rendered":"<p>| Por Lu Rabelo* | Voltei pro Recife. Estranhamente estou gostando. Me dei conta que os 4 anos e meio em que estive morando em jardins marca exatamente o tempo que painho se foi da Terra. A desorganiza\u00e7\u00e3o externa devido \u00e0 mudan\u00e7a de casa \u00e9 talvez menor do que a de dentro. Um vazio me [&hellip;]<\/p>\n","protected":false},"author":1,"featured_media":45233,"comment_status":"open","ping_status":"open","sticky":false,"template":"","format":"standard","meta":{"om_disable_all_campaigns":false,"_monsterinsights_skip_tracking":false,"_monsterinsights_sitenote_active":false,"_monsterinsights_sitenote_note":"","_monsterinsights_sitenote_category":0,"footnotes":""},"categories":[227,220,224],"tags":[19,591],"acf":[],"publishpress_future_action":{"enabled":false,"date":"1969-12-31 21:00:00","action":"","terms":[],"taxonomy":"","browser_timezone_offset":0},"_links":{"self":[{"href":"https:\/\/portalfloresnoar.com\/floresnoar\/wp-json\/wp\/v2\/posts\/45232"}],"collection":[{"href":"https:\/\/portalfloresnoar.com\/floresnoar\/wp-json\/wp\/v2\/posts"}],"about":[{"href":"https:\/\/portalfloresnoar.com\/floresnoar\/wp-json\/wp\/v2\/types\/post"}],"author":[{"embeddable":true,"href":"https:\/\/portalfloresnoar.com\/floresnoar\/wp-json\/wp\/v2\/users\/1"}],"replies":[{"embeddable":true,"href":"https:\/\/portalfloresnoar.com\/floresnoar\/wp-json\/wp\/v2\/comments?post=45232"}],"version-history":[{"count":2,"href":"https:\/\/portalfloresnoar.com\/floresnoar\/wp-json\/wp\/v2\/posts\/45232\/revisions"}],"predecessor-version":[{"id":45257,"href":"https:\/\/portalfloresnoar.com\/floresnoar\/wp-json\/wp\/v2\/posts\/45232\/revisions\/45257"}],"wp:featuredmedia":[{"embeddable":true,"href":"https:\/\/portalfloresnoar.com\/floresnoar\/wp-json\/wp\/v2\/media\/45233"}],"wp:attachment":[{"href":"https:\/\/portalfloresnoar.com\/floresnoar\/wp-json\/wp\/v2\/media?parent=45232"}],"wp:term":[{"taxonomy":"category","embeddable":true,"href":"https:\/\/portalfloresnoar.com\/floresnoar\/wp-json\/wp\/v2\/categories?post=45232"},{"taxonomy":"post_tag","embeddable":true,"href":"https:\/\/portalfloresnoar.com\/floresnoar\/wp-json\/wp\/v2\/tags?post=45232"}],"curies":[{"name":"wp","href":"https:\/\/api.w.org\/{rel}","templated":true}]}}